{"id":49714,"date":"2022-07-18T13:30:10","date_gmt":"2022-07-18T11:30:10","guid":{"rendered":"https:\/\/www.conselharan.org\/eth-conselh-generau-daran-artenh-eth-compromis-dera-direccion-generau-de-biodiversitat-deth-ministeri-tara-transicion-ecologica-e-repte-demografic-ta-impulsar-era-ramaderia-e-era-bioeconomia\/"},"modified":"2022-07-20T14:09:17","modified_gmt":"2022-07-20T12:09:17","slug":"eth-conselh-generau-daran-artenh-eth-compromis-dera-direccion-generau-de-biodiversitat-deth-ministeri-tara-transicion-ecologica-e-repte-demografic-ta-impulsar-era-ramaderia-e-era-bioeconomia","status":"publish","type":"post","link":"https:\/\/www.conselharan.org\/ca\/eth-conselh-generau-daran-artenh-eth-compromis-dera-direccion-generau-de-biodiversitat-deth-ministeri-tara-transicion-ecologica-e-repte-demografic-ta-impulsar-era-ramaderia-e-era-bioeconomia\/","title":{"rendered":"El Conselh Generau d\u2019Aran aconsegueix el comprom\u00eds de la direcci\u00f3 general de Biodiversitat del Ministeri per a la Transici\u00f3 Ecol\u00f2gica i el Repte Demogr\u00e0fic per a impulsar la ramaderia i la bioeconomia a l\u2019Aran"},"content":{"rendered":"<p>&nbsp;<\/p>\n<p>&nbsp;<\/p>\n<p><a href=\"https:\/\/www.conselharan.org\/wp-content\/uploads\/2022\/07\/Secretaria-Biodiversitat-1.jpg\"><img loading=\"lazy\" decoding=\"async\" class=\"aligncenter wp-image-49705 size-large\" src=\"https:\/\/www.conselharan.org\/wp-content\/uploads\/2022\/07\/Secretaria-Biodiversitat-1-1024x768.jpg\" alt=\"\" width=\"1024\" height=\"768\" srcset=\"https:\/\/www.conselharan.org\/wp-content\/uploads\/2022\/07\/Secretaria-Biodiversitat-1-1024x768.jpg 1024w, https:\/\/www.conselharan.org\/wp-content\/uploads\/2022\/07\/Secretaria-Biodiversitat-1-300x225.jpg 300w, https:\/\/www.conselharan.org\/wp-content\/uploads\/2022\/07\/Secretaria-Biodiversitat-1-768x576.jpg 768w, https:\/\/www.conselharan.org\/wp-content\/uploads\/2022\/07\/Secretaria-Biodiversitat-1-1536x1152.jpg 1536w, https:\/\/www.conselharan.org\/wp-content\/uploads\/2022\/07\/Secretaria-Biodiversitat-1.jpg 2016w\" sizes=\"(max-width: 1024px) 100vw, 1024px\" \/><\/a><\/p>\n<p>&nbsp;<\/p>\n<ul>\n<li><strong>La s\u00edndica d&#8217;Aran, acompanyada pel secretari general per al Repte Demogr\u00e0fic, es va reunir amb la directora general de Biodiversitat per a presentar-li el Pla de Digitalitzaci\u00f3 de la ramaderia que el Conselh Generau d\u2019Aran impulsa a trav\u00e9s del Hub d&#8217;Innovaci\u00f3 H\u00e8Pic i que t\u00e9 com a principal objectiu oferir eines tecnol\u00f2giques als ramaders del territori per a millorar el desenvolupament del seu treball i facilitar la conviv\u00e8ncia amb la fauna salvatge<\/strong><\/li>\n<\/ul>\n<p>La s\u00edndica d&#8217;Aran, Maria Verg\u00e9s, acompanyada pel secretari general per al Repte Demogr\u00e0fic, Paco Boya, va mantenir el passat 29 de juny una reuni\u00f3 amb la directora general de Biodiversitat, Boscos i Desertificaci\u00f3, Mar\u00eda Jes\u00fas Rodr\u00edguez, a qui va presentar el Pla de Digitalitzaci\u00f3 de la ramaderia per a la conviv\u00e8ncia amb els grans carn\u00edvors que el Conselh Generau d\u2019Aran desenvolupa a trav\u00e9s del Hub d&#8217;Innovaci\u00f3 H\u00e8Pic.<\/p>\n<p>\u201cAmb el comprom\u00eds de la direcci\u00f3 general de Biodiversitat avancem per a poder desenvolupar accions d&#8217;innovaci\u00f3 en l&#8217;\u00e0mbit de la ramaderia extensiva, quelcom que des del Conselh Generau ja hem iniciat i que pensem que \u00e9s indispensable per a, d&#8217;una banda, brindar suport als ramaders del territori i, per l&#8217;altra, millorar la conviv\u00e8ncia amb la fauna salvatge\u201d, afirmava la s\u00edndica d&#8217;Aran.<\/p>\n<p>El govern d&#8217;Aran treballa des de fa un temps en aquest Pla de Digitalitzaci\u00f3 a trav\u00e9s de la ubicaci\u00f3 d&#8217;antenes de cobertura LORA en zones remotes de la Val d&#8217;Aran que pateixen una greu falta de connectivitat i amb l&#8217;adquisici\u00f3 de collarets GPS que permeten no nom\u00e9s controlar la ubicaci\u00f3 del bestiar, sin\u00f3 saber en quin estat es troben.<\/p>\n<p>Aquest suport del Ministeri de Transici\u00f3 Ecol\u00f2gica i Repte Demogr\u00e0fic s&#8217;haur\u00e0 de reflectir en un conveni de col\u00b7laboraci\u00f3 en el que ambdues administracions ja treballen i permetr\u00e0 poder desenvolupar i implementar accions d&#8217;innovaci\u00f3 tecnol\u00f2gica en el sector de la ramaderia i impulsar aix\u00ed la bioeconomia i la diversificaci\u00f3 econ\u00f2mica al territori, tal com s&#8217;ha comen\u00e7at a treballar amb el projecte de la gesti\u00f3 forestal. Un projecte en el qual la direcci\u00f3 general ha mostrat inter\u00e8s a brindar suport perqu\u00e8, juntament amb la innovaci\u00f3 en el sector ramader, pugui estendre&#8217;s en altres territoris de l&#8217;Estat.<\/p>\n<h1 style=\"margin-top: 0cm;\"><em><span style=\"font-size: 10.0pt; font-family: 'Lato',sans-serif; font-weight: normal;\">Vielha, 18 de juliol de 2022<\/span><\/em><\/h1>\n ","protected":false},"excerpt":{"rendered":"<p>&nbsp; &nbsp; &nbsp; La s\u00edndica d&#8217;Aran, acompanyada pel secretari general per al Repte Demogr\u00e0fic, es va reunir amb la directora general de Biodiversitat per a presentar-li el Pla de Digitalitzaci\u00f3 de la ramaderia que el Conselh Generau d\u2019Aran impulsa a trav\u00e9s del Hub d&#8217;Innovaci\u00f3 H\u00e8Pic i que t\u00e9 com a principal objectiu oferir eines tecnol\u00f2giques&#8230;<\/p>\n","protected":false},"author":10,"featured_media":49711,"comment_status":"closed","ping_status":"closed","sticky":false,"template":"","format":"standard","meta":{"footnotes":""},"categories":[803,127,33,800],"tags":[],"_links":{"self":[{"href":"https:\/\/www.conselharan.org\/ca\/wp-json\/wp\/v2\/posts\/49714"}],"collection":[{"href":"https:\/\/www.conselharan.org\/ca\/wp-json\/wp\/v2\/posts"}],"about":[{"href":"https:\/\/www.conselharan.org\/ca\/wp-json\/wp\/v2\/types\/post"}],"author":[{"embeddable":true,"href":"https:\/\/www.conselharan.org\/ca\/wp-json\/wp\/v2\/users\/10"}],"replies":[{"embeddable":true,"href":"https:\/\/www.conselharan.org\/ca\/wp-json\/wp\/v2\/comments?post=49714"}],"version-history":[{"count":2,"href":"https:\/\/www.conselharan.org\/ca\/wp-json\/wp\/v2\/posts\/49714\/revisions"}],"predecessor-version":[{"id":49716,"href":"https:\/\/www.conselharan.org\/ca\/wp-json\/wp\/v2\/posts\/49714\/revisions\/49716"}],"wp:featuredmedia":[{"embeddable":true,"href":"https:\/\/www.conselharan.org\/ca\/wp-json\/wp\/v2\/media\/49711"}],"wp:attachment":[{"href":"https:\/\/www.conselharan.org\/ca\/wp-json\/wp\/v2\/media?parent=49714"}],"wp:term":[{"taxonomy":"category","embeddable":true,"href":"https:\/\/www.conselharan.org\/ca\/wp-json\/wp\/v2\/categories?post=49714"},{"taxonomy":"post_tag","embeddable":true,"href":"https:\/\/www.conselharan.org\/ca\/wp-json\/wp\/v2\/tags?post=49714"}],"curies":[{"name":"wp","href":"https:\/\/api.w.org\/{rel}","templated":true}]}}