{"id":49736,"date":"2022-07-20T12:54:19","date_gmt":"2022-07-20T10:54:19","guid":{"rendered":"https:\/\/www.conselharan.org\/es-inscripcions-tara-xxvau-edicion-dera-corsa-e-caminada-des-15-pobles-ja-son-dubertes\/"},"modified":"2022-07-21T12:31:00","modified_gmt":"2022-07-21T10:31:00","slug":"es-inscripcions-tara-xxvau-edicion-dera-corsa-e-caminada-des-15-pobles-ja-son-dubertes","status":"publish","type":"post","link":"https:\/\/www.conselharan.org\/ca\/es-inscripcions-tara-xxvau-edicion-dera-corsa-e-caminada-des-15-pobles-ja-son-dubertes\/","title":{"rendered":"Les inscripcions per la XXVa edici\u00f3 de la Cursa i Caminada dels 15 pobles ja s\u00f3n obertes"},"content":{"rendered":"<h3><\/h3>\n<p>&nbsp;<\/p>\n<p><a href=\"https:\/\/www.conselharan.org\/wp-content\/uploads\/2022\/07\/CART\u00c8L-CORSA-2022.png\"><img loading=\"lazy\" decoding=\"async\" class=\"aligncenter wp-image-49728 size-large\" src=\"https:\/\/www.conselharan.org\/wp-content\/uploads\/2022\/07\/CART\u00c8L-CORSA-2022-724x1024.png\" alt=\"\" width=\"724\" height=\"1024\" srcset=\"https:\/\/www.conselharan.org\/wp-content\/uploads\/2022\/07\/CART\u00c8L-CORSA-2022-724x1024.png 724w, https:\/\/www.conselharan.org\/wp-content\/uploads\/2022\/07\/CART\u00c8L-CORSA-2022-212x300.png 212w, https:\/\/www.conselharan.org\/wp-content\/uploads\/2022\/07\/CART\u00c8L-CORSA-2022-768x1086.png 768w, https:\/\/www.conselharan.org\/wp-content\/uploads\/2022\/07\/CART\u00c8L-CORSA-2022-1086x1536.png 1086w, https:\/\/www.conselharan.org\/wp-content\/uploads\/2022\/07\/CART\u00c8L-CORSA-2022-1448x2048.png 1448w, https:\/\/www.conselharan.org\/wp-content\/uploads\/2022\/07\/CART\u00c8L-CORSA-2022.png 1587w\" sizes=\"(max-width: 724px) 100vw, 724px\" \/><\/a><\/p>\n<p>&nbsp;<\/p>\n<ul>\n<li>\n<h3><strong>Hi ha cinc modalitats diferents amb dist\u00e0ncies i recorreguts per tothom<\/strong><\/h3>\n<\/li>\n<li>\n<h3><strong>La classificaci\u00f3 i mesura de temps d&#8217;aquestes proves es realitza mitjan\u00e7ant el sistema XIP, per tant, el seu us \u00e9s obligatori\u00a0<\/strong><\/h3>\n<\/li>\n<\/ul>\n<p>Un any m\u00e9s, arriba la Cursa i Caminada dels 15 pobles,\u00a0que aquest proper diumenge, 28 d\u2019agost, celebra la seva\u00a0XXVa\u00a0edici\u00f3.<\/p>\n<p>Les inscripcions estan obertes per totes aquelles persones interessades en realitzar aquesta prova i podran fer-se\u00a0online\u00a0a trav\u00e9s de la p\u00e0gina web de la cursa fins les 23:59 hores del 25 d\u2019agost i tamb\u00e9 de forma presencial al Banc Sabadell de Vielha fins les 14:00 hores del mateix dia.<\/p>\n<p>Hi haur\u00e0 tamb\u00e9 inscripcions presencials a la Pla\u00e7a d\u2019Aran el divendres, 26 d\u2019agost, de 17:00 a 20:00 i el dissabte, 27 d\u2019agost, en la Pla\u00e7a d\u2019Aran de 10:00 a 13:00 i de 17:00 a 20:00.<\/p>\n<p>\u00c9s imprescindible que els inscrits menors de 18 anys presentin l\u2019autoritzaci\u00f3 dels seus pares o tutors legals el dia de la recollida de dorsals per poder participar.<\/p>\n<p>En aquest esdeveniment esportiu hi ha un total de cinc modalitats diferents. El track de cada una d\u2019elles es pot consultar\u00a0 <strong><a href=\"https:\/\/www.corsa15pobles.org\/planos-y-perfiles\/\">a la p\u00e0gina web de la cursa<\/a><\/strong><\/p>\n<p><strong><u>Caminada 15 km<\/u><\/strong><\/p>\n<ul>\n<li>830 m de pujada i 730 m de baixada<\/li>\n<li>Sortida a les 09:00 des de Es B\u00f2rdes<\/li>\n<li>Preu inscripci\u00f3: 20 euros fins el 25 d\u2019agost. Preu inscripci\u00f3 presencial el dia 26 i 27 d\u2019agost: 25 euros<\/li>\n<\/ul>\n<p><strong><u>Caminada 5 km<\/u><\/strong><\/p>\n<ul>\n<li>200 m de baixada<\/li>\n<li>Sortida a les 11:00 des de Montcorbau<\/li>\n<li>Preu inscripci\u00f3: 15 euros fins el 25 d\u2019agost. Preu inscripci\u00f3 presencial el dia 26 i 27 d\u2019agost: 20 euros<\/li>\n<\/ul>\n<p><strong><u>Cursa 11 km- Trofeu Arturo Riba<\/u><\/strong><\/p>\n<ul>\n<li>Cursa de 11,2 km amb un desnivell positiu acumulat de 520 m<\/li>\n<li>Sortida a les 09:00 des d\u2019Es B\u00f2rdes<\/li>\n<li>2 pujades fortes<\/li>\n<li>Temps m\u00e0xim per completar la cursa: 4 hores<\/li>\n<li>Avituallaments a P\u00f2nt d\u2019Arr\u00f2s, Betlan i a meta<\/li>\n<li>Dificultat t\u00e8cnica: 5 sobre 10<\/li>\n<li>Preu inscripci\u00f3: 20 euros fins el 25 d\u2019agost. Preu inscripci\u00f3 presencial el dia 26 i 27 d\u2019agost: 25 euros<\/li>\n<\/ul>\n<p><strong><u>Cursa dels 15 pobles<\/u><\/strong><\/p>\n<ul>\n<li>Cursa de 21,5 km<\/li>\n<li>Sortida a les 09:00 des d\u2019Es B\u00f2rdes<\/li>\n<li>1300 m de pujada i 1200 m de baixada<\/li>\n<li>Temps m\u00e0xim per completar la cursa: 5 hores<\/li>\n<li>3 pujades fortes<\/li>\n<li>Avituallaments a Arres, Vilam\u00f2s, P\u00f2nt d\u2019Arr\u00f2s, Vila, Betlan, Mont i a meta.<\/li>\n<li>Preu inscripci\u00f3: 25 euros fins el 25 d\u2019agost. Preu inscripci\u00f3 presencial el dia 26 i 27 d\u2019agost: 30 euros<\/li>\n<\/ul>\n<p><strong><u>Cursa- Trofeu Roland Gin\u00e9<\/u><\/strong><\/p>\n<ul>\n<li>Cursa juvenil de muntanya de recorregut curt. 5 km, 200 m de baixada<\/li>\n<li>Es poden inscriure (amb autoritzaci\u00f3 dels pares\/ tutors legals) els nois i noies nascuts entre 2005 i 2016, abdos inclosos (De 6 a 17 anys)<\/li>\n<li>Sortida a les 11:00 a Montcorbau<\/li>\n<li>Preu inscripci\u00f3: 15 euros fins el 25 d\u2019agost. Preu inscripci\u00f3 presencial el dia 26 i 27 d\u2019agost: 20 euros.<\/li>\n<\/ul>\n<p>La classificaci\u00f3 i mesura dels temps d\u2019aquestes proves es realitza mitjan\u00e7ant el sistema de xip, per tant, el seu \u00fas \u00e9s obligatori.<\/p>\n<p>&nbsp;<\/p>\n ","protected":false},"excerpt":{"rendered":"<p>&nbsp; &nbsp; Hi ha cinc modalitats diferents amb dist\u00e0ncies i recorreguts per tothom La classificaci\u00f3 i mesura de temps d&#8217;aquestes proves es realitza mitjan\u00e7ant el sistema XIP, per tant, el seu us \u00e9s obligatori\u00a0 Un any m\u00e9s, arriba la Cursa i Caminada dels 15 pobles,\u00a0que aquest proper diumenge, 28 d\u2019agost, celebra la seva\u00a0XXVa\u00a0edici\u00f3. Les inscripcions&#8230;<\/p>\n","protected":false},"author":10,"featured_media":49732,"comment_status":"closed","ping_status":"closed","sticky":false,"template":"","format":"standard","meta":{"footnotes":""},"categories":[136,33],"tags":[],"_links":{"self":[{"href":"https:\/\/www.conselharan.org\/ca\/wp-json\/wp\/v2\/posts\/49736"}],"collection":[{"href":"https:\/\/www.conselharan.org\/ca\/wp-json\/wp\/v2\/posts"}],"about":[{"href":"https:\/\/www.conselharan.org\/ca\/wp-json\/wp\/v2\/types\/post"}],"author":[{"embeddable":true,"href":"https:\/\/www.conselharan.org\/ca\/wp-json\/wp\/v2\/users\/10"}],"replies":[{"embeddable":true,"href":"https:\/\/www.conselharan.org\/ca\/wp-json\/wp\/v2\/comments?post=49736"}],"version-history":[{"count":4,"href":"https:\/\/www.conselharan.org\/ca\/wp-json\/wp\/v2\/posts\/49736\/revisions"}],"predecessor-version":[{"id":49747,"href":"https:\/\/www.conselharan.org\/ca\/wp-json\/wp\/v2\/posts\/49736\/revisions\/49747"}],"wp:featuredmedia":[{"embeddable":true,"href":"https:\/\/www.conselharan.org\/ca\/wp-json\/wp\/v2\/media\/49732"}],"wp:attachment":[{"href":"https:\/\/www.conselharan.org\/ca\/wp-json\/wp\/v2\/media?parent=49736"}],"wp:term":[{"taxonomy":"category","embeddable":true,"href":"https:\/\/www.conselharan.org\/ca\/wp-json\/wp\/v2\/categories?post=49736"},{"taxonomy":"post_tag","embeddable":true,"href":"https:\/\/www.conselharan.org\/ca\/wp-json\/wp\/v2\/tags?post=49736"}],"curies":[{"name":"wp","href":"https:\/\/api.w.org\/{rel}","templated":true}]}}