{"id":49818,"date":"2022-07-23T09:41:24","date_gmt":"2022-07-23T07:41:24","guid":{"rendered":"https:\/\/www.conselharan.org\/22-ans-de-colonies-dera-associacion-contra-eth-cancer-en-aran\/"},"modified":"2022-07-27T11:42:21","modified_gmt":"2022-07-27T09:42:21","slug":"22-ans-de-colonies-dera-associacion-contra-eth-cancer-en-aran","status":"publish","type":"post","link":"https:\/\/www.conselharan.org\/ca\/22-ans-de-colonies-dera-associacion-contra-eth-cancer-en-aran\/","title":{"rendered":"22 anys de col\u00f2nies de l\u2019Associaci\u00f3 Contra el C\u00e0ncer a l\u2019Aran"},"content":{"rendered":"<p><a href=\"https:\/\/www.conselharan.org\/wp-content\/uploads\/2022\/07\/20220718_164919-scaled.jpg\"><img loading=\"lazy\" decoding=\"async\" class=\"aligncenter wp-image-49813 size-large\" src=\"https:\/\/www.conselharan.org\/wp-content\/uploads\/2022\/07\/20220718_164919-1024x768.jpg\" alt=\"\" width=\"1024\" height=\"768\" srcset=\"https:\/\/www.conselharan.org\/wp-content\/uploads\/2022\/07\/20220718_164919-1024x768.jpg 1024w, https:\/\/www.conselharan.org\/wp-content\/uploads\/2022\/07\/20220718_164919-300x225.jpg 300w, https:\/\/www.conselharan.org\/wp-content\/uploads\/2022\/07\/20220718_164919-768x576.jpg 768w, https:\/\/www.conselharan.org\/wp-content\/uploads\/2022\/07\/20220718_164919-1536x1152.jpg 1536w, https:\/\/www.conselharan.org\/wp-content\/uploads\/2022\/07\/20220718_164919-2048x1536.jpg 2048w\" sizes=\"(max-width: 1024px) 100vw, 1024px\" \/><\/a><\/p>\n<p>&nbsp;<\/p>\n<ul>\n<li><strong>La sindica d\u2019Aran va visitar el passat dilluns les col\u00f2nies per a nens i nenes oncol\u00f2gics que organitza l\u2019Associaci\u00f3 Contra el C\u00e0ncer a la Val d\u2019Aran i es va reunir amb el president de l\u2019associaci\u00f3 en l\u2019\u00e0mbit estatal. <\/strong><\/li>\n<\/ul>\n<p>Del 17 al 23 de juny s\u2019han dut a t\u00e8rme a l\u2019Alberg Era Garona de Salard\u00fa les col\u00f2nies per a nens i nenes amb c\u00e0ncer que desde fa 22 anys organitza l\u2019Associaci\u00f3 Contra el C\u00e0ncer a trav\u00e9s de les seves delegacions a Lleida i Aran.<\/p>\n<p>Aquestes col\u00f2nies, orientades a millorar la qualitat de vida dels nens i nenes malalts de c\u00e0ncer, estan pensades per afavorir la seva\u00a0expressi\u00f3\u00a0emocional i la millora de la seva autoestima i\u00a0independ\u00e8ncia. Compten amb una \u00e0mplia varietat d&#8217;activitats d&#8217;oci relacionades amb l&#8217;entorn i la natura com\u00a0l&#8217;h\u00edpica, el\u00a0r\u00e0fting\u00a0o l&#8217;acampada en un refugi de muntanya, entre moltes altres.<\/p>\n<p>El Conselh Generau d\u2019Aran col\u00b7labora en aquesta iniciativa des del seu inici conscient de l\u2019impacte positiu que han brindat tant als nens com a les seves fam\u00edlies.<\/p>\n<p>La sindica d\u2019Aran, Maria Verg\u00e9s, visitava el passat dilluns aquests campaments on es va reunir amb el president de la AECC a Espa\u00f1a, Ram\u00f3n Reyes, amb qui va \u00a0poder compartir aquesta visita, on es van empla\u00e7ar a continuar col\u00b7laborant en aquelles iniciatives que l\u2019associaci\u00f3, a trav\u00e9s de la seva junta a l\u2019Aran, dugui a terme al nostre territori.<\/p>\n<p>En aquest sentit, el Conselh Generau d\u2019Aran ve de firmar un acord de col\u00b7laboraci\u00f3 amb l\u2019Associaci\u00f3 contra el C\u00e0ncer de Lleida per donar suport als pacients i fam\u00edlies de la Val d\u2019Aran.<\/p>\n<p><em>Vielha, 23 de juliol de 2022<\/em><\/p>\n ","protected":false},"excerpt":{"rendered":"<p>&nbsp; La sindica d\u2019Aran va visitar el passat dilluns les col\u00f2nies per a nens i nenes oncol\u00f2gics que organitza l\u2019Associaci\u00f3 Contra el C\u00e0ncer a la Val d\u2019Aran i es va reunir amb el president de l\u2019associaci\u00f3 en l\u2019\u00e0mbit estatal. Del 17 al 23 de juny s\u2019han dut a t\u00e8rme a l\u2019Alberg Era Garona de Salard\u00fa&#8230;<\/p>\n","protected":false},"author":10,"featured_media":49814,"comment_status":"closed","ping_status":"closed","sticky":false,"template":"","format":"standard","meta":{"footnotes":""},"categories":[33,797],"tags":[],"_links":{"self":[{"href":"https:\/\/www.conselharan.org\/ca\/wp-json\/wp\/v2\/posts\/49818"}],"collection":[{"href":"https:\/\/www.conselharan.org\/ca\/wp-json\/wp\/v2\/posts"}],"about":[{"href":"https:\/\/www.conselharan.org\/ca\/wp-json\/wp\/v2\/types\/post"}],"author":[{"embeddable":true,"href":"https:\/\/www.conselharan.org\/ca\/wp-json\/wp\/v2\/users\/10"}],"replies":[{"embeddable":true,"href":"https:\/\/www.conselharan.org\/ca\/wp-json\/wp\/v2\/comments?post=49818"}],"version-history":[{"count":2,"href":"https:\/\/www.conselharan.org\/ca\/wp-json\/wp\/v2\/posts\/49818\/revisions"}],"predecessor-version":[{"id":49820,"href":"https:\/\/www.conselharan.org\/ca\/wp-json\/wp\/v2\/posts\/49818\/revisions\/49820"}],"wp:featuredmedia":[{"embeddable":true,"href":"https:\/\/www.conselharan.org\/ca\/wp-json\/wp\/v2\/media\/49814"}],"wp:attachment":[{"href":"https:\/\/www.conselharan.org\/ca\/wp-json\/wp\/v2\/media?parent=49818"}],"wp:term":[{"taxonomy":"category","embeddable":true,"href":"https:\/\/www.conselharan.org\/ca\/wp-json\/wp\/v2\/categories?post=49818"},{"taxonomy":"post_tag","embeddable":true,"href":"https:\/\/www.conselharan.org\/ca\/wp-json\/wp\/v2\/tags?post=49818"}],"curies":[{"name":"wp","href":"https:\/\/api.w.org\/{rel}","templated":true}]}}