{"id":49846,"date":"2022-07-26T14:11:15","date_gmt":"2022-07-26T12:11:15","guid":{"rendered":"https:\/\/www.conselharan.org\/28au-corsa-daran-per-sa-lengua\/"},"modified":"2022-07-27T12:11:31","modified_gmt":"2022-07-27T10:11:31","slug":"28au-corsa-daran-per-sa-lengua","status":"publish","type":"post","link":"https:\/\/www.conselharan.org\/ca\/28au-corsa-daran-per-sa-lengua\/","title":{"rendered":"28a Cursa d\u2019Aran per sa Lengua"},"content":{"rendered":"<p><a href=\"https:\/\/www.conselharan.org\/wp-content\/uploads\/2022\/07\/IMG-20210925-WA0030.jpg\"><img loading=\"lazy\" decoding=\"async\" class=\"aligncenter wp-image-49838 size-large\" src=\"https:\/\/www.conselharan.org\/wp-content\/uploads\/2022\/07\/IMG-20210925-WA0030-1024x768.jpg\" alt=\"\" width=\"1024\" height=\"768\" srcset=\"https:\/\/www.conselharan.org\/wp-content\/uploads\/2022\/07\/IMG-20210925-WA0030-1024x768.jpg 1024w, https:\/\/www.conselharan.org\/wp-content\/uploads\/2022\/07\/IMG-20210925-WA0030-300x225.jpg 300w, https:\/\/www.conselharan.org\/wp-content\/uploads\/2022\/07\/IMG-20210925-WA0030-768x576.jpg 768w, https:\/\/www.conselharan.org\/wp-content\/uploads\/2022\/07\/IMG-20210925-WA0030-1536x1153.jpg 1536w, https:\/\/www.conselharan.org\/wp-content\/uploads\/2022\/07\/IMG-20210925-WA0030.jpg 1599w\" sizes=\"(max-width: 1024px) 100vw, 1024px\" \/><\/a><\/p>\n<p>&nbsp;<\/p>\n<ul>\n<li>\n<h3><strong>Aquest pr\u00f3xim 31 de juliol se celebra la 28a Cursa d\u2019Aran per sa Lengua, la festa de la llengua aranesa. <\/strong><\/h3>\n<\/li>\n<\/ul>\n<p>Tots els racons de la Val d\u2019Aran tonraran a ajuntar-se un any m\u00e9s per celebrar la reivindicaci\u00f3 de l\u2019\u00fas de l\u2019aran\u00e9s a la 28a Cursa d\u2019Aran per sa Lengua que tindr\u00e0 lloc aquest 31 de juliol. Una jornada festiva i esportiva amb una clara finalitat, defendre la llengua i la cultura pr\u00f2pia del pa\u00eds.<\/p>\n<p>Despr\u00e9s de dos anys condicionats per la COVID-19, la cursa, organitzada pel col\u00b7lectiu Lengua Viua des de l\u2019any 1993, finalitzar\u00e0 el seu recorregut a la pla\u00e7a d\u2019Aran de Vielha cap a les 19 hores, despr\u00e9s que els corredors i corredores, aix\u00ed com els i les caminaires,\u00a0 hagin vingut des de Montgarri, Tred\u00f3s, Les i el Port de Vielha.<\/p>\n<p>Els participants arribaran a la pla\u00e7a d\u2019Aran despr\u00e9s de passejar els ter\u00e7ons, engalanats amb la bandera aranesa, en representaci\u00f3 de tots els territoris de la Val d\u2019Aran. Durant l\u2019acte, es realitzaran els tradicionals parlaments i entrega del Premi Lengua Viua. A m\u00e9s, tamb\u00e9 s\u2019entregar\u00e0 el premi al disseny de la samarreta escollida pel col\u00b7lectiu. Per concloure, es tancar\u00e0 la jornada amb l\u2019actuaci\u00f3 del conjunt musical Nadau.<\/p>\n<p>&nbsp;<\/p>\n<p><strong>Venta de samarretes:<\/strong><\/p>\n<p>Dimecres 27 a Salard\u00fa, davant de l\u2019oficina de turisme de Salard\u00fa, de 17 a 19 hores.<\/p>\n<p>Dijous 28, divendres 29 i dissabte 30 a Vielha, a les cobertes de l\u2019Ajuntament de Vielha, de 18 a 21 hores.<\/p>\n<p>&nbsp;<\/p>\n<p><strong>ORARI DE LA CURSA D\u2019ARAN PER SA LENGUA<\/strong><\/p>\n<p>Sortida lliure per passar el Port de Vielha i reuni\u00f3 dels que l\u2019hagin fet al prat de Tishineret a les 18:30 hores<\/p>\n<ul>\n<li>11:30 hores &#8211; Sortida des de Les (caminant)<\/li>\n<li>11:30 hores &#8211; Sortida des de Montgarri (caminant)<\/li>\n<li>12:15 hores &#8211; Parada a Boss\u00f2st, pla\u00e7a de l\u2019Esgl\u00e9sia<\/li>\n<li>14:00 hores &#8211; Sortida des de Tred\u00f2s (caminant)<\/li>\n<li>14:30 hores &#8211; Es B\u00f2rdes, menjar tots junts, cadascun amb moxilla propia<\/li>\n<li>14:30 hores &#8211; Unha, menjar tots junts, cadascun amb moxilla propia<\/li>\n<li>16:30 hores &#8211; Sortida d\u2019Es B\u00f2rdes<\/li>\n<li>16:30 hores &#8211; Sortida d\u2019Unha<\/li>\n<li>16:30 hores &#8211; Sortida des de Montgarri (corrent)<\/li>\n<li>17:45 hores &#8211; Sortida d\u2019Arties, pla\u00e7a Urtau<\/li>\n<li>19:00 hores &#8211; Arribada a la pla\u00e7a d\u2019Aran de Vielha. \u00a0 Entrega del Premi Lengua Viua<\/li>\n<li>19:15 hores &#8211; Concert del grup Nadau<\/li>\n<\/ul>\n<p><em>Vielha, 26 de juliol de 2022<\/em><\/p>\n ","protected":false},"excerpt":{"rendered":"<p>&nbsp; Aquest pr\u00f3xim 31 de juliol se celebra la 28a Cursa d\u2019Aran per sa Lengua, la festa de la llengua aranesa. Tots els racons de la Val d\u2019Aran tonraran a ajuntar-se un any m\u00e9s per celebrar la reivindicaci\u00f3 de l\u2019\u00fas de l\u2019aran\u00e9s a la 28a Cursa d\u2019Aran per sa Lengua que tindr\u00e0 lloc aquest 31&#8230;<\/p>\n","protected":false},"author":10,"featured_media":49842,"comment_status":"closed","ping_status":"closed","sticky":false,"template":"","format":"standard","meta":{"footnotes":""},"categories":[794,133,33],"tags":[],"_links":{"self":[{"href":"https:\/\/www.conselharan.org\/ca\/wp-json\/wp\/v2\/posts\/49846"}],"collection":[{"href":"https:\/\/www.conselharan.org\/ca\/wp-json\/wp\/v2\/posts"}],"about":[{"href":"https:\/\/www.conselharan.org\/ca\/wp-json\/wp\/v2\/types\/post"}],"author":[{"embeddable":true,"href":"https:\/\/www.conselharan.org\/ca\/wp-json\/wp\/v2\/users\/10"}],"replies":[{"embeddable":true,"href":"https:\/\/www.conselharan.org\/ca\/wp-json\/wp\/v2\/comments?post=49846"}],"version-history":[{"count":2,"href":"https:\/\/www.conselharan.org\/ca\/wp-json\/wp\/v2\/posts\/49846\/revisions"}],"predecessor-version":[{"id":49848,"href":"https:\/\/www.conselharan.org\/ca\/wp-json\/wp\/v2\/posts\/49846\/revisions\/49848"}],"wp:featuredmedia":[{"embeddable":true,"href":"https:\/\/www.conselharan.org\/ca\/wp-json\/wp\/v2\/media\/49842"}],"wp:attachment":[{"href":"https:\/\/www.conselharan.org\/ca\/wp-json\/wp\/v2\/media?parent=49846"}],"wp:term":[{"taxonomy":"category","embeddable":true,"href":"https:\/\/www.conselharan.org\/ca\/wp-json\/wp\/v2\/categories?post=49846"},{"taxonomy":"post_tag","embeddable":true,"href":"https:\/\/www.conselharan.org\/ca\/wp-json\/wp\/v2\/tags?post=49846"}],"curies":[{"name":"wp","href":"https:\/\/api.w.org\/{rel}","templated":true}]}}