{"id":49886,"date":"2022-07-28T12:47:14","date_gmt":"2022-07-28T10:47:14","guid":{"rendered":"https:\/\/www.conselharan.org\/duberta-era-convocatoria-entas-ajuts-leader-2\/"},"modified":"2022-07-28T12:51:07","modified_gmt":"2022-07-28T10:51:07","slug":"duberta-era-convocatoria-entas-ajuts-leader-2","status":"publish","type":"post","link":"https:\/\/www.conselharan.org\/ca\/duberta-era-convocatoria-entas-ajuts-leader-2\/","title":{"rendered":"Oberta la convocat\u00f2ria pels ajuts \u201cLeader\u201d"},"content":{"rendered":"<p><a href=\"https:\/\/www.conselharan.org\/wp-content\/uploads\/2022\/07\/Imatge-VdA.jpeg\"><img loading=\"lazy\" decoding=\"async\" class=\"aligncenter wp-image-49881 size-large\" src=\"https:\/\/www.conselharan.org\/wp-content\/uploads\/2022\/07\/Imatge-VdA-801x1024.jpeg\" alt=\"\" width=\"801\" height=\"1024\" srcset=\"https:\/\/www.conselharan.org\/wp-content\/uploads\/2022\/07\/Imatge-VdA-801x1024.jpeg 801w, https:\/\/www.conselharan.org\/wp-content\/uploads\/2022\/07\/Imatge-VdA-235x300.jpeg 235w, https:\/\/www.conselharan.org\/wp-content\/uploads\/2022\/07\/Imatge-VdA-768x982.jpeg 768w, https:\/\/www.conselharan.org\/wp-content\/uploads\/2022\/07\/Imatge-VdA-1202x1536.jpeg 1202w, https:\/\/www.conselharan.org\/wp-content\/uploads\/2022\/07\/Imatge-VdA.jpeg 1459w\" sizes=\"(max-width: 801px) 100vw, 801px\" \/><\/a><\/p>\n<p>&nbsp;<\/p>\n<ul>\n<li>\n<h3><strong>Els ajuts \u201cLeader\u201d van destinats a la creaci\u00f3, desenvolupament i millora d\u2019empreses i ajuntaments d\u2019entorns rurals i es poden sol\u00b7licitar fins al 30 de setembre.<\/strong><\/h3>\n<\/li>\n<\/ul>\n<p>Ja est\u00e0 oberta la convocat\u00f2ria pels ajuts europeus &#8220;Leader&#8221;, de les que es podr\u00e0 beneficiar totes les empreses i ajuntaments de la\u00a0Val d&#8217;Aran\u00a0interessats\u00a0a\u00a0impulsar un projecte empresarial generador d&#8217;activitat econ\u00f2mica al territori.<\/p>\n<p>El Departament d&#8217;Acci\u00f3 Clim\u00e0tica, Alimentaci\u00f3 i Agenda Rural (DACC) de la Generalitat de Catalunya va seleccionar 11 Grups d&#8217;Acci\u00f3 Local (GAL)\u00a0Leader\u00a0en el marc del Programa de Desenvolupament Rural (PDR) de Catalunya 2014-2020, pr\u00f2rroga\u00a0fins al\u00a02022.<\/p>\n<p>Un dels objectius principals dels GAL\u00a0\u00e9s\u00a0la dinamitzaci\u00f3 territorial i la divulgaci\u00f3 dels seus projectes m\u00e9s estrat\u00e8gics i bones pr\u00e0ctiques, unit amb la gesti\u00f3 dels ajuts que convoca anualment el\u00a0DARP\u00a0per fomentar la realitzaci\u00f3 d&#8217;inversions que generin activitat econ\u00f2mica a les zones rurals i fomentar la creaci\u00f3\u00a0i\/o\u00a0manteniment de llocs de treball, principalment per dones i joves, en accions de millora dels processos de transformaci\u00f3 i comercialitzaci\u00f3 dels productes agraris, creaci\u00f3 i desenvolupament de microempreses, foment d&#8217;activitats tur\u00edstiques i conservaci\u00f3 i millora del patrimoni rural i natural.<\/p>\n<p>El termini de presentaci\u00f3 dels ajuts finalitzar\u00e0 el 30 de setembre de 2022. Les persones interessades\u00a0a\u00a0informar-se sobre aquestes subvencions\u00a0hauran de\u00a0demanar hora amb Gerard Castellarnau o amb Judit Jaquet a la seu del\u00a0Conselh\u00a0Generau\u00a0d&#8217;Aran o b\u00e9 per correu (j.jaquet@aran.org) o al tel. 973 64 18 01.<\/p>\n<p>A m\u00e9s. El pr\u00f2xim 4 d&#8217;agost a les 11 hores tindr\u00e0 lloc una sessi\u00f3 informativa sobre els ajuts\u00a0Leader\u00a02022 a la seu del\u00a0Conselh\u00a0Generau\u00a0d&#8217;Aran, que tamb\u00e9 es podr\u00e0 seguir via telem\u00e0tica a trav\u00e9s del seg\u00fcent enlla\u00e7:\u00a0<a href=\"https:\/\/us02web.zoom.us\/j\/85269046482\">https:\/\/us02web.zoom.us\/j\/85269046482<\/a><\/p>\n<h1 style=\"margin-top: 0cm;\"><i><span style=\"font-size: 10.0pt; font-family: 'Lato',sans-serif; font-weight: normal;\">Vielha, 28 de juliol de 2022<\/span><\/i><\/h1>\n ","protected":false},"excerpt":{"rendered":"<p>&nbsp; Els ajuts \u201cLeader\u201d van destinats a la creaci\u00f3, desenvolupament i millora d\u2019empreses i ajuntaments d\u2019entorns rurals i es poden sol\u00b7licitar fins al 30 de setembre. Ja est\u00e0 oberta la convocat\u00f2ria pels ajuts europeus &#8220;Leader&#8221;, de les que es podr\u00e0 beneficiar totes les empreses i ajuntaments de la\u00a0Val d&#8217;Aran\u00a0interessats\u00a0a\u00a0impulsar un projecte empresarial generador d&#8217;activitat econ\u00f2mica&#8230;<\/p>\n","protected":false},"author":10,"featured_media":49882,"comment_status":"closed","ping_status":"closed","sticky":false,"template":"","format":"standard","meta":{"footnotes":""},"categories":[33],"tags":[],"_links":{"self":[{"href":"https:\/\/www.conselharan.org\/ca\/wp-json\/wp\/v2\/posts\/49886"}],"collection":[{"href":"https:\/\/www.conselharan.org\/ca\/wp-json\/wp\/v2\/posts"}],"about":[{"href":"https:\/\/www.conselharan.org\/ca\/wp-json\/wp\/v2\/types\/post"}],"author":[{"embeddable":true,"href":"https:\/\/www.conselharan.org\/ca\/wp-json\/wp\/v2\/users\/10"}],"replies":[{"embeddable":true,"href":"https:\/\/www.conselharan.org\/ca\/wp-json\/wp\/v2\/comments?post=49886"}],"version-history":[{"count":1,"href":"https:\/\/www.conselharan.org\/ca\/wp-json\/wp\/v2\/posts\/49886\/revisions"}],"predecessor-version":[{"id":49887,"href":"https:\/\/www.conselharan.org\/ca\/wp-json\/wp\/v2\/posts\/49886\/revisions\/49887"}],"wp:featuredmedia":[{"embeddable":true,"href":"https:\/\/www.conselharan.org\/ca\/wp-json\/wp\/v2\/media\/49882"}],"wp:attachment":[{"href":"https:\/\/www.conselharan.org\/ca\/wp-json\/wp\/v2\/media?parent=49886"}],"wp:term":[{"taxonomy":"category","embeddable":true,"href":"https:\/\/www.conselharan.org\/ca\/wp-json\/wp\/v2\/categories?post=49886"},{"taxonomy":"post_tag","embeddable":true,"href":"https:\/\/www.conselharan.org\/ca\/wp-json\/wp\/v2\/tags?post=49886"}],"curies":[{"name":"wp","href":"https:\/\/api.w.org\/{rel}","templated":true}]}}