{"id":49912,"date":"2022-07-29T15:09:33","date_gmt":"2022-07-29T13:09:33","guid":{"rendered":"https:\/\/www.conselharan.org\/?p=49912"},"modified":"2022-07-29T15:10:12","modified_gmt":"2022-07-29T13:10:12","slug":"el-conselh-generau-aposta-fermament-per-limpuls-de-la-bicicleta-com-producte-turistic","status":"publish","type":"post","link":"https:\/\/www.conselharan.org\/ca\/el-conselh-generau-aposta-fermament-per-limpuls-de-la-bicicleta-com-producte-turistic\/","title":{"rendered":"El Conselh Generau aposta fermament per l\u2019impuls de la bicicleta com producte tur\u00edstic"},"content":{"rendered":"<p><a href=\"https:\/\/www.conselharan.org\/wp-content\/uploads\/2022\/07\/IMG_7349.jpg\"><img loading=\"lazy\" decoding=\"async\" class=\"aligncenter wp-image-49909 size-large\" src=\"https:\/\/www.conselharan.org\/wp-content\/uploads\/2022\/07\/IMG_7349-1024x768.jpg\" alt=\"\" width=\"1024\" height=\"768\" srcset=\"https:\/\/www.conselharan.org\/wp-content\/uploads\/2022\/07\/IMG_7349-1024x768.jpg 1024w, https:\/\/www.conselharan.org\/wp-content\/uploads\/2022\/07\/IMG_7349-300x225.jpg 300w, https:\/\/www.conselharan.org\/wp-content\/uploads\/2022\/07\/IMG_7349-768x576.jpg 768w, https:\/\/www.conselharan.org\/wp-content\/uploads\/2022\/07\/IMG_7349-1536x1152.jpg 1536w, https:\/\/www.conselharan.org\/wp-content\/uploads\/2022\/07\/IMG_7349-2048x1536.jpg 2048w\" sizes=\"(max-width: 1024px) 100vw, 1024px\" \/><\/a><\/p>\n<ul>\n<li>\n<h3><strong>El Conselh Generau d\u2019Aran ha realitzat una reestructuraci\u00f3 de la seva oferta tur\u00edstica ficant la bicicleta com un dels pilars m\u00e9s importants del seu Pla de Sostenibilitat Tur\u00edstica.<\/strong><\/h3>\n<\/li>\n<\/ul>\n<p>Seguint les l\u00ednies estrat\u00e8giques establertes pel Pla de Sostenibilitat Tur\u00edstica de la Val d\u2019Aran, el Conselh Generau d\u2019Aran ha redissenyat la seva oferta tur\u00edstica orientant els seus esfor\u00e7os en desenvolupar els instruments necessaris per poder posicionar el nostre territori com una destinaci\u00f3 de refer\u00e8ncia en el sector de la bicicleta.<\/p>\n<p>La reestructuraci\u00f3 del producte tur\u00edstic \u201cbicicleta\u201d compta amb una s\u00e8rie d\u2019accions encaminades a afavorir l\u2019\u00fas de la bicicleta com una alternativa sostenible al transport tradicional i contaminant, aix\u00ed com l\u2019impuls d\u2019una pr\u00e0ctica esportiva saludable per a tots els p\u00fablics i que es pot compaginar perfectament amb la resta de productes tur\u00edstics que ofereix la Val d\u2019Aran (Cultura, Gastronomia, Comer\u00e7 Local, entre altres).<\/p>\n<p>En aquest sentit, la reorganitzaci\u00f3 es tradueix en l\u2019establiment de 4 subproductes que es divideixen en funci\u00f3 de la modalitat ciclista. D\u2019aquesta manera, trobem 3 modalitats de bicicleta de muntanya i una de bicicleta de carretera.<\/p>\n<ul>\n<li>MTB Gravel i MTB Familiar &amp; Ebike, pensats perqu\u00e8 tots els p\u00fablics puguin gaudir de la muntanya en bicicleta i, despr\u00e9s, Trail Enduro, pels que ja tenen una mica m\u00e9s de nivell i busquen reptes i emocions una mica m\u00e9s fortes. Les rutes d\u2019aquestes disciplines estan estructurades en 8 sectors per tot l\u2019Aran (Toran, Margalida, Entecada, Baricauba, Salient, Tuca, Mont-Romies i Baqueira). Agrupen un total de 50 propostes que sumen 1051 km de rutes senyalitzades.<\/li>\n<\/ul>\n<p>&nbsp;<\/p>\n<ul>\n<li>Cicloturisme, rutes pensades per gaudir amb la bici de carretera, trobem 16 ports de muntanya d\u2019entre els quals 8 estan senyalitzats. Aquesta \u00e9s una modalitat que es treballa per aprofitar les oportunitats dels diferents nivells de percentatges de pendents que ofereix la Val d\u2019Aran.<\/li>\n<\/ul>\n<p>L\u2019establiment d\u2019aquest nou sistema d\u2019ordenaci\u00f3 de l\u2019oferta ciclista ve de la m\u00e0 de la implementaci\u00f3 d\u2019una nova forma de senyalitzaci\u00f3 de camins i rutes, categoritzat utilitzant una escala de colors que permetr\u00e0 als usuaris seleccionar el recorregut que volen fer en funci\u00f3 del seu nivell t\u00e8cnic, dificultat i dist\u00e0ncies del recorregut. Tota aquesta informaci\u00f3 tamb\u00e9 est\u00e0 disponible a les plataformes digitals vinculades al Conselh Generau, com la mateixa p\u00e0gina web o a l\u2019aplicaci\u00f3 tur\u00edstica Guidaran, aix\u00ed com a les plataformes especialitzades com Wikiloc o TrailForks.<\/p>\n<p>A m\u00e9s a m\u00e9s, per potenciar el descobriment i \u00fas de tots els sectors ciclistes de la zona, a partir de l\u20191 d\u2019agost i fins al 31 del mateix mes, s\u2019introduir\u00e0 una l\u00ednia extra de bus habilitada per les bicicletes que anir\u00e0 de Les fins a Beret cobrint tota l\u2019extensi\u00f3 del territori.<\/p>\n<h1 style=\"margin-top: 0cm;\"><i><span style=\"font-size: 10.0pt; font-family: 'Lato',sans-serif; font-weight: normal;\">Vielha, 29 de juliol de 2022<\/span><\/i><\/h1>\n ","protected":false},"excerpt":{"rendered":"<p>El Conselh Generau d\u2019Aran ha realitzat una reestructuraci\u00f3 de la seva oferta tur\u00edstica ficant la bicicleta com un dels pilars m\u00e9s importants del seu Pla de Sostenibilitat Tur\u00edstica. Seguint les l\u00ednies estrat\u00e8giques establertes pel Pla de Sostenibilitat Tur\u00edstica de la Val d\u2019Aran, el Conselh Generau d\u2019Aran ha redissenyat la seva oferta tur\u00edstica orientant els seus&#8230;<\/p>\n","protected":false},"author":10,"featured_media":49909,"comment_status":"closed","ping_status":"closed","sticky":false,"template":"","format":"standard","meta":{"footnotes":""},"categories":[33,139],"tags":[],"_links":{"self":[{"href":"https:\/\/www.conselharan.org\/ca\/wp-json\/wp\/v2\/posts\/49912"}],"collection":[{"href":"https:\/\/www.conselharan.org\/ca\/wp-json\/wp\/v2\/posts"}],"about":[{"href":"https:\/\/www.conselharan.org\/ca\/wp-json\/wp\/v2\/types\/post"}],"author":[{"embeddable":true,"href":"https:\/\/www.conselharan.org\/ca\/wp-json\/wp\/v2\/users\/10"}],"replies":[{"embeddable":true,"href":"https:\/\/www.conselharan.org\/ca\/wp-json\/wp\/v2\/comments?post=49912"}],"version-history":[{"count":1,"href":"https:\/\/www.conselharan.org\/ca\/wp-json\/wp\/v2\/posts\/49912\/revisions"}],"predecessor-version":[{"id":49922,"href":"https:\/\/www.conselharan.org\/ca\/wp-json\/wp\/v2\/posts\/49912\/revisions\/49922"}],"wp:featuredmedia":[{"embeddable":true,"href":"https:\/\/www.conselharan.org\/ca\/wp-json\/wp\/v2\/media\/49909"}],"wp:attachment":[{"href":"https:\/\/www.conselharan.org\/ca\/wp-json\/wp\/v2\/media?parent=49912"}],"wp:term":[{"taxonomy":"category","embeddable":true,"href":"https:\/\/www.conselharan.org\/ca\/wp-json\/wp\/v2\/categories?post=49912"},{"taxonomy":"post_tag","embeddable":true,"href":"https:\/\/www.conselharan.org\/ca\/wp-json\/wp\/v2\/tags?post=49912"}],"curies":[{"name":"wp","href":"https:\/\/api.w.org\/{rel}","templated":true}]}}