{"id":4992,"date":"2014-09-30T11:02:25","date_gmt":"2014-09-30T09:02:25","guid":{"rendered":"http:\/\/www.conselharan.org\/?p=4992"},"modified":"2014-09-30T11:02:25","modified_gmt":"2014-09-30T09:02:25","slug":"el-conselh-generau-daran-rep-al-bilbao-basket-equip-de-la-lliga-acb","status":"publish","type":"post","link":"https:\/\/www.conselharan.org\/ca\/el-conselh-generau-daran-rep-al-bilbao-basket-equip-de-la-lliga-acb\/","title":{"rendered":"El Conselh Generau d&#8217;Aran rep al Bilbao Basket, equip de la Lliga ACB"},"content":{"rendered":"<p><strong>La plantilla i el cos t\u00e8cnic han estat rebuts pel vicesindic primer d&#8217;Aran, Luis Carlos Medina, i per la conselh\u00e8ra de Turisme, Comer\u00e7 i Consum d&#8217;Aran, Anna D\u00edaz<\/strong><\/p>\n<p><strong>El conjunt de Bilbao es troba a la Val d&#8217;Aran realitzant el seu stage de pretemporada<\/strong><\/p>\n<p><a href=\"http:\/\/www.conselharan.org\/wp-content\/uploads\/2014\/09\/bilbao-basket.jpg\"><img loading=\"lazy\" decoding=\"async\" class=\"aligncenter size-large wp-image-4988\" alt=\"bilbao basket\" src=\"http:\/\/www.conselharan.org\/wp-content\/uploads\/2014\/09\/bilbao-basket-1024x685.jpg\" width=\"1024\" height=\"685\" srcset=\"https:\/\/www.conselharan.org\/wp-content\/uploads\/2014\/09\/bilbao-basket-1024x685.jpg 1024w, https:\/\/www.conselharan.org\/wp-content\/uploads\/2014\/09\/bilbao-basket-300x200.jpg 300w\" sizes=\"(max-width: 1024px) 100vw, 1024px\" \/><\/a><\/p>\n<p>El <strong>Bilbao Basket<\/strong>, equip de la Lliga ACB de basquet es troba a la Val d&#8217;Aran realitzant un stage de preparaci\u00f3 per la propera temporada que comen\u00e7ar\u00e0 el mes d&#8217;octubre. Tant la plantilla com el cos t\u00e8cnic han estat rebuts en la seu del Conselh Generau d&#8217;Aran pel vicesindic primer d&#8217;Aran,<strong> Luis Carlos Medina<\/strong>, i per la conselh\u00e8ra de Turisme, Comer\u00e7 i Consum,<strong> Anna D\u00edaz.<\/strong><\/p>\n<p>Pendent el seu stage, el Bilbao Basket, ha preparat les sessions f\u00edsiques principalment en les instal\u00b7lacions del Palau d&#8217;Esports de Vielha.<\/p>\n<p><a href=\"http:\/\/www.conselharan.org\/wp-content\/uploads\/2014\/09\/bilbao-basket-1.jpg\"><img loading=\"lazy\" decoding=\"async\" class=\"aligncenter size-large wp-image-4989\" alt=\"bilbao basket 1\" src=\"http:\/\/www.conselharan.org\/wp-content\/uploads\/2014\/09\/bilbao-basket-1-1024x685.jpg\" width=\"1024\" height=\"685\" srcset=\"https:\/\/www.conselharan.org\/wp-content\/uploads\/2014\/09\/bilbao-basket-1-1024x685.jpg 1024w, https:\/\/www.conselharan.org\/wp-content\/uploads\/2014\/09\/bilbao-basket-1-300x200.jpg 300w\" sizes=\"(max-width: 1024px) 100vw, 1024px\" \/><\/a><\/p>\n<p>&#8220;<strong>Estem for\u00e7a contents des del Conselh Generau d&#8217;Aran de poder comptar amb la visita del Bilbao Basket a les nostres terres. Els desitgem una gran temporada i esperem que puguin aconseguir grans resultats&#8221;<\/strong>, ha comentat el vicesindic primer d&#8217;Aran, <strong>Luis Carlos Medina.<\/strong><\/p>\n ","protected":false},"excerpt":{"rendered":"<p>La plantilla i el cos t\u00e8cnic han estat rebuts pel vicesindic primer d&#8217;Aran, Luis Carlos Medina, i per la conselh\u00e8ra de Turisme, Comer\u00e7 i Consum d&#8217;Aran, Anna D\u00edaz El conjunt de Bilbao es troba a la Val d&#8217;Aran realitzant el seu stage de pretemporada El Bilbao Basket, equip de la Lliga ACB de basquet es&#8230;<\/p>\n","protected":false},"author":2,"featured_media":4989,"comment_status":"closed","ping_status":"closed","sticky":false,"template":"","format":"standard","meta":{"footnotes":""},"categories":[33,36],"tags":[],"_links":{"self":[{"href":"https:\/\/www.conselharan.org\/ca\/wp-json\/wp\/v2\/posts\/4992"}],"collection":[{"href":"https:\/\/www.conselharan.org\/ca\/wp-json\/wp\/v2\/posts"}],"about":[{"href":"https:\/\/www.conselharan.org\/ca\/wp-json\/wp\/v2\/types\/post"}],"author":[{"embeddable":true,"href":"https:\/\/www.conselharan.org\/ca\/wp-json\/wp\/v2\/users\/2"}],"replies":[{"embeddable":true,"href":"https:\/\/www.conselharan.org\/ca\/wp-json\/wp\/v2\/comments?post=4992"}],"version-history":[{"count":1,"href":"https:\/\/www.conselharan.org\/ca\/wp-json\/wp\/v2\/posts\/4992\/revisions"}],"predecessor-version":[{"id":4993,"href":"https:\/\/www.conselharan.org\/ca\/wp-json\/wp\/v2\/posts\/4992\/revisions\/4993"}],"wp:featuredmedia":[{"embeddable":true,"href":"https:\/\/www.conselharan.org\/ca\/wp-json\/wp\/v2\/media\/4989"}],"wp:attachment":[{"href":"https:\/\/www.conselharan.org\/ca\/wp-json\/wp\/v2\/media?parent=4992"}],"wp:term":[{"taxonomy":"category","embeddable":true,"href":"https:\/\/www.conselharan.org\/ca\/wp-json\/wp\/v2\/categories?post=4992"},{"taxonomy":"post_tag","embeddable":true,"href":"https:\/\/www.conselharan.org\/ca\/wp-json\/wp\/v2\/tags?post=4992"}],"curies":[{"name":"wp","href":"https:\/\/api.w.org\/{rel}","templated":true}]}}