{"id":49968,"date":"2022-08-04T13:12:47","date_gmt":"2022-08-04T11:12:47","guid":{"rendered":"https:\/\/www.conselharan.org\/es-camins-e-rutes-dera-val-daran-acuelhen-eth-5au-val-daran-walking-festival\/"},"modified":"2022-08-04T13:13:56","modified_gmt":"2022-08-04T11:13:56","slug":"es-camins-e-rutes-dera-val-daran-acuelhen-eth-5au-val-daran-walking-festival","status":"publish","type":"post","link":"https:\/\/www.conselharan.org\/ca\/es-camins-e-rutes-dera-val-daran-acuelhen-eth-5au-val-daran-walking-festival\/","title":{"rendered":"Els camins i rutes de la Val d\u2019Aran acollen el 5\u00e8 Val d\u2019Aran Walking Festival"},"content":{"rendered":"<p><a href=\"https:\/\/www.conselharan.org\/wp-content\/uploads\/2022\/08\/WhatsApp-Image-2022-07-27-at-12.20.28-PM.jpeg\"><img loading=\"lazy\" decoding=\"async\" class=\"aligncenter wp-image-49963 size-large\" src=\"https:\/\/www.conselharan.org\/wp-content\/uploads\/2022\/08\/WhatsApp-Image-2022-07-27-at-12.20.28-PM-1024x576.jpeg\" alt=\"\" width=\"1024\" height=\"576\" srcset=\"https:\/\/www.conselharan.org\/wp-content\/uploads\/2022\/08\/WhatsApp-Image-2022-07-27-at-12.20.28-PM-1024x576.jpeg 1024w, https:\/\/www.conselharan.org\/wp-content\/uploads\/2022\/08\/WhatsApp-Image-2022-07-27-at-12.20.28-PM-300x169.jpeg 300w, https:\/\/www.conselharan.org\/wp-content\/uploads\/2022\/08\/WhatsApp-Image-2022-07-27-at-12.20.28-PM-768x432.jpeg 768w, https:\/\/www.conselharan.org\/wp-content\/uploads\/2022\/08\/WhatsApp-Image-2022-07-27-at-12.20.28-PM-1536x864.jpeg 1536w, https:\/\/www.conselharan.org\/wp-content\/uploads\/2022\/08\/WhatsApp-Image-2022-07-27-at-12.20.28-PM.jpeg 1600w\" sizes=\"(max-width: 1024px) 100vw, 1024px\" \/><\/a><\/p>\n<p>&nbsp;<\/p>\n<ul>\n<li>\n<h3><strong>Participants provinents de diferents comunitats aut\u00f2nomes i nacionalitats s\u2019han inscrit a la 5a edici\u00f3 del Val d\u2019Aran Walking Festival, que va tenir lloc entre el 25 de juliol i el 31 del mateix mes. <\/strong><\/h3>\n<\/li>\n<\/ul>\n<p>Els participants d\u2019aquesta nova edici\u00f3 del Val d\u2019Aran Walking Festival han pogut gaudir dels tresors naturals que amaga la Val d\u2019Aran, descobrint paisatges i misteris de l\u2019entorn aran\u00e8s passejant per les rutes programades per l\u2019organitzaci\u00f3. Entre d\u2019altres, els amants del senderisme han recorregut travesses com la del Llac de Liat fins la Val de Toran, dels llacs de Montcasau fins Colom\u00e8rs o del Hospice de France a Boss\u00f2st.<\/p>\n<p>Com novetat, aquest any el festival de Senderisme i de Muntanya s\u2019han unit creant el Val d\u2019Aran Walking&amp;Summit Festival, augmentant aix\u00ed a 25 rutes i ascensions de muntanya, com les ascensions al d\u2019Ermer o era Cigalera, i configurant una xarxa de m\u00e9s de 300 km de camins senyalitzats, unint paisatge pirinenc d\u2019alta muntanya amb l\u2019entorn m\u00e9s rural.<\/p>\n<p>Per\u00f2, com acredita el Premi Fitur-Aire-Lliure al millor producte de Turisme Actiu rebut l\u2019any passat, l\u2019esdeveniment va m\u00e9s enll\u00e0 del senderisme, ja que unifica la pr\u00e0ctica esportiva amb altres activitats orientades a con\u00e8ixer el territori i el medi ambient, la seva gastronomia, cultura i producci\u00f3 local. Exemple d\u2019aix\u00f2 en s\u00f3n la degustaci\u00f3 de productes locals a l\u2019Artiga de Lin, la visita l\u2019Aran Park o un taller de plantes medicinals a la Bassa d\u2019Oles.<\/p>\n<p>En aquesta edici\u00f3 el Val d\u2019Aran Walking Festival, iniciativa que va n\u00e9ixer el 2018 i est\u00e0 integrada dins els Festivals de Senderisme dels Pirineus coordinats per IDAPA, s\u2019han apuntat participants que van venir de diferents punts de la geografia espanyola com Catalunya, Andalusia, Gal\u00edcia, Madrid, Euskadi o Pa\u00eds Valenci\u00e0, aix\u00ed como d\u2019altres llocs d\u2019Europa com B\u00e8lgica o Fran\u00e7a.<\/p>\n<h1 style=\"margin-top: 0cm;\"><i><span style=\"font-size: 10.0pt; font-family: 'Lato',sans-serif; font-weight: normal;\">Vielha, 4 d\u2019agost de 2022<\/span><\/i><\/h1>\n<p>&nbsp;<\/p>\n ","protected":false},"excerpt":{"rendered":"<p>&nbsp; Participants provinents de diferents comunitats aut\u00f2nomes i nacionalitats s\u2019han inscrit a la 5a edici\u00f3 del Val d\u2019Aran Walking Festival, que va tenir lloc entre el 25 de juliol i el 31 del mateix mes. Els participants d\u2019aquesta nova edici\u00f3 del Val d\u2019Aran Walking Festival han pogut gaudir dels tresors naturals que amaga la Val&#8230;<\/p>\n","protected":false},"author":10,"featured_media":49964,"comment_status":"closed","ping_status":"closed","sticky":false,"template":"","format":"standard","meta":{"footnotes":""},"categories":[33,139],"tags":[],"_links":{"self":[{"href":"https:\/\/www.conselharan.org\/ca\/wp-json\/wp\/v2\/posts\/49968"}],"collection":[{"href":"https:\/\/www.conselharan.org\/ca\/wp-json\/wp\/v2\/posts"}],"about":[{"href":"https:\/\/www.conselharan.org\/ca\/wp-json\/wp\/v2\/types\/post"}],"author":[{"embeddable":true,"href":"https:\/\/www.conselharan.org\/ca\/wp-json\/wp\/v2\/users\/10"}],"replies":[{"embeddable":true,"href":"https:\/\/www.conselharan.org\/ca\/wp-json\/wp\/v2\/comments?post=49968"}],"version-history":[{"count":1,"href":"https:\/\/www.conselharan.org\/ca\/wp-json\/wp\/v2\/posts\/49968\/revisions"}],"predecessor-version":[{"id":49969,"href":"https:\/\/www.conselharan.org\/ca\/wp-json\/wp\/v2\/posts\/49968\/revisions\/49969"}],"wp:featuredmedia":[{"embeddable":true,"href":"https:\/\/www.conselharan.org\/ca\/wp-json\/wp\/v2\/media\/49964"}],"wp:attachment":[{"href":"https:\/\/www.conselharan.org\/ca\/wp-json\/wp\/v2\/media?parent=49968"}],"wp:term":[{"taxonomy":"category","embeddable":true,"href":"https:\/\/www.conselharan.org\/ca\/wp-json\/wp\/v2\/categories?post=49968"},{"taxonomy":"post_tag","embeddable":true,"href":"https:\/\/www.conselharan.org\/ca\/wp-json\/wp\/v2\/tags?post=49968"}],"curies":[{"name":"wp","href":"https:\/\/api.w.org\/{rel}","templated":true}]}}