{"id":50330,"date":"2022-09-16T14:50:42","date_gmt":"2022-09-16T12:50:42","guid":{"rendered":"https:\/\/www.conselharan.org\/eth-govern-der-estat-presente-en-aran-es-accions-de-melhora-dera-n-230\/"},"modified":"2022-09-16T14:53:08","modified_gmt":"2022-09-16T12:53:08","slug":"eth-govern-der-estat-presente-en-aran-es-accions-de-melhora-dera-n-230","status":"publish","type":"post","link":"https:\/\/www.conselharan.org\/ca\/eth-govern-der-estat-presente-en-aran-es-accions-de-melhora-dera-n-230\/","title":{"rendered":"El govern de l&#8217;Estat presenta a l\u2019Aran les accions de millora de la N-230"},"content":{"rendered":"<p><a href=\"https:\/\/www.conselharan.org\/wp-content\/uploads\/2022\/09\/32_VisitaSecGralInfraestructures_220916_-Foto-ATur-scaled.jpg\"><img loading=\"lazy\" decoding=\"async\" class=\"aligncenter wp-image-50322 size-large\" src=\"https:\/\/www.conselharan.org\/wp-content\/uploads\/2022\/09\/32_VisitaSecGralInfraestructures_220916_-Foto-ATur-1024x683.jpg\" alt=\"\" width=\"1024\" height=\"683\" srcset=\"https:\/\/www.conselharan.org\/wp-content\/uploads\/2022\/09\/32_VisitaSecGralInfraestructures_220916_-Foto-ATur-1024x683.jpg 1024w, https:\/\/www.conselharan.org\/wp-content\/uploads\/2022\/09\/32_VisitaSecGralInfraestructures_220916_-Foto-ATur-300x200.jpg 300w, https:\/\/www.conselharan.org\/wp-content\/uploads\/2022\/09\/32_VisitaSecGralInfraestructures_220916_-Foto-ATur-768x512.jpg 768w, https:\/\/www.conselharan.org\/wp-content\/uploads\/2022\/09\/32_VisitaSecGralInfraestructures_220916_-Foto-ATur-1536x1024.jpg 1536w, https:\/\/www.conselharan.org\/wp-content\/uploads\/2022\/09\/32_VisitaSecGralInfraestructures_220916_-Foto-ATur-2048x1365.jpg 2048w\" sizes=\"(max-width: 1024px) 100vw, 1024px\" \/><\/a><\/p>\n<ul>\n<li>\n<h3><strong>El secretari general d&#8217;Infraestructures de l&#8217;Estat ha visitat avui el Conselh Generau d\u2019Aran on ha mantingut una trobada amb els alcaldes aranesos i representants de les Diputacions de Lleida i Osca i les comarques de la Ribagor\u00e7a catalana i aragonesa<\/strong><\/h3>\n<\/li>\n<\/ul>\n<p>Aquest mat\u00ed, la s\u00edndica d&#8217;Aran, Maria Verg\u00e9s, ha rebut a la seu del Conselh Generau d\u2019Aran al secretari general d&#8217;Infraestructures de l&#8217;Estat, Xavier Flores, dins el marc de la seva visita institucional de presentaci\u00f3 de projectes emmarcats a la \u201cAgenda N-230\u201d.<\/p>\n<p>A la reuni\u00f3 mantinguda han estat presents tamb\u00e9 el secretari general per al Repte Demogr\u00e0fic, Paco Boya, els caps de la Demarcaci\u00f3 de Carreteres de Catalunya i Arag\u00f3, Vicente Vilanova i Rafael L\u00f3pez, el secretari de Mobilitat i Log\u00edstica de la Generalitat, Isidre Gavin, el president de la Diputaci\u00f3 de Lleida, Joan Talarn, i el de la Diputaci\u00f3 de Huesca, Miguel Gracia, la presidenta del Consell Comarcal de l&#8217;Alta Ribagor\u00e7a, M\u00aa Jos\u00e9 Erta, el president de la comarca de la Ribagor\u00e7a, Marcel Iglesias i els alcaldes dels municipis aranesos.<\/p>\n<p>En aquesta reuni\u00f3, el secretari general ha avan\u00e7at les actuacions previstes a la \u201cAgenda N-230\u201d i ha mostrat el comprom\u00eds del Ministeri de Transports, Mobilitat i Agenda Urbana amb els territoris implicats en aquest afer, assegurant que hi ha una voluntat d&#8217;aconseguir millores importants en la via i dur a terme un seguiment col\u00b7lectiu per a assegurar la continu\u00eftat del projecte.<\/p>\n<p>Les actuacions previstes en aquesta \u201cAgenda N-230\u201d tenen una visi\u00f3 completa de tot el corredor, des d&#8217;Alfarr\u00e0s fins a la frontera de la Val d\u2019Aran amb Fran\u00e7a, i amb projectes plantejats amb el menor impacte mediambiental possible. En aquest sentit, el secretari afirmava que la intenci\u00f3 del Ministeri \u00e9s poder avan\u00e7ar en aquest projecte el m\u00e9s aviat possible per a aix\u00ed millorar la carretera i la qualitat de vida de les persones que la transiten.<\/p>\n<p>Cal recordar que el mes de mar\u00e7 passat, la s\u00edndica d&#8217;Aran, juntament amb els presidents de les diputacions de Huesca i Lleida i les presid\u00e8ncies de les comarques de la Ribagor\u00e7a catalana i la Ribagorza aragonesa, van mantenir una trobada de treball amb el Secretari Flores on es va acordar per part del Ministeri dissenyar un calendari conjunt d&#8217;actuacions i projectes a dur a terme de manera immediata a la carretera N-230.<\/p>\n<p>Ja a finals del mes de juny, el Ministeri va anunciar un contracte de serveis per a la redacci\u00f3 del projecte de condicionament de la N-230 amb trams de tres carrils (carretera 2+1), concretament entre les poblacions de Benabarre i Sopeira. I, avui mateix, el secretari visita el nostre territori i la localitat de Benabarre per a presentar els projectes contemplats dins d&#8217;aquesta \u201cAgenda N-230\u201d.<\/p>\n<p>En aquest sentit, la s\u00edndica ha mostrat \u201cla satisfacci\u00f3 del Conselh Generau d\u2019Aran davant el comprom\u00eds mostrat per part del Ministeri des del mes de mar\u00e7 passat fins ara, brindant resposta a una reclamaci\u00f3 hist\u00f2rica de la Val d\u2019Aran i dels territoris que transita la N-230\u201d i ha avan\u00e7at que \u201cdes del govern d&#8217;Aran continuarem treballant en aquest assumpte i restem a la disposici\u00f3 tant del Ministeri com de tots els estaments implicats per a col\u00b7laborar i aconseguir, entre tots, unes infraestructures m\u00e9s segures i adaptades a les necessitats del territori\u201d.<\/p>\n<p>A m\u00e9s, Verg\u00e9s afegia que: \u201caquests treballs se sumen als que ja hem iniciat tamb\u00e9 amb la Generalitat de Catalunya, aconseguint el seu comprom\u00eds per a l&#8217;impuls de l&#8217;Agenda de Mobilitat Sostenible d&#8217;Aran i per a la millora de la C-28, afers en els quals treballem de manera conjunta, tancant aix\u00ed el cercle perqu\u00e8 la Val d\u2019Aran transiti cap a una mobilitat sostenible adaptada a les necessitats i canvis que venen\u201d.<\/p>\n ","protected":false},"excerpt":{"rendered":"<p>El secretari general d&#8217;Infraestructures de l&#8217;Estat ha visitat avui el Conselh Generau d\u2019Aran on ha mantingut una trobada amb els alcaldes aranesos i representants de les Diputacions de Lleida i Osca i les comarques de la Ribagor\u00e7a catalana i aragonesa Aquest mat\u00ed, la s\u00edndica d&#8217;Aran, Maria Verg\u00e9s, ha rebut a la seu del Conselh Generau&#8230;<\/p>\n","protected":false},"author":10,"featured_media":50323,"comment_status":"closed","ping_status":"closed","sticky":false,"template":"","format":"standard","meta":{"footnotes":""},"categories":[],"tags":[],"_links":{"self":[{"href":"https:\/\/www.conselharan.org\/ca\/wp-json\/wp\/v2\/posts\/50330"}],"collection":[{"href":"https:\/\/www.conselharan.org\/ca\/wp-json\/wp\/v2\/posts"}],"about":[{"href":"https:\/\/www.conselharan.org\/ca\/wp-json\/wp\/v2\/types\/post"}],"author":[{"embeddable":true,"href":"https:\/\/www.conselharan.org\/ca\/wp-json\/wp\/v2\/users\/10"}],"replies":[{"embeddable":true,"href":"https:\/\/www.conselharan.org\/ca\/wp-json\/wp\/v2\/comments?post=50330"}],"version-history":[{"count":1,"href":"https:\/\/www.conselharan.org\/ca\/wp-json\/wp\/v2\/posts\/50330\/revisions"}],"predecessor-version":[{"id":50331,"href":"https:\/\/www.conselharan.org\/ca\/wp-json\/wp\/v2\/posts\/50330\/revisions\/50331"}],"wp:featuredmedia":[{"embeddable":true,"href":"https:\/\/www.conselharan.org\/ca\/wp-json\/wp\/v2\/media\/50323"}],"wp:attachment":[{"href":"https:\/\/www.conselharan.org\/ca\/wp-json\/wp\/v2\/media?parent=50330"}],"wp:term":[{"taxonomy":"category","embeddable":true,"href":"https:\/\/www.conselharan.org\/ca\/wp-json\/wp\/v2\/categories?post=50330"},{"taxonomy":"post_tag","embeddable":true,"href":"https:\/\/www.conselharan.org\/ca\/wp-json\/wp\/v2\/tags?post=50330"}],"curies":[{"name":"wp","href":"https:\/\/api.w.org\/{rel}","templated":true}]}}