{"id":5052,"date":"2014-10-04T08:00:07","date_gmt":"2014-10-04T06:00:07","guid":{"rendered":"http:\/\/www.conselharan.org\/?p=5052"},"modified":"2014-10-03T15:46:00","modified_gmt":"2014-10-03T13:46:00","slug":"el-freerider-aranes-aymar-navarro-aprofita-els-ultims-dies-de-preparacio-a-argentina","status":"publish","type":"post","link":"https:\/\/www.conselharan.org\/ca\/el-freerider-aranes-aymar-navarro-aprofita-els-ultims-dies-de-preparacio-a-argentina\/","title":{"rendered":"El freerider aran\u00e8s, Aymar Navarro,  aprofita els \u00faltims dies de preparaci\u00f3 a Argentina"},"content":{"rendered":"<p><strong>Aymar, participar\u00e0 amb els millors riders del m\u00f3n en el circuit Freeride World Qualifier 2014-2015, on unes de les proves tindr\u00e0 lloc en Baqueira Beret<\/strong><\/p>\n<p><a href=\"http:\/\/www.conselharan.org\/wp-content\/uploads\/2014\/10\/AYMAR_ARGENTINA_1.jpeg\"><img loading=\"lazy\" decoding=\"async\" class=\"aligncenter size-large wp-image-5045\" alt=\"AYMAR_ARGENTINA_1\" src=\"http:\/\/www.conselharan.org\/wp-content\/uploads\/2014\/10\/AYMAR_ARGENTINA_1-934x1024.jpeg\" width=\"934\" height=\"1024\" srcset=\"https:\/\/www.conselharan.org\/wp-content\/uploads\/2014\/10\/AYMAR_ARGENTINA_1-934x1024.jpeg 934w, https:\/\/www.conselharan.org\/wp-content\/uploads\/2014\/10\/AYMAR_ARGENTINA_1-273x300.jpeg 273w\" sizes=\"(max-width: 934px) 100vw, 934px\" \/><\/a><\/p>\n<p>Pendent aquests mesos d\u2019estiu, el freerider aran\u00e8s, <strong>Aymar Navarro<\/strong>, es va despla\u00e7ar a Am\u00e8rica del Sud (Argentina) per preparar la nova temporada on tornar\u00e0 a competir en el circuit <strong>Freeride World Qualifier (FWQ)<\/strong> amb els millors riders del m\u00f3n.<\/p>\n<p><a href=\"http:\/\/www.conselharan.org\/wp-content\/uploads\/2014\/10\/AYMAR_ARGENTINA_3.jpeg\"><img loading=\"lazy\" decoding=\"async\" class=\"aligncenter size-large wp-image-5046\" alt=\"AYMAR_ARGENTINA_3\" src=\"http:\/\/www.conselharan.org\/wp-content\/uploads\/2014\/10\/AYMAR_ARGENTINA_3-1024x892.jpeg\" width=\"1024\" height=\"892\" srcset=\"https:\/\/www.conselharan.org\/wp-content\/uploads\/2014\/10\/AYMAR_ARGENTINA_3-1024x892.jpeg 1024w, https:\/\/www.conselharan.org\/wp-content\/uploads\/2014\/10\/AYMAR_ARGENTINA_3-300x261.jpeg 300w, https:\/\/www.conselharan.org\/wp-content\/uploads\/2014\/10\/AYMAR_ARGENTINA_3.jpeg 1822w\" sizes=\"(max-width: 1024px) 100vw, 1024px\" \/><\/a><\/p>\n<p><strong>Navarro,<\/strong> disputar\u00e0 una de les proves del circuit FWQ a casa, ja que en el mes de mar\u00e7, <strong>Baqueira Beret<\/strong>, acollir\u00e0 una prova d\u2019aquest circuit.<\/p>\n<p><a href=\"http:\/\/www.conselharan.org\/wp-content\/uploads\/2014\/10\/AYMAR_ARGENTINA_4.jpeg\"><img loading=\"lazy\" decoding=\"async\" class=\"aligncenter size-full wp-image-5047\" alt=\"AYMAR_ARGENTINA_4\" src=\"http:\/\/www.conselharan.org\/wp-content\/uploads\/2014\/10\/AYMAR_ARGENTINA_4.jpeg\" width=\"800\" height=\"600\" srcset=\"https:\/\/www.conselharan.org\/wp-content\/uploads\/2014\/10\/AYMAR_ARGENTINA_4.jpeg 800w, https:\/\/www.conselharan.org\/wp-content\/uploads\/2014\/10\/AYMAR_ARGENTINA_4-300x225.jpeg 300w\" sizes=\"(max-width: 800px) 100vw, 800px\" \/><\/a><\/p>\n<p><strong>Aymar Navarro<\/strong>, ha signat un conveni amb el Conselh Generau d\u2019Aran per promoure la destinaci\u00f3 tur\u00edstica esportiva Val d\u2019Aran pel m\u00f3n, representada en la imatge i en els valors del freerider. <strong>\u201cQui millor que els nostres joves esportistes professionals aranesos per representar el nostre pa\u00eds i el sentiment d&#8217;identitat\u201d<\/strong> va manifestar <strong>Carlos Barrera<\/strong>, s\u00edndic d\u2019Aran.<\/p>\n<p><a href=\"http:\/\/www.conselharan.org\/wp-content\/uploads\/2014\/10\/AYMAR_ARGENTINA_2.jpeg\"><img loading=\"lazy\" decoding=\"async\" class=\"aligncenter size-full wp-image-5048\" alt=\"AYMAR_ARGENTINA_2\" src=\"http:\/\/www.conselharan.org\/wp-content\/uploads\/2014\/10\/AYMAR_ARGENTINA_2.jpeg\" width=\"604\" height=\"532\" srcset=\"https:\/\/www.conselharan.org\/wp-content\/uploads\/2014\/10\/AYMAR_ARGENTINA_2.jpeg 604w, https:\/\/www.conselharan.org\/wp-content\/uploads\/2014\/10\/AYMAR_ARGENTINA_2-300x264.jpeg 300w\" sizes=\"(max-width: 604px) 100vw, 604px\" \/><\/a><\/p>\n<p><a href=\"http:\/\/www.conselharan.org\/wp-content\/uploads\/2014\/10\/AYMAR_ARGENTINA_5.jpeg\"><img loading=\"lazy\" decoding=\"async\" class=\"aligncenter size-large wp-image-5049\" alt=\"AYMAR_ARGENTINA_5\" src=\"http:\/\/www.conselharan.org\/wp-content\/uploads\/2014\/10\/AYMAR_ARGENTINA_5-1024x609.jpeg\" width=\"1024\" height=\"609\" srcset=\"https:\/\/www.conselharan.org\/wp-content\/uploads\/2014\/10\/AYMAR_ARGENTINA_5-1024x609.jpeg 1024w, https:\/\/www.conselharan.org\/wp-content\/uploads\/2014\/10\/AYMAR_ARGENTINA_5-300x178.jpeg 300w, https:\/\/www.conselharan.org\/wp-content\/uploads\/2014\/10\/AYMAR_ARGENTINA_5.jpeg 1896w\" sizes=\"(max-width: 1024px) 100vw, 1024px\" \/><\/a><\/p>\n<p><a href=\"http:\/\/www.conselharan.org\/wp-content\/uploads\/2014\/10\/AYMAR_ARGENTINA_0.jpeg\"><img loading=\"lazy\" decoding=\"async\" class=\"aligncenter size-large wp-image-5050\" alt=\"AYMAR_ARGENTINA_0\" src=\"http:\/\/www.conselharan.org\/wp-content\/uploads\/2014\/10\/AYMAR_ARGENTINA_0-768x1024.jpeg\" width=\"768\" height=\"1024\" srcset=\"https:\/\/www.conselharan.org\/wp-content\/uploads\/2014\/10\/AYMAR_ARGENTINA_0-768x1024.jpeg 768w, https:\/\/www.conselharan.org\/wp-content\/uploads\/2014\/10\/AYMAR_ARGENTINA_0-225x300.jpeg 225w, https:\/\/www.conselharan.org\/wp-content\/uploads\/2014\/10\/AYMAR_ARGENTINA_0.jpeg 960w\" sizes=\"(max-width: 768px) 100vw, 768px\" \/><\/a><\/p>\n<p><strong>Video d\u2019Aymar Navarro en Argentina:<\/strong> <strong><a href=\"http:\/\/vimeo.com\/104982780\" target=\"_blank\">https:\/\/vimeo.com\/104982780<\/a><\/strong><\/p>\n ","protected":false},"excerpt":{"rendered":"<p>Aymar, participar\u00e0 amb els millors riders del m\u00f3n en el circuit Freeride World Qualifier 2014-2015, on unes de les proves tindr\u00e0 lloc en Baqueira Beret Pendent aquests mesos d\u2019estiu, el freerider aran\u00e8s, Aymar Navarro, es va despla\u00e7ar a Am\u00e8rica del Sud (Argentina) per preparar la nova temporada on tornar\u00e0 a competir en el circuit Freeride&#8230;<\/p>\n","protected":false},"author":2,"featured_media":5045,"comment_status":"closed","ping_status":"closed","sticky":false,"template":"","format":"standard","meta":{"footnotes":""},"categories":[31,33,36],"tags":[],"_links":{"self":[{"href":"https:\/\/www.conselharan.org\/ca\/wp-json\/wp\/v2\/posts\/5052"}],"collection":[{"href":"https:\/\/www.conselharan.org\/ca\/wp-json\/wp\/v2\/posts"}],"about":[{"href":"https:\/\/www.conselharan.org\/ca\/wp-json\/wp\/v2\/types\/post"}],"author":[{"embeddable":true,"href":"https:\/\/www.conselharan.org\/ca\/wp-json\/wp\/v2\/users\/2"}],"replies":[{"embeddable":true,"href":"https:\/\/www.conselharan.org\/ca\/wp-json\/wp\/v2\/comments?post=5052"}],"version-history":[{"count":1,"href":"https:\/\/www.conselharan.org\/ca\/wp-json\/wp\/v2\/posts\/5052\/revisions"}],"predecessor-version":[{"id":5053,"href":"https:\/\/www.conselharan.org\/ca\/wp-json\/wp\/v2\/posts\/5052\/revisions\/5053"}],"wp:featuredmedia":[{"embeddable":true,"href":"https:\/\/www.conselharan.org\/ca\/wp-json\/wp\/v2\/media\/5045"}],"wp:attachment":[{"href":"https:\/\/www.conselharan.org\/ca\/wp-json\/wp\/v2\/media?parent=5052"}],"wp:term":[{"taxonomy":"category","embeddable":true,"href":"https:\/\/www.conselharan.org\/ca\/wp-json\/wp\/v2\/categories?post=5052"},{"taxonomy":"post_tag","embeddable":true,"href":"https:\/\/www.conselharan.org\/ca\/wp-json\/wp\/v2\/tags?post=5052"}],"curies":[{"name":"wp","href":"https:\/\/api.w.org\/{rel}","templated":true}]}}