{"id":50694,"date":"2022-10-17T14:48:24","date_gmt":"2022-10-17T12:48:24","guid":{"rendered":"https:\/\/www.conselharan.org\/eth-conselh-generau-daran-auance-enta-dotar-de-connectivitat-a-tot-eth-territori-aranes\/"},"modified":"2022-10-17T14:58:43","modified_gmt":"2022-10-17T12:58:43","slug":"eth-conselh-generau-daran-auance-enta-dotar-de-connectivitat-a-tot-eth-territori-aranes","status":"publish","type":"post","link":"https:\/\/www.conselharan.org\/ca\/eth-conselh-generau-daran-auance-enta-dotar-de-connectivitat-a-tot-eth-territori-aranes\/","title":{"rendered":"El Conselh Generau d\u2019Aran avan\u00e7a per a dotar de connectivitat a tot el territori aran\u00e8s"},"content":{"rendered":"<p><a href=\"https:\/\/www.conselharan.org\/wp-content\/uploads\/2022\/10\/IMG_8442-scaled.jpg\"><img loading=\"lazy\" decoding=\"async\" class=\"aligncenter wp-image-50686 size-large\" src=\"https:\/\/www.conselharan.org\/wp-content\/uploads\/2022\/10\/IMG_8442-1024x768.jpg\" alt=\"\" width=\"1024\" height=\"768\" srcset=\"https:\/\/www.conselharan.org\/wp-content\/uploads\/2022\/10\/IMG_8442-1024x768.jpg 1024w, https:\/\/www.conselharan.org\/wp-content\/uploads\/2022\/10\/IMG_8442-300x225.jpg 300w, https:\/\/www.conselharan.org\/wp-content\/uploads\/2022\/10\/IMG_8442-768x576.jpg 768w, https:\/\/www.conselharan.org\/wp-content\/uploads\/2022\/10\/IMG_8442-1536x1152.jpg 1536w, https:\/\/www.conselharan.org\/wp-content\/uploads\/2022\/10\/IMG_8442-2048x1536.jpg 2048w\" sizes=\"(max-width: 1024px) 100vw, 1024px\" \/><\/a><\/p>\n<ul>\n<li>\n<h3>Aquest mat\u00ed s&#8217;ha dut a terme al Refugi de l&#8217;Artiga de Lin una prova pilot per a testar la connexi\u00f3 satel\u00b7lit\u00e0ria a trav\u00e9s d&#8217;una trucada a la Sala de Control de Pompi\u00e8rs-Emerg\u00e9ncies, a Casau<\/h3>\n<\/li>\n<li>\n<h3>Aquesta prova pilot s&#8217;emmarca en l&#8217;acord entre la m\u00e0xima instituci\u00f3 aranesa amb Mobile World Capital Barcelona, Hispasat i Arantec, que va ser presentat el mes de mar\u00e7 passat al Mobile World Congress de Barcelona i representa el primer pas per al desplegament de connectivitat satel\u00b7lit\u00e0ria de banda ampla en llocs d&#8217;alta muntanya<\/h3>\n<\/li>\n<li>\n<h3>Aquesta tecnologia incidir\u00e0 directament en la prestaci\u00f3 de serveis com el control de la ramaderia, el monitoratge del clima i possibles allaus, la gesti\u00f3 d&#8217;itineraris tur\u00edstics o les actuacions dels serveis d&#8217;emerg\u00e8ncies<\/h3>\n<\/li>\n<\/ul>\n<p>Aquest mat\u00ed, Mobile World Capital Barcelona (MWCapital), Hispasat, Conselh Generau d\u2019Aran i Arantec han presentat el primer pilot en el marc de l&#8217;\u00c0rea 5G Aran, que permet dotar de connexi\u00f3 al Refugi de l&#8217;Artiga de Lin a trav\u00e9s de tecnologia satel\u00b7lital. El projecte ha comptat tamb\u00e9 amb el suport dels impulsors de l&#8217;estrat\u00e8gia \u00c0rea 5G a l\u2019Aran: Generalitat de Catalunya, Fundaci\u00f3 i2Cat, IDAPA, Diputaci\u00f3 de Lleida i Cambra del Comer\u00e7 de Lleida.<\/p>\n<p>Es tracta del primer pas pel desplegament de connectivitat de banda ampla, que incidir\u00e0 directament en la prestaci\u00f3 de serveis com el control de ramaderia a la zona, la monitoritzaci\u00f3 del clima i possibles allaus, la gesti\u00f3 d\u2019itineraris tur\u00edstics o les actuacions dels serveis d\u2019emerg\u00e8ncies.<\/p>\n<p>La s\u00edndica d\u2019Aran, Maria Verg\u00e9s, ha assegurat que \u201cdes del Conselh Generau d\u2019Aran estem compromesos amb l\u2019aposta per la innovaci\u00f3 i la retenci\u00f3 del talent jove, quelcom que promovem a trav\u00e9s del nostre HUB d\u2019innovaci\u00f3 rural H\u00e8Pic, per aix\u00f2, celebrem poder dur a terme aquest projecte, que veiem com una gran oportunitat per al nostre territori i que ja treballem per poder aplicar en sectors clau com s\u00f3n la ramaderia, la gesti\u00f3 de les emerg\u00e8ncies o l\u2019atenci\u00f3 a les persones, entre d\u2019altres\u201d.<\/p>\n<p>Durant la presentaci\u00f3, s\u2019ha dut a terme una prova de la connexi\u00f3 per mitj\u00e0 de la simulaci\u00f3 d\u2019una trucada d\u2019emerg\u00e8ncia. Aix\u00f2 ha perm\u00e8s establir una comunicaci\u00f3, tant per veu com per v\u00eddeo, amb la Sala de Control de Pompi\u00e8rs-Emerg\u00e9ncies a Casau.<\/p>\n<p>En aquest sentit, gr\u00e0cies a la connexi\u00f3 satel\u00b7lital que ofereix l&#8217;antena de Hispasat, el gestor del refugi ha pogut comunicar-se amb Pompi\u00e8rs-Emerg\u00e9ncies. Abans del desplegament satel\u00b7lital, el lloc no comptava amb cobertura telef\u00f2nica ni amb connexi\u00f3 a internet.<\/p>\n<p>El refugi comptar\u00e0 amb una instal\u00b7laci\u00f3 amb les seg\u00fcents caracter\u00edstiques:<\/p>\n<p>&#8211;\u00a0\u00a0\u00a0\u00a0\u00a0\u00a0\u00a0\u00a0 HotSpot Wifi dins de l&#8217;alberg que facilitar\u00e0 la gesti\u00f3 de l&#8217;establiment i oferir\u00e0 connexi\u00f3 als usuaris.<\/p>\n<p>&#8211;\u00a0\u00a0\u00a0\u00a0\u00a0\u00a0\u00a0\u00a0 HotSpot Wifi a l&#8217;\u00e0rea d&#8217;influ\u00e8ncia del refugi que permetr\u00e0 establir un punt segur emerg\u00e8ncies i proporcionar connexi\u00f3 als excursionistes per consultar l&#8217;estat de les rutes.<\/p>\n<p>&#8211;\u00a0\u00a0\u00a0\u00a0\u00a0\u00a0\u00a0\u00a0 Int\u00e8rfon i webcam amb connexi\u00f3 directa amb el n\u00famero d&#8217;emerg\u00e8ncies 112.<\/p>\n<p>&#8211;\u00a0\u00a0\u00a0\u00a0\u00a0\u00a0\u00a0\u00a0 Punt d&#8217;acc\u00e9s de xarxa inal\u00e0mbrica LoRa, tecnologia que permet la connexi\u00f3 de sensors i d&#8217;altres dispositius amb un manteniment i despesa d&#8217;energia m\u00ednima, permetent aix\u00ed diverses funcionalitats de solucions IoT promogudes des del Conselh, com per exemple la monitoritzaci\u00f3 del bestiar o de persones amb dispositius interactius LoRa.<\/p>\n<p>El pilot \u00e9s el resultat de l&#8217;acord signat entre MWCapital, Hispasat, Conselh Generau d\u2019Aran i Arantec, en col\u00b7laboraci\u00f3 amb la Generalitat de Catalunya, durant el Mobile World Congress 2022. Aquesta alian\u00e7a \u00e9s un comprom\u00eds pel desplegament de tecnologia satel\u00b7litzada a zones d&#8217;alta muntanya i el desenvolupament de projectes pilot de connectivitat intel\u00b7ligent, aplicables a les particularitats del territori i a les seves necessitats.<\/p>\n<p>A m\u00e9s, el projecte s&#8217;emmarca dins de l&#8217;estrat\u00e8gia \u00c0rees 5G, iniciativa de la MWCapital, Generalitat de Catalunya i Fundaci\u00f3 i2CAT, i m\u00e9s concretament dins de l&#8217;\u00c0rea 5G Aran, on se sumen els partners locals Conselh Generau d\u2019Aran, IDAPA, Diputaci\u00f3 de Lleida i Cambra de Comer\u00e7 de Lleida. Aquesta estrat\u00e8gia pret\u00e9n accelerar sectors estrat\u00e8gics pel conjunt de Catalunya, com, per exemple, la mobilitat sostenible, la gesti\u00f3 ramadera i de l&#8217;entorn rural, la protecci\u00f3 del medi ambient i\/o l&#8217;atracci\u00f3 del turisme de qualitat i esportiu en els entorns naturals.<\/p>\n ","protected":false},"excerpt":{"rendered":"<p>Aquest mat\u00ed s&#8217;ha dut a terme al Refugi de l&#8217;Artiga de Lin una prova pilot per a testar la connexi\u00f3 satel\u00b7lit\u00e0ria a trav\u00e9s d&#8217;una trucada a la Sala de Control de Pompi\u00e8rs-Emerg\u00e9ncies, a Casau Aquesta prova pilot s&#8217;emmarca en l&#8217;acord entre la m\u00e0xima instituci\u00f3 aranesa amb Mobile World Capital Barcelona, Hispasat i Arantec, que va&#8230;<\/p>\n","protected":false},"author":10,"featured_media":50687,"comment_status":"closed","ping_status":"closed","sticky":false,"template":"","format":"standard","meta":{"footnotes":""},"categories":[53,803],"tags":[],"_links":{"self":[{"href":"https:\/\/www.conselharan.org\/ca\/wp-json\/wp\/v2\/posts\/50694"}],"collection":[{"href":"https:\/\/www.conselharan.org\/ca\/wp-json\/wp\/v2\/posts"}],"about":[{"href":"https:\/\/www.conselharan.org\/ca\/wp-json\/wp\/v2\/types\/post"}],"author":[{"embeddable":true,"href":"https:\/\/www.conselharan.org\/ca\/wp-json\/wp\/v2\/users\/10"}],"replies":[{"embeddable":true,"href":"https:\/\/www.conselharan.org\/ca\/wp-json\/wp\/v2\/comments?post=50694"}],"version-history":[{"count":1,"href":"https:\/\/www.conselharan.org\/ca\/wp-json\/wp\/v2\/posts\/50694\/revisions"}],"predecessor-version":[{"id":50695,"href":"https:\/\/www.conselharan.org\/ca\/wp-json\/wp\/v2\/posts\/50694\/revisions\/50695"}],"wp:featuredmedia":[{"embeddable":true,"href":"https:\/\/www.conselharan.org\/ca\/wp-json\/wp\/v2\/media\/50687"}],"wp:attachment":[{"href":"https:\/\/www.conselharan.org\/ca\/wp-json\/wp\/v2\/media?parent=50694"}],"wp:term":[{"taxonomy":"category","embeddable":true,"href":"https:\/\/www.conselharan.org\/ca\/wp-json\/wp\/v2\/categories?post=50694"},{"taxonomy":"post_tag","embeddable":true,"href":"https:\/\/www.conselharan.org\/ca\/wp-json\/wp\/v2\/tags?post=50694"}],"curies":[{"name":"wp","href":"https:\/\/api.w.org\/{rel}","templated":true}]}}