{"id":50784,"date":"2022-10-23T12:10:27","date_gmt":"2022-10-23T10:10:27","guid":{"rendered":"https:\/\/www.conselharan.org\/eth-conselh-generau-daran-trabalhe-en-un-nau-model-de-servici-de-remassada-de-residus-ta-substituir-ar-actuau\/"},"modified":"2022-10-23T12:14:10","modified_gmt":"2022-10-23T10:14:10","slug":"eth-conselh-generau-daran-trabalhe-en-un-nau-model-de-servici-de-remassada-de-residus-ta-substituir-ar-actuau","status":"publish","type":"post","link":"https:\/\/www.conselharan.org\/ca\/eth-conselh-generau-daran-trabalhe-en-un-nau-model-de-servici-de-remassada-de-residus-ta-substituir-ar-actuau\/","title":{"rendered":"El Conselh Generau d\u2019Aran treballa en un nou model de servei de recollida de residus per a substituir l&#8217;actual"},"content":{"rendered":"<p><a href=\"https:\/\/www.conselharan.org\/wp-content\/uploads\/2020\/01\/Lord\u00e8res.jpeg\"><img loading=\"lazy\" decoding=\"async\" class=\"aligncenter wp-image-31557 size-large\" src=\"https:\/\/www.conselharan.org\/wp-content\/uploads\/2020\/01\/Lord\u00e8res-1024x768.jpeg\" alt=\"\" width=\"1024\" height=\"768\" srcset=\"https:\/\/www.conselharan.org\/wp-content\/uploads\/2020\/01\/Lord\u00e8res-1024x768.jpeg 1024w, https:\/\/www.conselharan.org\/wp-content\/uploads\/2020\/01\/Lord\u00e8res-300x225.jpeg 300w, https:\/\/www.conselharan.org\/wp-content\/uploads\/2020\/01\/Lord\u00e8res-768x576.jpeg 768w, https:\/\/www.conselharan.org\/wp-content\/uploads\/2020\/01\/Lord\u00e8res.jpeg 1600w\" sizes=\"(max-width: 1024px) 100vw, 1024px\" \/><\/a><\/p>\n<ul>\n<li>\n<h3><strong>El govern d&#8217;Aran ha iniciat els treballs per a la nova licitaci\u00f3 d&#8217;aquest servei, at\u00e8s que l&#8217;actual contracte finalitza al gener de 2024, i iniciar\u00e0 una campanya d&#8217;informaci\u00f3, conscienciaci\u00f3 i participaci\u00f3 ciutadana per a definir-lo<\/strong><\/h3>\n<\/li>\n<li>\n<h3><strong>Amb aquests treballs, el govern d&#8217;Aran pret\u00e9n aconseguir un model adaptat a la realitat i les necessitats actuals, a trav\u00e9s del qual es puguin complir els objectius marcats per la UE i l&#8217;Ag\u00e8ncia Catalana de Residus i que tingui en compte la demografia d&#8217;Aran i els pics de poblaci\u00f3 durant les temporades tur\u00edstiques<\/strong><\/h3>\n<\/li>\n<\/ul>\n<p>El Conselh Generau d\u2019Aran treballa des de fa un temps en un nou model de servei de recollida de residus que millori els d\u00e8ficits de l&#8217;actual i s&#8217;adapti a les necessitats reals del territori.<\/p>\n<p>\u201cAl gener de 2015 es va aprovar l&#8217;externalitzaci\u00f3 per contracte del servei, que s&#8217;allarga fins a gener de 2024\u201d explicava el conseller de Territori, Paisatge i Gesti\u00f3 Ambiental, Oriol Sala, que afegia: \u201cel model de servei actual est\u00e0 dimensionat segons les dades de generaci\u00f3 de residus de fa gaireb\u00e9 deu anys, unes dades actualment desfasades, la tipologia de residus de llavors est\u00e0 molt allunyada de les necessitats que avui dia tenim per a complir amb els objectius marcats per la UE i l&#8217;Ag\u00e8ncia Catalana de Residus i, a m\u00e9s, el contracte de 2015 no t\u00e9 en compte els pics de poblaci\u00f3 durant les temporades tur\u00edstiques, la qual cosa ha comportat durant anys acumulacions en dates de molta aflu\u00e8ncia\u201d.<\/p>\n<p>En previsi\u00f3 a la finalitzaci\u00f3 d&#8217;aquest contracte al gener de 2024, el govern del Conselh Generau d\u2019Aran ja va comen\u00e7ar fa temps a estudiar possibles opcions i preparar-se per a la licitaci\u00f3 del servei l&#8217;any que ve.<\/p>\n<p>En aquest sentit, la s\u00edndica d&#8217;Aran explicava que: \u201cen tractar-se d&#8217;un servei essencial iniciem una campanya d&#8217;informaci\u00f3, conscienciaci\u00f3 i participaci\u00f3 ciutadana per a explicar les dades reals i definir quin \u00e9s el model de residus que volem a l\u2019Aran\u201d i afegia que: \u201cvolem aconseguir un model de servei de recollida de residus funcional, que millori la imatge del nostre territori i, sobretot, que ens ajudi a millorar les dades de generaci\u00f3 de residus, per a avan\u00e7ar a un futur m\u00e9s verd i sostenible\u201d:<\/p>\n<p>Al llarg dels pr\u00f2xims dies, el Conselh Generau d\u2019Aran iniciar\u00e0 una campanya a trav\u00e9s d&#8217;infografies i informacions sobre la generaci\u00f3 de residus del territori i sobre l&#8217;actual model del servei. Una vegada oferta tota la informaci\u00f3, es procedir\u00e0 a iniciar un proc\u00e9s de participaci\u00f3 ciutadana per a poder preparar la licitaci\u00f3 del servei l&#8217;any que ve.<\/p>\n<p>Cal recordar que la recollida de residus \u00e9s una compet\u00e8ncia municipal que va ser delegada a la m\u00e0xima instituci\u00f3 aranesa per part dels ajuntaments anys enrere.<\/p>\n ","protected":false},"excerpt":{"rendered":"<p>El govern d&#8217;Aran ha iniciat els treballs per a la nova licitaci\u00f3 d&#8217;aquest servei, at\u00e8s que l&#8217;actual contracte finalitza al gener de 2024, i iniciar\u00e0 una campanya d&#8217;informaci\u00f3, conscienciaci\u00f3 i participaci\u00f3 ciutadana per a definir-lo Amb aquests treballs, el govern d&#8217;Aran pret\u00e9n aconseguir un model adaptat a la realitat i les necessitats actuals, a trav\u00e9s&#8230;<\/p>\n","protected":false},"author":10,"featured_media":31558,"comment_status":"closed","ping_status":"closed","sticky":false,"template":"","format":"standard","meta":{"footnotes":""},"categories":[127],"tags":[],"_links":{"self":[{"href":"https:\/\/www.conselharan.org\/ca\/wp-json\/wp\/v2\/posts\/50784"}],"collection":[{"href":"https:\/\/www.conselharan.org\/ca\/wp-json\/wp\/v2\/posts"}],"about":[{"href":"https:\/\/www.conselharan.org\/ca\/wp-json\/wp\/v2\/types\/post"}],"author":[{"embeddable":true,"href":"https:\/\/www.conselharan.org\/ca\/wp-json\/wp\/v2\/users\/10"}],"replies":[{"embeddable":true,"href":"https:\/\/www.conselharan.org\/ca\/wp-json\/wp\/v2\/comments?post=50784"}],"version-history":[{"count":1,"href":"https:\/\/www.conselharan.org\/ca\/wp-json\/wp\/v2\/posts\/50784\/revisions"}],"predecessor-version":[{"id":50785,"href":"https:\/\/www.conselharan.org\/ca\/wp-json\/wp\/v2\/posts\/50784\/revisions\/50785"}],"wp:featuredmedia":[{"embeddable":true,"href":"https:\/\/www.conselharan.org\/ca\/wp-json\/wp\/v2\/media\/31558"}],"wp:attachment":[{"href":"https:\/\/www.conselharan.org\/ca\/wp-json\/wp\/v2\/media?parent=50784"}],"wp:term":[{"taxonomy":"category","embeddable":true,"href":"https:\/\/www.conselharan.org\/ca\/wp-json\/wp\/v2\/categories?post=50784"},{"taxonomy":"post_tag","embeddable":true,"href":"https:\/\/www.conselharan.org\/ca\/wp-json\/wp\/v2\/tags?post=50784"}],"curies":[{"name":"wp","href":"https:\/\/api.w.org\/{rel}","templated":true}]}}