{"id":50962,"date":"2022-11-08T14:02:50","date_gmt":"2022-11-08T13:02:50","guid":{"rendered":"https:\/\/www.conselharan.org\/era-sindica-daran-torne-a-sollicitar-limitar-eth-pas-de-camions-ena-n-230-pendent-era-sason-diuern\/"},"modified":"2023-05-17T10:32:55","modified_gmt":"2023-05-17T08:32:55","slug":"era-sindica-daran-torne-a-sollicitar-limitar-eth-pas-de-camions-ena-n-230-pendent-era-sason-diuern","status":"publish","type":"post","link":"https:\/\/www.conselharan.org\/ca\/era-sindica-daran-torne-a-sollicitar-limitar-eth-pas-de-camions-ena-n-230-pendent-era-sason-diuern\/","title":{"rendered":"La s\u00edndica d&#8217;Aran torna a sol\u00b7licitar limitar el pas de camions a la N-230 durant la temporada d&#8217;hivern"},"content":{"rendered":"<p><a href=\"https:\/\/www.conselharan.org\/wp-content\/uploads\/2022\/11\/Camio-N-230-Vielha-scaled-1.jpg\"><img loading=\"lazy\" decoding=\"async\" class=\"aligncenter wp-image-50954 size-large\" src=\"https:\/\/www.conselharan.org\/wp-content\/uploads\/2022\/11\/Camio-N-230-Vielha-scaled-1-1024x597.jpg\" alt=\"\" width=\"1024\" height=\"597\" srcset=\"https:\/\/www.conselharan.org\/wp-content\/uploads\/2022\/11\/Camio-N-230-Vielha-scaled-1-1024x597.jpg 1024w, https:\/\/www.conselharan.org\/wp-content\/uploads\/2022\/11\/Camio-N-230-Vielha-scaled-1-300x175.jpg 300w, https:\/\/www.conselharan.org\/wp-content\/uploads\/2022\/11\/Camio-N-230-Vielha-scaled-1-768x448.jpg 768w, https:\/\/www.conselharan.org\/wp-content\/uploads\/2022\/11\/Camio-N-230-Vielha-scaled-1-1536x895.jpg 1536w, https:\/\/www.conselharan.org\/wp-content\/uploads\/2022\/11\/Camio-N-230-Vielha-scaled-1-2048x1194.jpg 2048w\" sizes=\"(max-width: 1024px) 100vw, 1024px\" \/><\/a><\/p>\n<ul>\n<li>\n<h3><strong>La s\u00edndica, Maria Verg\u00e9s, s&#8217;ha dirigit tant a la Direcci\u00f3 General de Tr\u00e0nsit (DGT) com al Servei Catal\u00e0 de Tr\u00e0nsit per a sol\u00b7licitar que es limiti el pas de vehicles articulats durant els mesos d&#8217;hivern amb l\u2019objectiu de garantir la seguretat dels usuaris i usu\u00e0ries d&#8217;aquesta carretera<\/strong><\/h3>\n<\/li>\n<li>\n<h3><strong>Tant l&#8217;any passat com el 2019, el govern del Conselh Generau d\u2019Aran ja va aconseguir aquesta limitaci\u00f3 durant els caps de setmana entre la localitat de Benavarri (Osca) i la frontera francesa de la Val d&#8217;Aran, una mesura amb molt bon acolliment per part dels usuaris\/es de la via<\/strong><\/h3>\n<\/li>\n<\/ul>\n<p>La s\u00edndica d&#8217;Aran, Maria Verg\u00e9s, ha sol\u00b7licitat per carta al subdirector general de Gesti\u00f3 de la Mobilitat i Tecnologia de la Direcci\u00f3 General de Tr\u00e0fic (DGT), Jorge Ord\u00e1s, i a la responsable del Servei Territorial de Tr\u00e0nsit de Lleida, Maria Trilla, la limitaci\u00f3 del pas de camions a la N-230 durant la temporada d&#8217;hivern per a garantir la seguretat dels usuaris\/es de la via.<\/p>\n<p>\u201cL\u2019N-230 es caracteritza per ser, durant els \u00faltims anys, una via amb una alta sinistralitat a causa de l&#8217;alta pres\u00e8ncia de vehicles articulats i les condicions orogr\u00e0fiques i climatol\u00f2giques que la fan especialment perillosa\u201d, afirmava la s\u00edndica d&#8217;Aran, afegint que: \u201cja l&#8217;any passat i, pr\u00e8viament, el 2019, vam sol\u00b7licitar al Ministeri de Foment que s&#8217;estudiessin mesures que ajudessin a pal\u00b7liar aquest risc i, en aquest sentit, es va aprovar la restricci\u00f3 del pas de vehicles articulats de mercaderies durant la temporada d&#8217;esqu\u00ed, que \u00e9s quan aquesta via compta amb una major aflu\u00e8ncia\u201d.<\/p>\n<p>L&#8217;any passat i el 2019 ja es va aconseguir limitar el pas de camions de divendres a diumenge entre la localitat de Benavarri (Osca) i la frontera francesa de la Val d&#8217;Aran, una mesura molt ben acollida al nostre territori i que el govern del Conselh Generau d\u2019Aran insta a reprendre enguany.<\/p>\n ","protected":false},"excerpt":{"rendered":"<p>La s\u00edndica, Maria Verg\u00e9s, s&#8217;ha dirigit tant a la Direcci\u00f3 General de Tr\u00e0nsit (DGT) com al Servei Catal\u00e0 de Tr\u00e0nsit per a sol\u00b7licitar que es limiti el pas de vehicles articulats durant els mesos d&#8217;hivern amb l\u2019objectiu de garantir la seguretat dels usuaris i usu\u00e0ries d&#8217;aquesta carretera Tant l&#8217;any passat com el 2019, el govern&#8230;<\/p>\n","protected":false},"author":10,"featured_media":50955,"comment_status":"closed","ping_status":"closed","sticky":false,"template":"","format":"standard","meta":{"footnotes":""},"categories":[33],"tags":[],"_links":{"self":[{"href":"https:\/\/www.conselharan.org\/ca\/wp-json\/wp\/v2\/posts\/50962"}],"collection":[{"href":"https:\/\/www.conselharan.org\/ca\/wp-json\/wp\/v2\/posts"}],"about":[{"href":"https:\/\/www.conselharan.org\/ca\/wp-json\/wp\/v2\/types\/post"}],"author":[{"embeddable":true,"href":"https:\/\/www.conselharan.org\/ca\/wp-json\/wp\/v2\/users\/10"}],"replies":[{"embeddable":true,"href":"https:\/\/www.conselharan.org\/ca\/wp-json\/wp\/v2\/comments?post=50962"}],"version-history":[{"count":1,"href":"https:\/\/www.conselharan.org\/ca\/wp-json\/wp\/v2\/posts\/50962\/revisions"}],"predecessor-version":[{"id":50963,"href":"https:\/\/www.conselharan.org\/ca\/wp-json\/wp\/v2\/posts\/50962\/revisions\/50963"}],"wp:featuredmedia":[{"embeddable":true,"href":"https:\/\/www.conselharan.org\/ca\/wp-json\/wp\/v2\/media\/50955"}],"wp:attachment":[{"href":"https:\/\/www.conselharan.org\/ca\/wp-json\/wp\/v2\/media?parent=50962"}],"wp:term":[{"taxonomy":"category","embeddable":true,"href":"https:\/\/www.conselharan.org\/ca\/wp-json\/wp\/v2\/categories?post=50962"},{"taxonomy":"post_tag","embeddable":true,"href":"https:\/\/www.conselharan.org\/ca\/wp-json\/wp\/v2\/tags?post=50962"}],"curies":[{"name":"wp","href":"https:\/\/api.w.org\/{rel}","templated":true}]}}