{"id":51089,"date":"2022-11-23T14:29:56","date_gmt":"2022-11-23T13:29:56","guid":{"rendered":"https:\/\/www.conselharan.org\/es-pompiers-daran-compden-damb-un-nau-esturment-pioner-entas-rescats-en-montanha\/"},"modified":"2023-05-17T10:31:00","modified_gmt":"2023-05-17T08:31:00","slug":"es-pompiers-daran-compden-damb-un-nau-esturment-pioner-entas-rescats-en-montanha","status":"publish","type":"post","link":"https:\/\/www.conselharan.org\/ca\/es-pompiers-daran-compden-damb-un-nau-esturment-pioner-entas-rescats-en-montanha\/","title":{"rendered":"Els Pompi\u00e8rs d&#8217;Aran compten amb un nou instrument per als rescats de muntanya"},"content":{"rendered":"<p><a href=\"https:\/\/www.conselharan.org\/wp-content\/uploads\/2022\/11\/Sin-t\u00edtulo.png\"><img loading=\"lazy\" decoding=\"async\" class=\"aligncenter wp-image-51080 size-large\" src=\"https:\/\/www.conselharan.org\/wp-content\/uploads\/2022\/11\/Sin-t\u00edtulo-1024x771.png\" alt=\"\" width=\"1024\" height=\"771\" srcset=\"https:\/\/www.conselharan.org\/wp-content\/uploads\/2022\/11\/Sin-t\u00edtulo-1024x771.png 1024w, https:\/\/www.conselharan.org\/wp-content\/uploads\/2022\/11\/Sin-t\u00edtulo-300x226.png 300w, https:\/\/www.conselharan.org\/wp-content\/uploads\/2022\/11\/Sin-t\u00edtulo-768x578.png 768w, https:\/\/www.conselharan.org\/wp-content\/uploads\/2022\/11\/Sin-t\u00edtulo.png 1269w\" sizes=\"(max-width: 1024px) 100vw, 1024px\" \/><\/a><\/p>\n<ul>\n<li>\n<h3><strong>El GRM dels Pompi\u00e8rs d&#8217;Aran ha realitzat aquests dies la formaci\u00f3 per a implementar un nou instrument de recerca en muntanya, una campana SAR Recco situada a l&#8217;helic\u00f2pter de rescat que, gr\u00e0cies als reflectors Recco que es troben en moltes peces de roba o que es poden adquirir per lliure, permet detectar a les persones perdudes a la muntanya o atrapades per una allau en un terreny molt ampli i d&#8217;una forma m\u00e9s r\u00e0pida<\/strong><\/h3>\n<\/li>\n<li>\n<h3><strong>La Val d\u2019Aran \u00e9s, avui dia, l&#8217;\u00fanic territori de tot l&#8217;Estat i de tot el Pirineu a comptar amb aquest instrument<\/strong><\/h3>\n<\/li>\n<\/ul>\n<p>El Grup de Rescat en Muntanya (GRM) dels Pompi\u00e8rs d&#8217;Aran ha realitzat aquesta setmana la formaci\u00f3 per a la implantaci\u00f3 del nou instrument de cerca en muntanya, la campana SAR (search and rescue) Recco.<\/p>\n<p>La tecnologia Recco permet, mitjan\u00e7ant uns reflectors que es col\u00b7loquen a la roba o complements, trobar a les persones perdudes a la muntanya o atrapades per una allau gr\u00e0cies a uns detectors que emeten un senyal ac\u00fastic en acostar-se als reflectors per mitj\u00e0 de la seva tecnologia de radar avan\u00e7ada.<\/p>\n<p>\u201cFins ara, compt\u00e0vem amb detectors Recco m\u00e9s petits que ens permetien utilitzar-los a peu en els rescats, per\u00f2 amb la nova campana, que va col\u00b7locada a l&#8217;helic\u00f2pter, fem un salt qualitatiu en el nostre servei, permetent realitzar la cerca en un terreny m\u00e9s ampli i de forma m\u00e9s r\u00e0pida\u201d explicava el responsable del GRM de Pompi\u00e8rs d&#8217;Aran, Juanmi Riu, afegint que \u201caquest instrument podr\u00e0 ser utilitzat tant a l&#8217;hivern, amb les allaus, com en rescats en la temporada d&#8217;estiu\u201d.<\/p>\n<p>La Val d\u2019Aran \u00e9s l&#8217;\u00fanic territori de tot l&#8217;Estat i de tot el Pirineu a comptar amb aquest instrument. En aquest sentit, Riu afirma que \u201cestem en proc\u00e9s de contacte\u00a0amb altres grups de rescat del Pirineu i Espanya per a posar-nos a la seva disposici\u00f3 si necessitessin fer \u00fas d&#8217;aquesta campana\u201d.<\/p>\n<p>\u201cA partir d&#8217;ara, el nostre cos de Pompi\u00e8rs comptar\u00e0 amb un nou i pioner utensili que suposar\u00e0 una major efectivitat del seu inestimable treball de rescat en muntanya\u201d afirmava la s\u00edndica d&#8217;Aran, Maria Verg\u00e9s.<\/p>\n<p>Cada vegada s\u00f3n m\u00e9s les peces de roba o complements com a cascos o cal\u00e7at que incorporen els reflectors Recco, per\u00f2 tamb\u00e9 es poden adquirir de manera individual i col\u00b7locar-los en motxilles o peces de roba que no ho incorporin.<\/p>\n ","protected":false},"excerpt":{"rendered":"<p>El GRM dels Pompi\u00e8rs d&#8217;Aran ha realitzat aquests dies la formaci\u00f3 per a implementar un nou instrument de recerca en muntanya, una campana SAR Recco situada a l&#8217;helic\u00f2pter de rescat que, gr\u00e0cies als reflectors Recco que es troben en moltes peces de roba o que es poden adquirir per lliure, permet detectar a les persones&#8230;<\/p>\n","protected":false},"author":10,"featured_media":51081,"comment_status":"closed","ping_status":"closed","sticky":false,"template":"","format":"standard","meta":{"footnotes":""},"categories":[33,146],"tags":[],"_links":{"self":[{"href":"https:\/\/www.conselharan.org\/ca\/wp-json\/wp\/v2\/posts\/51089"}],"collection":[{"href":"https:\/\/www.conselharan.org\/ca\/wp-json\/wp\/v2\/posts"}],"about":[{"href":"https:\/\/www.conselharan.org\/ca\/wp-json\/wp\/v2\/types\/post"}],"author":[{"embeddable":true,"href":"https:\/\/www.conselharan.org\/ca\/wp-json\/wp\/v2\/users\/10"}],"replies":[{"embeddable":true,"href":"https:\/\/www.conselharan.org\/ca\/wp-json\/wp\/v2\/comments?post=51089"}],"version-history":[{"count":1,"href":"https:\/\/www.conselharan.org\/ca\/wp-json\/wp\/v2\/posts\/51089\/revisions"}],"predecessor-version":[{"id":51090,"href":"https:\/\/www.conselharan.org\/ca\/wp-json\/wp\/v2\/posts\/51089\/revisions\/51090"}],"wp:featuredmedia":[{"embeddable":true,"href":"https:\/\/www.conselharan.org\/ca\/wp-json\/wp\/v2\/media\/51081"}],"wp:attachment":[{"href":"https:\/\/www.conselharan.org\/ca\/wp-json\/wp\/v2\/media?parent=51089"}],"wp:term":[{"taxonomy":"category","embeddable":true,"href":"https:\/\/www.conselharan.org\/ca\/wp-json\/wp\/v2\/categories?post=51089"},{"taxonomy":"post_tag","embeddable":true,"href":"https:\/\/www.conselharan.org\/ca\/wp-json\/wp\/v2\/tags?post=51089"}],"curies":[{"name":"wp","href":"https:\/\/api.w.org\/{rel}","templated":true}]}}