{"id":51169,"date":"2022-11-29T14:52:02","date_gmt":"2022-11-29T13:52:02","guid":{"rendered":"https:\/\/www.conselharan.org\/eth-conselh-generau-daran-reforce-era-atencion-ara-discapacitat\/"},"modified":"2023-01-02T09:34:34","modified_gmt":"2023-01-02T08:34:34","slug":"eth-conselh-generau-daran-reforce-era-atencion-ara-discapacitat","status":"publish","type":"post","link":"https:\/\/www.conselharan.org\/ca\/eth-conselh-generau-daran-reforce-era-atencion-ara-discapacitat\/","title":{"rendered":"El Conselh Generau d\u2019Aran refor\u00e7a l&#8217;atenci\u00f3 a la discapacitat"},"content":{"rendered":"<p><a href=\"https:\/\/www.conselharan.org\/wp-content\/uploads\/2022\/11\/Dise\u00f1o-sin-t\u00edtulo.png\"><img loading=\"lazy\" decoding=\"async\" class=\"aligncenter wp-image-51161 size-large\" src=\"https:\/\/www.conselharan.org\/wp-content\/uploads\/2022\/11\/Dise\u00f1o-sin-t\u00edtulo-819x1024.png\" alt=\"\" width=\"819\" height=\"1024\" srcset=\"https:\/\/www.conselharan.org\/wp-content\/uploads\/2022\/11\/Dise\u00f1o-sin-t\u00edtulo-819x1024.png 819w, https:\/\/www.conselharan.org\/wp-content\/uploads\/2022\/11\/Dise\u00f1o-sin-t\u00edtulo-240x300.png 240w, https:\/\/www.conselharan.org\/wp-content\/uploads\/2022\/11\/Dise\u00f1o-sin-t\u00edtulo-768x960.png 768w, https:\/\/www.conselharan.org\/wp-content\/uploads\/2022\/11\/Dise\u00f1o-sin-t\u00edtulo.png 1080w\" sizes=\"(max-width: 819px) 100vw, 819px\" \/><\/a><\/p>\n<ul>\n<li>\n<h3><strong>Per mitj\u00e0 d&#8217;un nou conveni amb ADDA i la societat mercantil Gureak a l\u2019Aran, el govern d&#8217;Aran impulsa l&#8217;atenci\u00f3 de persones amb discapacitat emprades al centre especial de treball de la Val d&#8217;Aran gestionat per aquesta societat, duent a terme la contractaci\u00f3 d&#8217;un professional per al seguiment i acompanyament psicosocial dels usuaris\/es i per al foment de la inclusi\u00f3 sociolaboral<\/strong><\/h3>\n<\/li>\n<\/ul>\n<p>El govern del Conselh Generau d\u2019Aran ha signat un nou conveni de col\u00b7laboraci\u00f3 amb l&#8217;Associaci\u00f3 de Discapacitats d&#8217;Aran (ADDA) i la societat mercantil Gureak Aran per a l&#8217;atenci\u00f3 de persones amb discapacitat emprades en el centre especial de treball de Gureak.<\/p>\n<p>Per mitj\u00e0 d&#8217;aquest conveni, el govern d&#8217;Aran ha augmentat en 30.000 \u20ac la dotaci\u00f3 econ\u00f2mica que brinda a ADDA per a refor\u00e7ar el suport professional de ADDA a Gureak per mitj\u00e0 de la contractaci\u00f3 d&#8217;una professional que ja duu a terme un seguiment psicosocial al centre de treball de Gureak a Aran.<\/p>\n<p>\u201cUn dels objectius del govern del Conselh Generau d\u2019Aran \u00e9s el de tancar el cercle de la gesti\u00f3 i atenci\u00f3 a les persones a trav\u00e9s del nostre sistema social i sanitari. En aquest sentit, l&#8217;atenci\u00f3 a la discapacitat per part de la m\u00e0xima instituci\u00f3 ha quedat enrere durant anys, i ara volem impulsar un projecte clar i concret que brinda solucions a les necessitats reals del nostre territori de la m\u00e0 dels seus professionals\u201d afirmava la s\u00edndica d&#8217;Aran, Maria Verg\u00e9s, afegint que: \u201cen aquest sentit, el treball que desenvolupen l&#8217;associaci\u00f3 ADDA i el centre de treball Gureak \u00e9s primordial per al benestar col\u00b7lectiu de la societat aranesa\u201d.<\/p>\n<p>La societat mercantil Gureak Aran genera i gestiona oportunitats laborals estables i adaptades a les persones amb discapacitat al nostre territori, fomentant la inclusi\u00f3 sociolaboral. Per part seva, ADDA dona resposta a les necessitats de les persones amb discapacitat intel\u00b7lectual en edat laboral de la Val d&#8217;Aran que, per les seves caracter\u00edstiques, no poden accedir a tenir un contracte de treball en un Centre Especial de Treball.<\/p>\n ","protected":false},"excerpt":{"rendered":"<p>Per mitj\u00e0 d&#8217;un nou conveni amb ADDA i la societat mercantil Gureak a l\u2019Aran, el govern d&#8217;Aran impulsa l&#8217;atenci\u00f3 de persones amb discapacitat emprades al centre especial de treball de la Val d&#8217;Aran gestionat per aquesta societat, duent a terme la contractaci\u00f3 d&#8217;un professional per al seguiment i acompanyament psicosocial dels usuaris\/es i per al&#8230;<\/p>\n","protected":false},"author":10,"featured_media":51162,"comment_status":"closed","ping_status":"closed","sticky":false,"template":"","format":"standard","meta":{"footnotes":""},"categories":[53,797],"tags":[],"_links":{"self":[{"href":"https:\/\/www.conselharan.org\/ca\/wp-json\/wp\/v2\/posts\/51169"}],"collection":[{"href":"https:\/\/www.conselharan.org\/ca\/wp-json\/wp\/v2\/posts"}],"about":[{"href":"https:\/\/www.conselharan.org\/ca\/wp-json\/wp\/v2\/types\/post"}],"author":[{"embeddable":true,"href":"https:\/\/www.conselharan.org\/ca\/wp-json\/wp\/v2\/users\/10"}],"replies":[{"embeddable":true,"href":"https:\/\/www.conselharan.org\/ca\/wp-json\/wp\/v2\/comments?post=51169"}],"version-history":[{"count":2,"href":"https:\/\/www.conselharan.org\/ca\/wp-json\/wp\/v2\/posts\/51169\/revisions"}],"predecessor-version":[{"id":51171,"href":"https:\/\/www.conselharan.org\/ca\/wp-json\/wp\/v2\/posts\/51169\/revisions\/51171"}],"wp:featuredmedia":[{"embeddable":true,"href":"https:\/\/www.conselharan.org\/ca\/wp-json\/wp\/v2\/media\/51162"}],"wp:attachment":[{"href":"https:\/\/www.conselharan.org\/ca\/wp-json\/wp\/v2\/media?parent=51169"}],"wp:term":[{"taxonomy":"category","embeddable":true,"href":"https:\/\/www.conselharan.org\/ca\/wp-json\/wp\/v2\/categories?post=51169"},{"taxonomy":"post_tag","embeddable":true,"href":"https:\/\/www.conselharan.org\/ca\/wp-json\/wp\/v2\/tags?post=51169"}],"curies":[{"name":"wp","href":"https:\/\/api.w.org\/{rel}","templated":true}]}}