{"id":51199,"date":"2022-12-02T14:35:09","date_gmt":"2022-12-02T13:35:09","guid":{"rendered":"https:\/\/www.conselharan.org\/?p=51199"},"modified":"2022-12-02T14:35:09","modified_gmt":"2022-12-02T13:35:09","slug":"el-conselh-generau-daran-i-lajuntament-de-vielha-i-mijaran-organitzen-un-concert-solidari-de-gospel-a-benefici-de-lassociacio-contra-el-cancer-acc-a-la-val-daran","status":"publish","type":"post","link":"https:\/\/www.conselharan.org\/ca\/el-conselh-generau-daran-i-lajuntament-de-vielha-i-mijaran-organitzen-un-concert-solidari-de-gospel-a-benefici-de-lassociacio-contra-el-cancer-acc-a-la-val-daran\/","title":{"rendered":"El Conselh Generau d\u2019Aran i l&#8217;Ajuntament de Vielha i Mijaran organitzen un concert solidari de G\u00f2spel a benefici de l&#8217;Associaci\u00f3 Contra el C\u00e0ncer (ACC) a la Val d\u2019Aran"},"content":{"rendered":"<p><a href=\"https:\/\/www.conselharan.org\/ca\/el-conselh-generau-daran-i-lajuntament-de-vielha-i-mijaran-organitzen-un-concert-solidari-de-gospel-a-benefici-de-lassociacio-contra-el-cancer-acc-a-la-val-daran\/acc-vda-2\/\" rel=\"attachment wp-att-51195\"><img loading=\"lazy\" decoding=\"async\" class=\"aligncenter size-large wp-image-51195\" src=\"https:\/\/www.conselharan.org\/wp-content\/uploads\/2022\/12\/ACC-VdA-1024x614.jpg\" alt=\"\" width=\"1024\" height=\"614\" srcset=\"https:\/\/www.conselharan.org\/wp-content\/uploads\/2022\/12\/ACC-VdA-1024x614.jpg 1024w, https:\/\/www.conselharan.org\/wp-content\/uploads\/2022\/12\/ACC-VdA-300x180.jpg 300w, https:\/\/www.conselharan.org\/wp-content\/uploads\/2022\/12\/ACC-VdA-768x461.jpg 768w, https:\/\/www.conselharan.org\/wp-content\/uploads\/2022\/12\/ACC-VdA-1536x922.jpg 1536w, https:\/\/www.conselharan.org\/wp-content\/uploads\/2022\/12\/ACC-VdA-2048x1229.jpg 2048w\" sizes=\"(max-width: 1024px) 100vw, 1024px\" \/><\/a><\/p>\n<p>&nbsp;<\/p>\n<p>\u2022<strong> El Conselh Generau d\u2019Aran i l&#8217;Ajuntament de Vielha i Mijaran han signat un conveni amb l&#8217;Associaci\u00f3 Contra el C\u00e0ncer (ACC) a la Val d\u2019Aran per la realitzaci\u00f3 d\u2019un concert ben\u00e8fic organitzat conjuntament amb l&#8217;associaci\u00f3 Aran Teatre<\/strong><\/p>\n<p><strong>\u2022 El concert solidari de G\u00f2spel es celebrar\u00e0 durant el pont de la Constituci\u00f3, el dia 8 de desembre a les 20h30 a l\u2019esgl\u00e9sia de Mijaran i la totalitat dels ingressos de la venta d\u2019entrades anir\u00e0 destinada a l&#8217;Associaci\u00f3 Contra el C\u00e0ncer a la Val d\u2019Aran<\/strong><\/p>\n<p>Aquest mat\u00ed la seu del Conselh Generau d\u2019Aran ha acollit la signatura del conveni de col\u00b7laboraci\u00f3 entre el Conselh Generau d\u2019Aran, l&#8217;Ajuntament de Vielha i Mijaran i l&#8217;Associaci\u00f3 Contra el C\u00e0ncer (ACC) a la Val d\u2019Aran per la realitzaci\u00f3 d\u2019un concert ben\u00e8fic de G\u00f2spel que es celebrar\u00e0 durant el pont de la Constituci\u00f3 i est\u00e0 organitzat conjuntament amb l&#8217;associaci\u00f3 Aran Teatre.<\/p>\n<p>L&#8217;acte ha comptat amb la pres\u00e8ncia de la s\u00edndica d&#8217;Aran, Maria Verg\u00e9s, de l&#8217;alcalde de Vielha i Mijaran, Juan Antonio Serrano i del president de la AECC a Lleida, Sisco Maranges.<\/p>\n<p>El concert solidari de G\u00f2spel ser\u00e0 el dia 8 de desembre a les 20h30 a l\u2019esgl\u00e9sia de Mijaran i la totalitat dels ingressos de la venta d\u2019entrades anir\u00e0 destinada a l&#8217;Associaci\u00f3 Contra el C\u00e0ncer (ACC) a la Val d\u2019Aran per la sensibilitzaci\u00f3, prevenci\u00f3 i investigaci\u00f3 del c\u00e0ncer, afavorint les campanyes i actuacions que la AECC duu a terme en el territori de l\u2019Aran.<\/p>\n<p>L&#8217;entrada pel concert tindr\u00e0 un <strong>preu de 12\u20ac online en el seg\u00fcent enlla\u00e7: <a href=\"http:\/\/www.4tickets.es\" target=\"_blank\" rel=\"noopener noreferrer\">www.4tickets.es<\/a> o 15\u20ac en finestreta<\/strong> el mateix dia del concert .<\/p>\n<p>&nbsp;<\/p>\n<p>&nbsp;<\/p>\n<p><em>Vielha, 2 de desembre de 2022<\/em><\/p>\n ","protected":false},"excerpt":{"rendered":"<p>&nbsp; \u2022 El Conselh Generau d\u2019Aran i l&#8217;Ajuntament de Vielha i Mijaran han signat un conveni amb l&#8217;Associaci\u00f3 Contra el C\u00e0ncer (ACC) a la Val d\u2019Aran per la realitzaci\u00f3 d\u2019un concert ben\u00e8fic organitzat conjuntament amb l&#8217;associaci\u00f3 Aran Teatre \u2022 El concert solidari de G\u00f2spel es celebrar\u00e0 durant el pont de la Constituci\u00f3, el dia 8&#8230;<\/p>\n","protected":false},"author":2,"featured_media":51195,"comment_status":"closed","ping_status":"closed","sticky":false,"template":"","format":"standard","meta":{"footnotes":""},"categories":[33,797],"tags":[],"_links":{"self":[{"href":"https:\/\/www.conselharan.org\/ca\/wp-json\/wp\/v2\/posts\/51199"}],"collection":[{"href":"https:\/\/www.conselharan.org\/ca\/wp-json\/wp\/v2\/posts"}],"about":[{"href":"https:\/\/www.conselharan.org\/ca\/wp-json\/wp\/v2\/types\/post"}],"author":[{"embeddable":true,"href":"https:\/\/www.conselharan.org\/ca\/wp-json\/wp\/v2\/users\/2"}],"replies":[{"embeddable":true,"href":"https:\/\/www.conselharan.org\/ca\/wp-json\/wp\/v2\/comments?post=51199"}],"version-history":[{"count":2,"href":"https:\/\/www.conselharan.org\/ca\/wp-json\/wp\/v2\/posts\/51199\/revisions"}],"predecessor-version":[{"id":51201,"href":"https:\/\/www.conselharan.org\/ca\/wp-json\/wp\/v2\/posts\/51199\/revisions\/51201"}],"wp:featuredmedia":[{"embeddable":true,"href":"https:\/\/www.conselharan.org\/ca\/wp-json\/wp\/v2\/media\/51195"}],"wp:attachment":[{"href":"https:\/\/www.conselharan.org\/ca\/wp-json\/wp\/v2\/media?parent=51199"}],"wp:term":[{"taxonomy":"category","embeddable":true,"href":"https:\/\/www.conselharan.org\/ca\/wp-json\/wp\/v2\/categories?post=51199"},{"taxonomy":"post_tag","embeddable":true,"href":"https:\/\/www.conselharan.org\/ca\/wp-json\/wp\/v2\/tags?post=51199"}],"curies":[{"name":"wp","href":"https:\/\/api.w.org\/{rel}","templated":true}]}}