{"id":51224,"date":"2022-12-04T14:55:36","date_gmt":"2022-12-04T13:55:36","guid":{"rendered":"https:\/\/www.conselharan.org\/es-pompiers-daran-hestegen-eth-dia-de-santa-barbara\/"},"modified":"2023-01-02T09:33:42","modified_gmt":"2023-01-02T08:33:42","slug":"es-pompiers-daran-hestegen-eth-dia-de-santa-barbara","status":"publish","type":"post","link":"https:\/\/www.conselharan.org\/ca\/es-pompiers-daran-hestegen-eth-dia-de-santa-barbara\/","title":{"rendered":"Els Pompi\u00e8rs d\u2019Aran festegen el dia de Santa B\u00e0rbara"},"content":{"rendered":"<p><a href=\"https:\/\/www.conselharan.org\/wp-content\/uploads\/2022\/12\/Santa-Barbara-2.jpeg\"><img loading=\"lazy\" decoding=\"async\" class=\"aligncenter wp-image-51215 size-large\" src=\"https:\/\/www.conselharan.org\/wp-content\/uploads\/2022\/12\/Santa-Barbara-2-e1670162085832-1024x532.jpeg\" alt=\"\" width=\"1024\" height=\"532\" srcset=\"https:\/\/www.conselharan.org\/wp-content\/uploads\/2022\/12\/Santa-Barbara-2-e1670162085832-1024x532.jpeg 1024w, https:\/\/www.conselharan.org\/wp-content\/uploads\/2022\/12\/Santa-Barbara-2-e1670162085832-300x156.jpeg 300w, https:\/\/www.conselharan.org\/wp-content\/uploads\/2022\/12\/Santa-Barbara-2-e1670162085832-768x399.jpeg 768w, https:\/\/www.conselharan.org\/wp-content\/uploads\/2022\/12\/Santa-Barbara-2-e1670162085832.jpeg 1425w\" sizes=\"(max-width: 1024px) 100vw, 1024px\" \/><\/a><\/p>\n<ul>\n<li>\n<h3><strong>Com ja \u00e9s tradicional cada 4 de desembre, el Conselh Generau d\u2019Aran ha organitzat avui una jornada commemorativa per a posar en valor el servei a la comunitat que presta el cos de Pompi\u00e8rs d\u2019Aran, una festa que enguany marca la fi d&#8217;una etapa i l&#8217;inici d\u2019una nova, ja que a partir de l&#8217;1 de gener de 2023, l&#8217;\u00e0rea d&#8217;emerg\u00e8ncies del govern d&#8217;Aran comen\u00e7ar\u00e0 a funcionar de manera aut\u00f2noma, gestionant l&#8217;emerg\u00e8ncia de manera transversal a la Val d&#8217;Aran<\/strong><\/h3>\n<\/li>\n<li>\n<h3><strong>Durant l&#8217;acte institucional, s&#8217;ha dut a terme el lliurament de les medalles de \u201cBombers voluntaris de la Generalitat de Catalunya\u201d, que distingeixen la traject\u00f2ria dels bombers a qui es concedeixen en funci\u00f3 dels anys d&#8217;antiguitat i dels serveis excepcionals realitzats, i s&#8217;ha atorgat tamb\u00e9 per part de la mateixa Generalitat el diploma honor\u00edfic a Joan Canalias a t\u00edtol p\u00f2stum, com a mostra de reconeixement a la seva traject\u00f2ria<\/strong><\/h3>\n<\/li>\n<\/ul>\n<p>Avui, 4 de desembre de 2022, s&#8217;ha celebrat la tradicional festa de Santa B\u00e0rbara, patrona dels Pompi\u00e8rs d\u2019Aran, una jornada que ha estat presidida per la s\u00edndica d&#8217;Aran, Maria Verg\u00e9s, el Major els Pompi\u00e8rs, Manel Bosch, el director general de Prevenci\u00f3, Extinci\u00f3 d&#8217;Incendis i Salvaments de la Generalitat, Joan Delort, i el subdirector general Operatiu de Bombers de la Generalitat, David Borrell.<\/p>\n<p>Aquesta festivitat ha comen\u00e7at, com ja \u00e9s tradicional, amb els tocs de sirena i el passeig dels vehicles dels Pompi\u00e8rs per diversos pobles de la Val d&#8217;Aran, continuant despr\u00e9s amb la missa en honor a Santa B\u00e0rbara abans de donar inici a l&#8217;acte institucional, que ha comen\u00e7at amb un minut de silenci en record als bombers difunts.<\/p>\n<p>Tot seguit, ha tingut lloc l&#8217;atorgament de les medalles dels \u201cBombers voluntaris de la Generalitat de Catalunya\u201d, uns guardons que distingeixen la traject\u00f2ria dels bombers als qui es concedeixen en funci\u00f3 dels anys d&#8217;antiguitat i dels serveis excepcionals realitzats. En total, s&#8217;han concedit trenta-una medalles als nostres bombers i bomberes.<\/p>\n<p>Aix\u00ed mateix, avui s&#8217;ha atorgat tamb\u00e9 el diploma honor\u00edfic de la Generalitat de Catalunya a Joan Canalias a t\u00edtol p\u00f2stum, com a mostra de reconeixement a tots els seus anys d&#8217;implicaci\u00f3 i comprom\u00eds amb el cos de Pompi\u00e8rs d\u2019Aran.<\/p>\n<p>En els parlaments oficials, la s\u00edndica d&#8217;Aran ha volgut destacar que: \u201cla d&#8217;avui \u00e9s una festa de Santa B\u00e0rbara molt especial, que marca la fi d&#8217;una etapa i l&#8217;inici d&#8217;una altra at\u00e8s que, a partir de l&#8217;acord institucional que es va signar el 2019 amb la Generalitat de Catalunya, a partir de l&#8217;1 de gener de 2023, l&#8217;\u00e0rea d&#8217;emerg\u00e8ncies que el Conselh Generau d\u2019Aran va crear oficialment en el seu \u00faltim ple, comen\u00e7ar\u00e0 a funcionar de manera aut\u00f2noma, gestionant l&#8217;emerg\u00e8ncia de manera transversal a tot el territori d&#8217;Aran, quelcom que ens permetr\u00e0, entre altres coses, brindar seguretat jur\u00eddica al col\u00b7lectiu dels Pompi\u00e8rs voluntaris, exportar coneixement o poder especialitzar-nos en \u00e0mbits com el rescat en muntanya o la gesti\u00f3 de les cremes controlades\u201d.<\/p>\n<p>Per la seva banda, el director general de Prevenci\u00f3, Extinci\u00f3 d&#8217;Incendis i Salvaments de Catalunya, Joan Delort, ha posat en valor el proc\u00e9s que ha dut a la posada en marxa dels Pompi\u00e8rs d&#8217;Aran i ha desitjat &#8220;molts \u00e8xits en aquest viatge que comenceu amb total independ\u00e8ncia el proper 1 de gener&#8221;.<\/p>\n ","protected":false},"excerpt":{"rendered":"<p>Com ja \u00e9s tradicional cada 4 de desembre, el Conselh Generau d\u2019Aran ha organitzat avui una jornada commemorativa per a posar en valor el servei a la comunitat que presta el cos de Pompi\u00e8rs d\u2019Aran, una festa que enguany marca la fi d&#8217;una etapa i l&#8217;inici d\u2019una nova, ja que a partir de l&#8217;1 de&#8230;<\/p>\n","protected":false},"author":10,"featured_media":51216,"comment_status":"closed","ping_status":"closed","sticky":false,"template":"","format":"standard","meta":{"footnotes":""},"categories":[33,146],"tags":[],"_links":{"self":[{"href":"https:\/\/www.conselharan.org\/ca\/wp-json\/wp\/v2\/posts\/51224"}],"collection":[{"href":"https:\/\/www.conselharan.org\/ca\/wp-json\/wp\/v2\/posts"}],"about":[{"href":"https:\/\/www.conselharan.org\/ca\/wp-json\/wp\/v2\/types\/post"}],"author":[{"embeddable":true,"href":"https:\/\/www.conselharan.org\/ca\/wp-json\/wp\/v2\/users\/10"}],"replies":[{"embeddable":true,"href":"https:\/\/www.conselharan.org\/ca\/wp-json\/wp\/v2\/comments?post=51224"}],"version-history":[{"count":1,"href":"https:\/\/www.conselharan.org\/ca\/wp-json\/wp\/v2\/posts\/51224\/revisions"}],"predecessor-version":[{"id":51225,"href":"https:\/\/www.conselharan.org\/ca\/wp-json\/wp\/v2\/posts\/51224\/revisions\/51225"}],"wp:featuredmedia":[{"embeddable":true,"href":"https:\/\/www.conselharan.org\/ca\/wp-json\/wp\/v2\/media\/51216"}],"wp:attachment":[{"href":"https:\/\/www.conselharan.org\/ca\/wp-json\/wp\/v2\/media?parent=51224"}],"wp:term":[{"taxonomy":"category","embeddable":true,"href":"https:\/\/www.conselharan.org\/ca\/wp-json\/wp\/v2\/categories?post=51224"},{"taxonomy":"post_tag","embeddable":true,"href":"https:\/\/www.conselharan.org\/ca\/wp-json\/wp\/v2\/tags?post=51224"}],"curies":[{"name":"wp","href":"https:\/\/api.w.org\/{rel}","templated":true}]}}