{"id":51249,"date":"2022-12-09T10:04:34","date_gmt":"2022-12-09T09:04:34","guid":{"rendered":"https:\/\/www.conselharan.org\/?p=51249"},"modified":"2022-12-09T10:05:03","modified_gmt":"2022-12-09T09:05:03","slug":"el-conselh-generau-daran-i-lajuntament-del-naut-aran-acorden-restringir-la-pernoctacio-al-pla-de-beret","status":"publish","type":"post","link":"https:\/\/www.conselharan.org\/ca\/el-conselh-generau-daran-i-lajuntament-del-naut-aran-acorden-restringir-la-pernoctacio-al-pla-de-beret\/","title":{"rendered":"El Conselh Generau d\u2019Aran i l\u2019Ajuntament del Naut Aran acorden restringir la pernoctaci\u00f3 al Pla de Beret"},"content":{"rendered":"<p><a href=\"https:\/\/www.conselharan.org\/ca\/el-conselh-generau-daran-i-lajuntament-del-naut-aran-acorden-restringir-la-pernoctacio-al-pla-de-beret\/fjn8qs5xeaqto4v-2\/\" rel=\"attachment wp-att-51245\"><img loading=\"lazy\" decoding=\"async\" class=\"aligncenter size-full wp-image-51245\" src=\"https:\/\/www.conselharan.org\/wp-content\/uploads\/2022\/12\/FjN8qS5XEAQtO4V.jpg\" alt=\"\" width=\"680\" height=\"510\" srcset=\"https:\/\/www.conselharan.org\/wp-content\/uploads\/2022\/12\/FjN8qS5XEAQtO4V.jpg 680w, https:\/\/www.conselharan.org\/wp-content\/uploads\/2022\/12\/FjN8qS5XEAQtO4V-300x225.jpg 300w\" sizes=\"(max-width: 680px) 100vw, 680px\" \/><\/a><\/p>\n<p><strong>\u2022 En aplicaci\u00f3 de la modificaci\u00f3 de l\u2019Ordenan\u00e7a d\u2019acc\u00e9s motoritzat al medi natural a la Val d\u2019Aran publicada el 28 d\u2019agost de 2017, que prohibia la pernoctaci\u00f3 en vehicles al medi natural de forma gen\u00e8rica, els estaments han acordat ampliar la restricci\u00f3 a la carretera C-142B d\u2019acc\u00e9s al Pla de Beret, incloent els p\u00e0rquings de l\u2019estaci\u00f3 d\u2019esqu\u00ed<\/strong><\/p>\n<p><strong>\u2022 Com a alternativa per a autocaravanes i altres vehicles camperitzats, s\u2019ha habilitat una part del p\u00e0rquing de 1500m, aix\u00ed com tamb\u00e9 es pot pernoctar als nuclis urbans i a les zones perimetrals de les carreteres C-28 i N-230, amb els condicionants de les normatives municipals i de carreteres quan sigui el cas<\/strong><\/p>\n<p>&nbsp;<\/p>\n<p>El Conselh Generau d\u2019Aran i l\u2019Ajuntament de Naut Aran han acordat realitzar les accions necess\u00e0ries per a restringir la pernoctaci\u00f3 al Pla de Beret, en compliment de l\u2019Ordenan\u00e7a d\u2019acc\u00e9s motoritzat al medi natural.<\/p>\n<p>El nombre d\u2019autocaravanes i furgonetes al Pla de Beret ha anat augmentant la darrera d\u00e8cada i s\u2019ha disparat a partir de la pand\u00e8mia, podent-se comptar m\u00e9s de 300 vehicles pernoctant durant els per\u00edodes de vacances als p\u00e0rquings de l\u2019Orri i Beret. Aix\u00f2 suposa una poblaci\u00f3 gaireb\u00e9 estable de m\u00e9s de 600 persones, amb els problemes ambientals que aix\u00f2 comporta en un indret d\u2019alta muntanya; des del sanejament (v\u00e0ters qu\u00edmics abocats als contenidors de rebuig) a l\u2019impacte lum\u00ednic i ac\u00fastic (m\u00fasica, gossos&#8230;) en horaris nocturns. La pres\u00e8ncia continuada dels vehicles aparcats tamb\u00e9 impedeix o dificulta la neteja de la neu dels p\u00e0rquings, fins al punt que els conductors de les llevaneus rebien queixes i fins i tot amenaces per part dels usuaris de les autocaravanes, i disminueix notablement la capacitat d\u2019aquests p\u00e0rquings per a acollir vehicles.<\/p>\n<p>S\u2019han detectat vehicles estacionats durant per\u00edodes de diversos mesos que eren llogats en el seu aparcament a peu de pistes. A m\u00e9s, per un evident criteri de protecci\u00f3 civil, un nombre tan elevat de persones pernoctant en zones tan elevades fa m\u00e9s probable que una situaci\u00f3 d\u2019emerg\u00e8ncia pugui complicar-se en cas de fortes nevades nocturnes, ja que de Tanau al Pla de Beret, la carretera queda sovint tallada per les congestes o el risc d\u2019allaus.<\/p>\n<p>Aquestes casu\u00edstiques feien recomanable l\u2019aplicaci\u00f3 d\u2019aquestes restriccions al Pla de Beret amb anterioritat, per\u00f2 es varen anar endarrerint adaptant-se a les restriccions post-pand\u00e8mia.<\/p>\n<p>Finalment, de forma coordinada entre el Conselh Generau d\u2019Aran i l\u2019Ajuntament de Naut Aran, s\u2019ha decidit iniciar un dispositiu conjunt d\u2019Agents de Medi Ambient i Mossos d\u2019Esquadra que inclou accions informatives, advert\u00e8ncies i tamb\u00e9 la imposici\u00f3 de sancions, segons el previst en l\u2019ordenan\u00e7a reguladora de l\u2019acc\u00e9s al medi natural. Es preveu que aquestes mesures es mantindran durant tot l\u2019any.<\/p>\n<p>&nbsp;<\/p>\n<p>&nbsp;<\/p>\n<p><em>Vielha, 7 de desembre de 2022<\/em><\/p>\n ","protected":false},"excerpt":{"rendered":"<p>\u2022 En aplicaci\u00f3 de la modificaci\u00f3 de l\u2019Ordenan\u00e7a d\u2019acc\u00e9s motoritzat al medi natural a la Val d\u2019Aran publicada el 28 d\u2019agost de 2017, que prohibia la pernoctaci\u00f3 en vehicles al medi natural de forma gen\u00e8rica, els estaments han acordat ampliar la restricci\u00f3 a la carretera C-142B d\u2019acc\u00e9s al Pla de Beret, incloent els p\u00e0rquings de&#8230;<\/p>\n","protected":false},"author":2,"featured_media":51245,"comment_status":"closed","ping_status":"closed","sticky":false,"template":"","format":"standard","meta":{"footnotes":""},"categories":[33],"tags":[],"_links":{"self":[{"href":"https:\/\/www.conselharan.org\/ca\/wp-json\/wp\/v2\/posts\/51249"}],"collection":[{"href":"https:\/\/www.conselharan.org\/ca\/wp-json\/wp\/v2\/posts"}],"about":[{"href":"https:\/\/www.conselharan.org\/ca\/wp-json\/wp\/v2\/types\/post"}],"author":[{"embeddable":true,"href":"https:\/\/www.conselharan.org\/ca\/wp-json\/wp\/v2\/users\/2"}],"replies":[{"embeddable":true,"href":"https:\/\/www.conselharan.org\/ca\/wp-json\/wp\/v2\/comments?post=51249"}],"version-history":[{"count":2,"href":"https:\/\/www.conselharan.org\/ca\/wp-json\/wp\/v2\/posts\/51249\/revisions"}],"predecessor-version":[{"id":51251,"href":"https:\/\/www.conselharan.org\/ca\/wp-json\/wp\/v2\/posts\/51249\/revisions\/51251"}],"wp:featuredmedia":[{"embeddable":true,"href":"https:\/\/www.conselharan.org\/ca\/wp-json\/wp\/v2\/media\/51245"}],"wp:attachment":[{"href":"https:\/\/www.conselharan.org\/ca\/wp-json\/wp\/v2\/media?parent=51249"}],"wp:term":[{"taxonomy":"category","embeddable":true,"href":"https:\/\/www.conselharan.org\/ca\/wp-json\/wp\/v2\/categories?post=51249"},{"taxonomy":"post_tag","embeddable":true,"href":"https:\/\/www.conselharan.org\/ca\/wp-json\/wp\/v2\/tags?post=51249"}],"curies":[{"name":"wp","href":"https:\/\/api.w.org\/{rel}","templated":true}]}}