{"id":51291,"date":"2022-12-14T18:24:54","date_gmt":"2022-12-14T17:24:54","guid":{"rendered":"https:\/\/www.conselharan.org\/lissa-escala-e-xavier-lamuela-reconeishudi-damb-eth-premi-robert-lafont-pes-sues-trajectories-ena-promocion-der-aranes\/"},"modified":"2022-12-14T18:24:54","modified_gmt":"2022-12-14T17:24:54","slug":"lissa-escala-e-xavier-lamuela-reconeishudi-damb-eth-premi-robert-lafont-pes-sues-trajectories-ena-promocion-der-aranes","status":"publish","type":"post","link":"https:\/\/www.conselharan.org\/ca\/lissa-escala-e-xavier-lamuela-reconeishudi-damb-eth-premi-robert-lafont-pes-sues-trajectories-ena-promocion-der-aranes\/","title":{"rendered":"Lissa Escala y Xavier Lamuela reconocidos con el premio Rob\u00e8rt Lafont por sus trayectorias en la promoci\u00f3n del aran\u00e9s"},"content":{"rendered":"<p><a href=\"https:\/\/www.conselharan.org\/wp-content\/uploads\/2022\/12\/Dise\u00f1o-sin-t\u00edtulo-4.png\"><img loading=\"lazy\" decoding=\"async\" class=\"aligncenter wp-image-51280 size-large\" src=\"https:\/\/www.conselharan.org\/wp-content\/uploads\/2022\/12\/Dise\u00f1o-sin-t\u00edtulo-4-1024x512.png\" alt=\"\" width=\"1024\" height=\"512\" srcset=\"https:\/\/www.conselharan.org\/wp-content\/uploads\/2022\/12\/Dise\u00f1o-sin-t\u00edtulo-4-1024x512.png 1024w, https:\/\/www.conselharan.org\/wp-content\/uploads\/2022\/12\/Dise\u00f1o-sin-t\u00edtulo-4-300x150.png 300w, https:\/\/www.conselharan.org\/wp-content\/uploads\/2022\/12\/Dise\u00f1o-sin-t\u00edtulo-4-768x384.png 768w, https:\/\/www.conselharan.org\/wp-content\/uploads\/2022\/12\/Dise\u00f1o-sin-t\u00edtulo-4-1536x768.png 1536w, https:\/\/www.conselharan.org\/wp-content\/uploads\/2022\/12\/Dise\u00f1o-sin-t\u00edtulo-4-2048x1024.png 2048w, https:\/\/www.conselharan.org\/wp-content\/uploads\/2022\/12\/Dise\u00f1o-sin-t\u00edtulo-4-640x320.png 640w\" sizes=\"(max-width: 1024px) 100vw, 1024px\" \/><\/a><\/p>\n<ul>\n<li>\n<h3>Las candidaturas de Escala y Lamuela han sido escogidas en esta 7\u00aa edici\u00f3n del Premio Rob\u00e8rt Lafont, de manera ex aequo, por sus trayectorias como referentes en la normalizaci\u00f3n, defensa y promoci\u00f3n del aran\u00e9s<\/h3>\n<\/li>\n<\/ul>\n<p>La Generalitat de Catalunya entregar\u00e1 el lunes, 19 de diciembre, el 7\u00ba Premio Rob\u00e8rt Lafont, de manera ex aequo, a Xavier Lamuela Garcia y Lissa Escala, por sus trayectorias como referentes en la normalizaci\u00f3n, defensa y promoci\u00f3n del aran\u00e9s.<\/p>\n<p>Por otro lado, el jurado de este premio, formado por los representantes de la Generalitat de Catalunya y del Conselh Generau d\u2019Aran, destaca de la periodista Lissa Escala haber sido pionera de la radio en aran\u00e9s, con el primer programa en aran\u00e9s en Radio Aran, tarea que ha desarrollado a lo largo de m\u00e1s de 30 a\u00f1os con programas como Meddia Aran\u00e9s, en Catalunya Informaci\u00f3n, contribuyendo a un modelo de uso y de prestigio social del aran\u00e9s. Tambi\u00e9n destaca su compromiso c\u00edvico en la promoci\u00f3n de la lengua propia de Aran el impulso de iniciativas sociales tan importantes para el territorio como la Cursa Aran por sa Lengua, que reivindica la defensa y promoci\u00f3n del aran\u00e9s.<\/p>\n<p>Por otra lado, el ling\u00fcista y socioling\u00fcista, doctorado en filolog\u00eda rom\u00e1nica, Xavier Lamuela, ha sido profesor en las Universidades de Toulouse, Girona, Aut\u00f3noma de Barcelona, Lleida y Manchester, y el jurado destaca que form\u00f3 parte de la Comisi\u00f3n que redact\u00f3 las Normas Ortogr\u00e1ficas del Aran\u00e9s el a\u00f1o 1982, presidi\u00f3 el Consejo de la Lengua Occitana (fundado el 1996) y actualmente es miembro del Consejo Consultativo del Aran\u00e9s, creado por el Conselh Generau d\u2019Aran en 2021 para el asesoramiento en materia ling\u00fc\u00edstica de la m\u00e1xima instituci\u00f3n aranesa. Lamuela es autor de un extenso y riguroso trabajo acad\u00e9mico con transferencia social, de varios estudios y libros sobre la lengua, as\u00ed uno como defensor de la occitanidad del aran\u00e9s sino tambi\u00e9n de la necesidad que este sea considerado como primordial y preferente en la pol\u00edtica ling\u00fc\u00edstica de la Generalitat como lengua tambi\u00e9n oficial del territorio catal\u00e1n, y que tiene que ser dotada de todos los medios necesarios para su pervivencia.<\/p>\n<p>Recordamos que el premio Rob\u00e8rt Lafont, entregado por el departamento de Cultura de la Generalitat de Catalunya, tiene como objetivo reconocer y premiar a las personas o entidades que se hayan distinguido por la defensa, proyecci\u00f3n y promoci\u00f3n de la lengua en todas sus variantes, en cualquier punto del dominio ling\u00fc\u00edstico.<\/p>\n<p>La s\u00edndica de Aran, Maria Verg\u00e9s, afirmaba que \u201cambos premiados merecen este reconocimiento por numerosos motivos, ya que\u00a0 son referentes en el impulso, estudio y defensa de la lengua y cultura propia de Aran, por este motivo, desde el gobierno del Conselh Generau de Aran no podemos hacer m\u00e1s que felicitarlos y darles las gracias por el gran trabajo que han llevado a cabo durante todos estos a\u00f1os\u201d.<\/p>\n ","protected":false},"excerpt":{"rendered":"<p>Las candidaturas de Escala y Lamuela han sido escogidas en esta 7\u00aa edici\u00f3n del Premio Rob\u00e8rt Lafont, de manera ex aequo, por sus trayectorias como referentes en la normalizaci\u00f3n, defensa y promoci\u00f3n del aran\u00e9s La Generalitat de Catalunya entregar\u00e1 el lunes, 19 de diciembre, el 7\u00ba Premio Rob\u00e8rt Lafont, de manera ex aequo, a Xavier&#8230;<\/p>\n","protected":false},"author":10,"featured_media":51281,"comment_status":"closed","ping_status":"closed","sticky":false,"template":"","format":"standard","meta":{"footnotes":""},"categories":[133,33],"tags":[],"_links":{"self":[{"href":"https:\/\/www.conselharan.org\/ca\/wp-json\/wp\/v2\/posts\/51291"}],"collection":[{"href":"https:\/\/www.conselharan.org\/ca\/wp-json\/wp\/v2\/posts"}],"about":[{"href":"https:\/\/www.conselharan.org\/ca\/wp-json\/wp\/v2\/types\/post"}],"author":[{"embeddable":true,"href":"https:\/\/www.conselharan.org\/ca\/wp-json\/wp\/v2\/users\/10"}],"replies":[{"embeddable":true,"href":"https:\/\/www.conselharan.org\/ca\/wp-json\/wp\/v2\/comments?post=51291"}],"version-history":[{"count":0,"href":"https:\/\/www.conselharan.org\/ca\/wp-json\/wp\/v2\/posts\/51291\/revisions"}],"wp:featuredmedia":[{"embeddable":true,"href":"https:\/\/www.conselharan.org\/ca\/wp-json\/wp\/v2\/media\/51281"}],"wp:attachment":[{"href":"https:\/\/www.conselharan.org\/ca\/wp-json\/wp\/v2\/media?parent=51291"}],"wp:term":[{"taxonomy":"category","embeddable":true,"href":"https:\/\/www.conselharan.org\/ca\/wp-json\/wp\/v2\/categories?post=51291"},{"taxonomy":"post_tag","embeddable":true,"href":"https:\/\/www.conselharan.org\/ca\/wp-json\/wp\/v2\/tags?post=51291"}],"curies":[{"name":"wp","href":"https:\/\/api.w.org\/{rel}","templated":true}]}}