{"id":51304,"date":"2022-12-16T14:02:31","date_gmt":"2022-12-16T13:02:31","guid":{"rendered":"https:\/\/www.conselharan.org\/eth-govern-daran-demane-ath-departament-de-justicia-dera-generalitat-que-mantengue-era-actuau-plantilha-deth-jutjat-de-vielha\/"},"modified":"2023-01-02T09:33:11","modified_gmt":"2023-01-02T08:33:11","slug":"eth-govern-daran-demane-ath-departament-de-justicia-dera-generalitat-que-mantengue-era-actuau-plantilha-deth-jutjat-de-vielha","status":"publish","type":"post","link":"https:\/\/www.conselharan.org\/ca\/eth-govern-daran-demane-ath-departament-de-justicia-dera-generalitat-que-mantengue-era-actuau-plantilha-deth-jutjat-de-vielha\/","title":{"rendered":"El govern d&#8217;Aran demana al Departament de Just\u00edcia de la Generalitat que mantingui l&#8217;actual plantilla del jutjat de Vielha"},"content":{"rendered":"<p><a href=\"https:\/\/www.conselharan.org\/wp-content\/uploads\/2022\/12\/IMG_9711-scaled.jpg\"><img loading=\"lazy\" decoding=\"async\" class=\"aligncenter wp-image-51296 size-large\" src=\"https:\/\/www.conselharan.org\/wp-content\/uploads\/2022\/12\/IMG_9711-scaled-e1671195700973-1024x747.jpg\" alt=\"\" width=\"1024\" height=\"747\" srcset=\"https:\/\/www.conselharan.org\/wp-content\/uploads\/2022\/12\/IMG_9711-scaled-e1671195700973-1024x747.jpg 1024w, https:\/\/www.conselharan.org\/wp-content\/uploads\/2022\/12\/IMG_9711-scaled-e1671195700973-300x219.jpg 300w, https:\/\/www.conselharan.org\/wp-content\/uploads\/2022\/12\/IMG_9711-scaled-e1671195700973-768x560.jpg 768w, https:\/\/www.conselharan.org\/wp-content\/uploads\/2022\/12\/IMG_9711-scaled-e1671195700973-1536x1121.jpg 1536w, https:\/\/www.conselharan.org\/wp-content\/uploads\/2022\/12\/IMG_9711-scaled-e1671195700973-2048x1494.jpg 2048w\" sizes=\"(max-width: 1024px) 100vw, 1024px\" \/><\/a><\/p>\n<ul>\n<li>\n<h3><strong>La s\u00edndica d&#8217;Aran s&#8217;ha dirigit a la consellera de Just\u00edcia, Drets i Mem\u00f2ria, despr\u00e9s de con\u00e8ixer que la Generalitat valora la possibilitat de reduir la plantilla de l&#8217;oficina judicial de Vielha, per a sol\u00b7licitar que es mantingui l&#8217;actual estructura i evitar el risc de col\u00b7lapse administratiu i judicial, garantint a la ciutadania aranesa el dret a la just\u00edcia i l&#8217;acc\u00e9s a aquest servei<\/strong><\/h3>\n<\/li>\n<\/ul>\n<p>La s\u00edndica d&#8217;Aran, Maria Verg\u00e9s, ha dirigit una carta a la consellera de Just\u00edcia, Drets i Mem\u00f2ria, Gemma Ubasart, despr\u00e9s que el col\u00b7lectiu d&#8217;advocats i procuradors del partit judicial de Vielha e Mijaran li hagi traslladat que el departament de Just\u00edcia de la Generalitat valora la possibilitat de suprimir un funcionari en l&#8217;\u00e0mbit de tramitaci\u00f3 d&#8217;expedients de l&#8217;oficina judicial.<\/p>\n<p>La s\u00edndica ha mostrat la seva preocupaci\u00f3 davant d&#8217;aquest afer i ha exposat que: \u201cdurant els \u00faltims anys, aquest jutjat ha travessat una situaci\u00f3 molt complexa i delicada que ha provocat situacions de col\u00b7lapse administratiu que amb l&#8217;actual plantilla, que ha estat refor\u00e7ada, en els \u00faltims temps comen\u00e7a a millorar de manera efica\u00e7 en el que fa a la tramitaci\u00f3 \u00e0gil dels expedients judicials\u201d.<\/p>\n<p>La pres\u00e8ncia d&#8217;un jutjat de primera inst\u00e0ncia a la Val d&#8217;Aran que brindi atenci\u00f3 a tot el nostre territori, apunta la s\u00edndica en la seva missiva, \u00e9s essencial per a garantir a la ciutadania aranesa el dret a la just\u00edcia i l&#8217;acc\u00e9s a aquest servei, per tant, davant del risc de col\u00b7lapse d&#8217;aquest jutjat, ha sol\u00b7licitat \u201cque pugueu mantenir l&#8217;actual estructura del jutjat de Vielha per a la bona gesti\u00f3 de la tramitaci\u00f3 dels expedients\u201d.<\/p>\n ","protected":false},"excerpt":{"rendered":"<p>La s\u00edndica d&#8217;Aran s&#8217;ha dirigit a la consellera de Just\u00edcia, Drets i Mem\u00f2ria, despr\u00e9s de con\u00e8ixer que la Generalitat valora la possibilitat de reduir la plantilla de l&#8217;oficina judicial de Vielha, per a sol\u00b7licitar que es mantingui l&#8217;actual estructura i evitar el risc de col\u00b7lapse administratiu i judicial, garantint a la ciutadania aranesa el dret&#8230;<\/p>\n","protected":false},"author":10,"featured_media":51297,"comment_status":"closed","ping_status":"closed","sticky":false,"template":"","format":"standard","meta":{"footnotes":""},"categories":[53],"tags":[],"_links":{"self":[{"href":"https:\/\/www.conselharan.org\/ca\/wp-json\/wp\/v2\/posts\/51304"}],"collection":[{"href":"https:\/\/www.conselharan.org\/ca\/wp-json\/wp\/v2\/posts"}],"about":[{"href":"https:\/\/www.conselharan.org\/ca\/wp-json\/wp\/v2\/types\/post"}],"author":[{"embeddable":true,"href":"https:\/\/www.conselharan.org\/ca\/wp-json\/wp\/v2\/users\/10"}],"replies":[{"embeddable":true,"href":"https:\/\/www.conselharan.org\/ca\/wp-json\/wp\/v2\/comments?post=51304"}],"version-history":[{"count":1,"href":"https:\/\/www.conselharan.org\/ca\/wp-json\/wp\/v2\/posts\/51304\/revisions"}],"predecessor-version":[{"id":51305,"href":"https:\/\/www.conselharan.org\/ca\/wp-json\/wp\/v2\/posts\/51304\/revisions\/51305"}],"wp:featuredmedia":[{"embeddable":true,"href":"https:\/\/www.conselharan.org\/ca\/wp-json\/wp\/v2\/media\/51297"}],"wp:attachment":[{"href":"https:\/\/www.conselharan.org\/ca\/wp-json\/wp\/v2\/media?parent=51304"}],"wp:term":[{"taxonomy":"category","embeddable":true,"href":"https:\/\/www.conselharan.org\/ca\/wp-json\/wp\/v2\/categories?post=51304"},{"taxonomy":"post_tag","embeddable":true,"href":"https:\/\/www.conselharan.org\/ca\/wp-json\/wp\/v2\/tags?post=51304"}],"curies":[{"name":"wp","href":"https:\/\/api.w.org\/{rel}","templated":true}]}}