{"id":51344,"date":"2022-12-18T12:30:23","date_gmt":"2022-12-18T11:30:23","guid":{"rendered":"https:\/\/www.conselharan.org\/arties-e-garos-artenhen-era-certificacion-coma-pobles-mes-polits-despanha\/"},"modified":"2023-01-02T09:32:44","modified_gmt":"2023-01-02T08:32:44","slug":"arties-e-garos-artenhen-era-certificacion-coma-pobles-mes-polits-despanha","status":"publish","type":"post","link":"https:\/\/www.conselharan.org\/ca\/arties-e-garos-artenhen-era-certificacion-coma-pobles-mes-polits-despanha\/","title":{"rendered":"Arties i Gar\u00f2s aconsegueixen la certificaci\u00f3 com a Pobles m\u00e9s Bonics d&#8217;Espanya"},"content":{"rendered":"\n\t\t<style type=\"text\/css\">\n\t\t\t#gallery-1 {\n\t\t\t\tmargin: auto;\n\t\t\t}\n\t\t\t#gallery-1 .gallery-item {\n\t\t\t\tfloat: left;\n\t\t\t\tmargin-top: 10px;\n\t\t\t\ttext-align: center;\n\t\t\t\twidth: 50%;\n\t\t\t}\n\t\t\t#gallery-1 img {\n\t\t\t\tborder: 2px solid #cfcfcf;\n\t\t\t}\n\t\t\t#gallery-1 .gallery-caption {\n\t\t\t\tmargin-left: 0;\n\t\t\t}\n\t\t\t\/* see gallery_shortcode() in wp-includes\/media.php *\/\n\t\t<\/style>\n\t\t<div id='gallery-1' class='gallery galleryid-51344 gallery-columns-2 gallery-size-large'><dl class='gallery-item'>\n\t\t\t<dt class='gallery-icon landscape'>\n\t\t\t\t<a href='https:\/\/www.conselharan.org\/wp-content\/uploads\/2022\/12\/Arties.jpeg'><img loading=\"lazy\" decoding=\"async\" width=\"1024\" height=\"683\" src=\"https:\/\/www.conselharan.org\/wp-content\/uploads\/2022\/12\/Arties-1024x683.jpeg\" class=\"attachment-large size-large\" alt=\"\" srcset=\"https:\/\/www.conselharan.org\/wp-content\/uploads\/2022\/12\/Arties-1024x683.jpeg 1024w, https:\/\/www.conselharan.org\/wp-content\/uploads\/2022\/12\/Arties-300x200.jpeg 300w, https:\/\/www.conselharan.org\/wp-content\/uploads\/2022\/12\/Arties-768x512.jpeg 768w, https:\/\/www.conselharan.org\/wp-content\/uploads\/2022\/12\/Arties-1536x1024.jpeg 1536w, https:\/\/www.conselharan.org\/wp-content\/uploads\/2022\/12\/Arties.jpeg 1600w\" sizes=\"(max-width: 1024px) 100vw, 1024px\" \/><\/a>\n\t\t\t<\/dt><\/dl><dl class='gallery-item'>\n\t\t\t<dt class='gallery-icon landscape'>\n\t\t\t\t<a href='https:\/\/www.conselharan.org\/wp-content\/uploads\/2022\/12\/Gar\u00f2s.jpeg'><img loading=\"lazy\" decoding=\"async\" width=\"1024\" height=\"683\" src=\"https:\/\/www.conselharan.org\/wp-content\/uploads\/2022\/12\/Gar\u00f2s-1024x683.jpeg\" class=\"attachment-large size-large\" alt=\"\" srcset=\"https:\/\/www.conselharan.org\/wp-content\/uploads\/2022\/12\/Gar\u00f2s-1024x683.jpeg 1024w, https:\/\/www.conselharan.org\/wp-content\/uploads\/2022\/12\/Gar\u00f2s-300x200.jpeg 300w, https:\/\/www.conselharan.org\/wp-content\/uploads\/2022\/12\/Gar\u00f2s-768x512.jpeg 768w, https:\/\/www.conselharan.org\/wp-content\/uploads\/2022\/12\/Gar\u00f2s-1536x1024.jpeg 1536w, https:\/\/www.conselharan.org\/wp-content\/uploads\/2022\/12\/Gar\u00f2s.jpeg 2048w\" sizes=\"(max-width: 1024px) 100vw, 1024px\" \/><\/a>\n\t\t\t<\/dt><\/dl><br style=\"clear: both\" \/>\n\t\t<\/div>\n\n<ul>\n<li>\n<h3><\/h3>\n<\/li>\n<\/ul>\n<ul>\n<li>\n<h3><strong>L&#8217;associaci\u00f3 de \u201cLos Pueblos m\u00e1s Bonitos de Espa\u00f1a\u201d va comunicar ahir en la seva X Assemblea Nacional els nous pobles que s&#8217;afegeixen a aquesta xarxa a partir de 2023, entre els quals es troben Arties i Gar\u00f2s. Amb aquestes noves incorporacions, ja s\u00f3n 3 els pobles aranesos que consten com a pobles m\u00e9s bonics d&#8217;Espanya, juntament amb Bagergue.<\/strong><\/h3>\n<\/li>\n<li>\n<h3><strong>La s\u00edndica d&#8217;Aran, Maria Verg\u00e9s, i el conseller Josep Canut ja van rebre al president de l&#8217;associaci\u00f3 \u201cLos Pueblos m\u00e1s Bonitos de Espa\u00f1a\u201d el mes de febrer passat, mostrant l&#8217;inter\u00e8s del Conselh Generau d\u2019Aran de treballar per a veure si altres pobles de la Vall d&#8217;Aran podien aconseguir tamb\u00e9 aquesta certificaci\u00f3 a causa del positiu impacte que viuen els pobles que s&#8217;afegeixen a aquesta xarxa<\/strong><\/h3>\n<\/li>\n<\/ul>\n<p>A la X Assemblea Nacional de \u201cLos Pueblos m\u00e1s Bonitos de Espa\u00f1a\u201d, celebrada ahir, es van con\u00e8ixer els sis pobles que passaran a formar part de l&#8217;associaci\u00f3 en 2023, entre ells, Arties i Gar\u00f2s.<\/p>\n<p>Cal recordar que el mes de febrer passat, la s\u00edndica d&#8217;Aran, Maria Verg\u00e9s, i el conseller d&#8217;Economia, Turisme i Promoci\u00f3 Econ\u00f2mica, Josep Canut, van mantenir una reuni\u00f3 amb el president de l&#8217;associaci\u00f3 de \u201cEls Pobles m\u00e9s Bonics d&#8217;Espanya\u201d, Francisco Mestre, en la qual tamb\u00e9 va participar el president de la EMD de Bagergue, Marc Tarrau, amb qui van analitzar el positiu impacte que viuen els pobles que s&#8217;adhereixen a aquesta xarxa, com \u00e9s el cas de Bagergue, i van mostrar l&#8217;inter\u00e8s del govern del Conselh Generau d\u2019Aran de treballar per a veure si altres pobles de la Val d&#8217;Aran podien aconseguir tamb\u00e9 aquesta certificaci\u00f3.<\/p>\n<p>\u201cDes del govern d&#8217;Aran estem molt satisfets que els pobles d&#8217;Arties i Gar\u00f2s es puguin afegir a aquesta xarxa a partir de 2023\u201d manifestava la s\u00edndica d&#8217;Aran, afegint que \u201cadherir-se a aquest projecte va en l\u00ednia amb el nou plantejament de sostenibilitat tur\u00edstica que des del Conselh Generau promovem, perqu\u00e8 ens ajuda a posar en valor el patrimoni, cultura i hist\u00f2ria dels nostres pobles\u201d.<\/p>\n<p>Cal destacar que aquesta associaci\u00f3 t\u00e9 com a principal objectiu posar en valor i donar veu a zones preferentment rurals i de petits municipis i tractar d&#8217;implicar diferents administracions perqu\u00e8 els donin suport i respectin el seu patrimoni.<\/p>\n<p>&nbsp;<\/p>\n ","protected":false},"excerpt":{"rendered":"<p>L&#8217;associaci\u00f3 de \u201cLos Pueblos m\u00e1s Bonitos de Espa\u00f1a\u201d va comunicar ahir en la seva X Assemblea Nacional els nous pobles que s&#8217;afegeixen a aquesta xarxa a partir de 2023, entre els quals es troben Arties i Gar\u00f2s. Amb aquestes noves incorporacions, ja s\u00f3n 3 els pobles aranesos que consten com a pobles m\u00e9s bonics d&#8217;Espanya,&#8230;<\/p>\n","protected":false},"author":10,"featured_media":51332,"comment_status":"closed","ping_status":"closed","sticky":false,"template":"","format":"standard","meta":{"footnotes":""},"categories":[33,139],"tags":[],"_links":{"self":[{"href":"https:\/\/www.conselharan.org\/ca\/wp-json\/wp\/v2\/posts\/51344"}],"collection":[{"href":"https:\/\/www.conselharan.org\/ca\/wp-json\/wp\/v2\/posts"}],"about":[{"href":"https:\/\/www.conselharan.org\/ca\/wp-json\/wp\/v2\/types\/post"}],"author":[{"embeddable":true,"href":"https:\/\/www.conselharan.org\/ca\/wp-json\/wp\/v2\/users\/10"}],"replies":[{"embeddable":true,"href":"https:\/\/www.conselharan.org\/ca\/wp-json\/wp\/v2\/comments?post=51344"}],"version-history":[{"count":2,"href":"https:\/\/www.conselharan.org\/ca\/wp-json\/wp\/v2\/posts\/51344\/revisions"}],"predecessor-version":[{"id":51346,"href":"https:\/\/www.conselharan.org\/ca\/wp-json\/wp\/v2\/posts\/51344\/revisions\/51346"}],"wp:featuredmedia":[{"embeddable":true,"href":"https:\/\/www.conselharan.org\/ca\/wp-json\/wp\/v2\/media\/51332"}],"wp:attachment":[{"href":"https:\/\/www.conselharan.org\/ca\/wp-json\/wp\/v2\/media?parent=51344"}],"wp:term":[{"taxonomy":"category","embeddable":true,"href":"https:\/\/www.conselharan.org\/ca\/wp-json\/wp\/v2\/categories?post=51344"},{"taxonomy":"post_tag","embeddable":true,"href":"https:\/\/www.conselharan.org\/ca\/wp-json\/wp\/v2\/tags?post=51344"}],"curies":[{"name":"wp","href":"https:\/\/api.w.org\/{rel}","templated":true}]}}