{"id":51378,"date":"2022-12-21T15:04:57","date_gmt":"2022-12-21T14:04:57","guid":{"rendered":"https:\/\/www.conselharan.org\/eth-conselh-generau-daran-amie-a-terme-un-important-trabalh-de-preservacion-ena-facada-dera-gleisa-de-vilamos\/"},"modified":"2023-01-02T09:31:46","modified_gmt":"2023-01-02T08:31:46","slug":"eth-conselh-generau-daran-amie-a-terme-un-important-trabalh-de-preservacion-ena-facada-dera-gleisa-de-vilamos","status":"publish","type":"post","link":"https:\/\/www.conselharan.org\/ca\/eth-conselh-generau-daran-amie-a-terme-un-important-trabalh-de-preservacion-ena-facada-dera-gleisa-de-vilamos\/","title":{"rendered":"El Conselh Generau d\u2019Aran duu a terme un important treball de preservaci\u00f3 a la fa\u00e7ana de l&#8217;esgl\u00e9sia de Vilam\u00f2s"},"content":{"rendered":"<p><a href=\"https:\/\/www.conselharan.org\/wp-content\/uploads\/2021\/01\/Interior-Sta-Maria-Vilam\u00f2s.jpg\"><img loading=\"lazy\" decoding=\"async\" class=\"wp-image-39836 size-full aligncenter\" src=\"https:\/\/www.conselharan.org\/wp-content\/uploads\/2021\/01\/Interior-Sta-Maria-Vilam\u00f2s.jpg\" alt=\"\" width=\"800\" height=\"600\" srcset=\"https:\/\/www.conselharan.org\/wp-content\/uploads\/2021\/01\/Interior-Sta-Maria-Vilam\u00f2s.jpg 800w, https:\/\/www.conselharan.org\/wp-content\/uploads\/2021\/01\/Interior-Sta-Maria-Vilam\u00f2s-300x225.jpg 300w, https:\/\/www.conselharan.org\/wp-content\/uploads\/2021\/01\/Interior-Sta-Maria-Vilam\u00f2s-768x576.jpg 768w\" sizes=\"(max-width: 800px) 100vw, 800px\" \/><\/a><\/p>\n<ul>\n<li>\n<h3><strong>La s\u00edndica d&#8217;Aran i l&#8217;alcalde de Vilam\u00f2s han visitat avui l&#8217;esgl\u00e9sia de Santa Mar\u00eda, una vegada finalitzada l&#8217;actuaci\u00f3 que la m\u00e0xima instituci\u00f3 aranesa ha realitzat per a millorar el drenatge del mur perimetral de l&#8217;esgl\u00e9sia, molt afectat per la humitat. Tamb\u00e9 s&#8217;ha sanejat i restaurat el tram de fa\u00e7ana meridional, on ha aparegut un element esculpit que quedava amagat darrere d&#8217;un pegot de ciment<\/strong><\/h3>\n<\/li>\n<\/ul>\n<p>Aquest mat\u00ed, la s\u00edndica d&#8217;Aran, Maria Verg\u00e9s, i l&#8217;alcalde de Vilam\u00f2s, Oriol Sala, han visitat l&#8217;esgl\u00e9sia rom\u00e0nica de Santa Maria de Vilam\u00f2s despr\u00e9s de l&#8217;actuaci\u00f3 que el Conselh Generau d\u2019Aran ha dut a terme per a la seva preservaci\u00f3.<\/p>\n<p>L&#8217;actuaci\u00f3, que ha tingut un cost de gaireb\u00e9 40.000 \u20ac i ha estat finan\u00e7ada pel propi govern d&#8217;Aran amb el suport econ\u00f2mic de la Diputaci\u00f3 de Lleida i la Generalitat de Catalunya, ha consistit en el drenatge i sanejament del mur perimetral nord i est de l&#8217;esgl\u00e9sia, un mur que estava molt afectat per la humitat. Tamb\u00e9 s&#8217;ha sanejat i restaurat el tram de la fa\u00e7ana meridional, on est\u00e0 l&#8217;antic portal d&#8217;acc\u00e9s, encegat al segle XIX, quan es va obrir la nova i actual porta, d&#8217;estil neocl\u00e0ssic.<\/p>\n<p>A cada costat d&#8217;aquesta porta encegada, reconvertida en finestra, hi ha encastades al mur tres peces d&#8217;\u00e8poca romana. En els extrems, dos monuments funeraris on es representen 3 personatges. Entre aquests hi ha un tercer element rom\u00e0, possiblement un altar votiu amb representaci\u00f3 d&#8217;un personatge mascul\u00ed nu dempeus.<\/p>\n<p>Durant l&#8217;execuci\u00f3 de l&#8217;obra, en retirar un pegot de ciment, ha aparegut un quart element esculpit, un petit bloc de marbre rectangular on es representa un animal amb banyes, possiblement una vaca o taure. Malgrat que ser\u00e0 necessari que els especialistes estudi\u00efn aquesta nova pe\u00e7a arqueol\u00f2gica, en principi, sembla tractar-se d&#8217;un monument tardorom\u00e0 que, com tots els altres, va ser reutilitzat en el moment de construcci\u00f3 de l&#8217;esgl\u00e9sia.<\/p>\n<p>\u201cAquesta intervenci\u00f3 que era molt necess\u00e0ria per a reparar els danys ocasionats per la humitat, contribueix a la conservaci\u00f3, dignificaci\u00f3 i valoritzaci\u00f3 dels valors que posseeix l&#8217;esgl\u00e9sia de Santa Maria de Vilam\u00f2s\u201d assegurava la s\u00edndica d&#8217;Aran, afegint que \u201cper al govern del Conselh Generau d\u2019Aran, el manteniment i promoci\u00f3 del nostre patrimoni cultural i hist\u00f2ric \u00e9s clau, per aquest motiu, estem molt satisfets d&#8217;haver pogut dur a terme aquesta actuaci\u00f3\u201d.<\/p>\n\n\t\t<style type=\"text\/css\">\n\t\t\t#gallery-1 {\n\t\t\t\tmargin: auto;\n\t\t\t}\n\t\t\t#gallery-1 .gallery-item {\n\t\t\t\tfloat: left;\n\t\t\t\tmargin-top: 10px;\n\t\t\t\ttext-align: center;\n\t\t\t\twidth: 50%;\n\t\t\t}\n\t\t\t#gallery-1 img {\n\t\t\t\tborder: 2px solid #cfcfcf;\n\t\t\t}\n\t\t\t#gallery-1 .gallery-caption {\n\t\t\t\tmargin-left: 0;\n\t\t\t}\n\t\t\t\/* see gallery_shortcode() in wp-includes\/media.php *\/\n\t\t<\/style>\n\t\t<div id='gallery-1' class='gallery galleryid-51378 gallery-columns-2 gallery-size-medium'><dl class='gallery-item'>\n\t\t\t<dt class='gallery-icon landscape'>\n\t\t\t\t<a href='https:\/\/www.conselharan.org\/ca\/eth-conselh-generau-daran-participe-en-plan-especiau-de-cooperacion-comarcau-dera-deputacion-de-lleida-2\/logotipo_de_la_diputacion_de_lleida-2\/'><img loading=\"lazy\" decoding=\"async\" width=\"300\" height=\"150\" src=\"https:\/\/www.conselharan.org\/wp-content\/uploads\/2022\/03\/Logotipo_de_la_Diputaci\u00f3n_de_Lleida-300x150.jpg\" class=\"attachment-medium size-medium\" alt=\"\" srcset=\"https:\/\/www.conselharan.org\/wp-content\/uploads\/2022\/03\/Logotipo_de_la_Diputaci\u00f3n_de_Lleida-300x150.jpg 300w, https:\/\/www.conselharan.org\/wp-content\/uploads\/2022\/03\/Logotipo_de_la_Diputaci\u00f3n_de_Lleida-1024x512.jpg 1024w, https:\/\/www.conselharan.org\/wp-content\/uploads\/2022\/03\/Logotipo_de_la_Diputaci\u00f3n_de_Lleida-768x384.jpg 768w, https:\/\/www.conselharan.org\/wp-content\/uploads\/2022\/03\/Logotipo_de_la_Diputaci\u00f3n_de_Lleida-1536x768.jpg 1536w, https:\/\/www.conselharan.org\/wp-content\/uploads\/2022\/03\/Logotipo_de_la_Diputaci\u00f3n_de_Lleida-640x320.jpg 640w, https:\/\/www.conselharan.org\/wp-content\/uploads\/2022\/03\/Logotipo_de_la_Diputaci\u00f3n_de_Lleida.jpg 1654w\" sizes=\"(max-width: 300px) 100vw, 300px\" \/><\/a>\n\t\t\t<\/dt><\/dl><dl class='gallery-item'>\n\t\t\t<dt class='gallery-icon landscape'>\n\t\t\t\t<a href='https:\/\/www.conselharan.org\/ca\/eth-conselh-generau-daran-restaure-diuerses-pintures-deth-monument-de-setmana-santa-de-bossost\/cultura-1-2\/'><img loading=\"lazy\" decoding=\"async\" width=\"300\" height=\"85\" src=\"https:\/\/www.conselharan.org\/wp-content\/uploads\/2022\/01\/cultura-1-300x85.png\" class=\"attachment-medium size-medium\" alt=\"\" srcset=\"https:\/\/www.conselharan.org\/wp-content\/uploads\/2022\/01\/cultura-1-300x85.png 300w, https:\/\/www.conselharan.org\/wp-content\/uploads\/2022\/01\/cultura-1.png 753w\" sizes=\"(max-width: 300px) 100vw, 300px\" \/><\/a>\n\t\t\t<\/dt><\/dl><br style=\"clear: both\" \/>\n\t\t<\/div>\n\n ","protected":false},"excerpt":{"rendered":"<p>La s\u00edndica d&#8217;Aran i l&#8217;alcalde de Vilam\u00f2s han visitat avui l&#8217;esgl\u00e9sia de Santa Mar\u00eda, una vegada finalitzada l&#8217;actuaci\u00f3 que la m\u00e0xima instituci\u00f3 aranesa ha realitzat per a millorar el drenatge del mur perimetral de l&#8217;esgl\u00e9sia, molt afectat per la humitat. Tamb\u00e9 s&#8217;ha sanejat i restaurat el tram de fa\u00e7ana meridional, on ha aparegut un element&#8230;<\/p>\n","protected":false},"author":10,"featured_media":39837,"comment_status":"closed","ping_status":"closed","sticky":false,"template":"","format":"standard","meta":{"footnotes":""},"categories":[794,33],"tags":[],"_links":{"self":[{"href":"https:\/\/www.conselharan.org\/ca\/wp-json\/wp\/v2\/posts\/51378"}],"collection":[{"href":"https:\/\/www.conselharan.org\/ca\/wp-json\/wp\/v2\/posts"}],"about":[{"href":"https:\/\/www.conselharan.org\/ca\/wp-json\/wp\/v2\/types\/post"}],"author":[{"embeddable":true,"href":"https:\/\/www.conselharan.org\/ca\/wp-json\/wp\/v2\/users\/10"}],"replies":[{"embeddable":true,"href":"https:\/\/www.conselharan.org\/ca\/wp-json\/wp\/v2\/comments?post=51378"}],"version-history":[{"count":2,"href":"https:\/\/www.conselharan.org\/ca\/wp-json\/wp\/v2\/posts\/51378\/revisions"}],"predecessor-version":[{"id":51387,"href":"https:\/\/www.conselharan.org\/ca\/wp-json\/wp\/v2\/posts\/51378\/revisions\/51387"}],"wp:featuredmedia":[{"embeddable":true,"href":"https:\/\/www.conselharan.org\/ca\/wp-json\/wp\/v2\/media\/39837"}],"wp:attachment":[{"href":"https:\/\/www.conselharan.org\/ca\/wp-json\/wp\/v2\/media?parent=51378"}],"wp:term":[{"taxonomy":"category","embeddable":true,"href":"https:\/\/www.conselharan.org\/ca\/wp-json\/wp\/v2\/categories?post=51378"},{"taxonomy":"post_tag","embeddable":true,"href":"https:\/\/www.conselharan.org\/ca\/wp-json\/wp\/v2\/tags?post=51378"}],"curies":[{"name":"wp","href":"https:\/\/api.w.org\/{rel}","templated":true}]}}