{"id":51588,"date":"2023-01-12T14:50:45","date_gmt":"2023-01-12T13:50:45","guid":{"rendered":"https:\/\/www.conselharan.org\/era-sindica-daran-recep-ath-secretari-generau-de-ccoo-en-catalunya\/"},"modified":"2023-05-17T10:20:18","modified_gmt":"2023-05-17T08:20:18","slug":"era-sindica-daran-recep-ath-secretari-generau-de-ccoo-en-catalunya","status":"publish","type":"post","link":"https:\/\/www.conselharan.org\/ca\/era-sindica-daran-recep-ath-secretari-generau-de-ccoo-en-catalunya\/","title":{"rendered":"La s\u00edndica d&#8217;Aran rep al Secretari General de CCOO a Catalunya"},"content":{"rendered":"<p><a href=\"https:\/\/www.conselharan.org\/wp-content\/uploads\/2023\/01\/IMG_0146-scaled.jpg\"><img loading=\"lazy\" decoding=\"async\" class=\"aligncenter wp-image-51580 size-large\" src=\"https:\/\/www.conselharan.org\/wp-content\/uploads\/2023\/01\/IMG_0146-1024x768.jpg\" alt=\"\" width=\"1024\" height=\"768\" srcset=\"https:\/\/www.conselharan.org\/wp-content\/uploads\/2023\/01\/IMG_0146-1024x768.jpg 1024w, https:\/\/www.conselharan.org\/wp-content\/uploads\/2023\/01\/IMG_0146-300x225.jpg 300w, https:\/\/www.conselharan.org\/wp-content\/uploads\/2023\/01\/IMG_0146-768x576.jpg 768w, https:\/\/www.conselharan.org\/wp-content\/uploads\/2023\/01\/IMG_0146-1536x1152.jpg 1536w, https:\/\/www.conselharan.org\/wp-content\/uploads\/2023\/01\/IMG_0146-2048x1536.jpg 2048w\" sizes=\"(max-width: 1024px) 100vw, 1024px\" \/><\/a><\/p>\n<ul>\n<li>\n<h3><strong>Durant la reuni\u00f3 mantinguda, on van estar tamb\u00e9 presents el conseller de Territori, Paisatge i Gesti\u00f3 Ambiental i la secret\u00e0ria general de CCOO de Lleida, es van tractar assumptes d&#8217;inter\u00e8s per a la Val d&#8217;Aran com la problem\u00e0tica de l&#8217;habitatge o l\u2019estacionalitzaci\u00f3 del territori, i tant el govern d&#8217;Aran com el sindicat es van comprometre a abordar de manera conjunta aquests reptes<\/strong><\/h3>\n<\/li>\n<\/ul>\n<p>La s\u00edndica d&#8217;Aran, Maria Verg\u00e9s, i el conseller de Territori, Paisatge i Gesti\u00f3 Ambiental, Franc\u00e9s Bruna, van rebre ahir al secretari general del sindicat CCOO a Catalunya, Javier Pacheco i la secretaria general de CCOO Terres de Lleida, Cristina Rodr\u00edguez.<\/p>\n<p>Durant la reuni\u00f3 mantinguda es van tractar temes d&#8217;inter\u00e8s per a la Val d&#8217;Aran com la situaci\u00f3 en la qual es troba l&#8217;habitatge en Aran o l\u2019estacionalitzaci\u00f3 en el territori.<\/p>\n<p>Davant aquests assumptes la s\u00edndica afirmava que: \u201cdes del govern del Conselh Generau compartim la voluntat de fer front de manera conjunta amb els sindicats presents a l\u2019Aran a aquests reptes que el nostre territori ha d&#8217;afrontar\u201d.<\/p>\n<p>CCOO ha obert a Vielha un local sindical per a atendre les necessitats dels treballadors de la Val d&#8217;Aran, conscients de la singularitat i caracter\u00edstiques de les necessitats del nostre territori.<\/p>\n ","protected":false},"excerpt":{"rendered":"<p>Durant la reuni\u00f3 mantinguda, on van estar tamb\u00e9 presents el conseller de Territori, Paisatge i Gesti\u00f3 Ambiental i la secret\u00e0ria general de CCOO de Lleida, es van tractar assumptes d&#8217;inter\u00e8s per a la Val d&#8217;Aran com la problem\u00e0tica de l&#8217;habitatge o l\u2019estacionalitzaci\u00f3 del territori, i tant el govern d&#8217;Aran com el sindicat es van comprometre&#8230;<\/p>\n","protected":false},"author":10,"featured_media":51581,"comment_status":"closed","ping_status":"closed","sticky":false,"template":"","format":"standard","meta":{"footnotes":""},"categories":[33],"tags":[],"_links":{"self":[{"href":"https:\/\/www.conselharan.org\/ca\/wp-json\/wp\/v2\/posts\/51588"}],"collection":[{"href":"https:\/\/www.conselharan.org\/ca\/wp-json\/wp\/v2\/posts"}],"about":[{"href":"https:\/\/www.conselharan.org\/ca\/wp-json\/wp\/v2\/types\/post"}],"author":[{"embeddable":true,"href":"https:\/\/www.conselharan.org\/ca\/wp-json\/wp\/v2\/users\/10"}],"replies":[{"embeddable":true,"href":"https:\/\/www.conselharan.org\/ca\/wp-json\/wp\/v2\/comments?post=51588"}],"version-history":[{"count":1,"href":"https:\/\/www.conselharan.org\/ca\/wp-json\/wp\/v2\/posts\/51588\/revisions"}],"predecessor-version":[{"id":51589,"href":"https:\/\/www.conselharan.org\/ca\/wp-json\/wp\/v2\/posts\/51588\/revisions\/51589"}],"wp:featuredmedia":[{"embeddable":true,"href":"https:\/\/www.conselharan.org\/ca\/wp-json\/wp\/v2\/media\/51581"}],"wp:attachment":[{"href":"https:\/\/www.conselharan.org\/ca\/wp-json\/wp\/v2\/media?parent=51588"}],"wp:term":[{"taxonomy":"category","embeddable":true,"href":"https:\/\/www.conselharan.org\/ca\/wp-json\/wp\/v2\/categories?post=51588"},{"taxonomy":"post_tag","embeddable":true,"href":"https:\/\/www.conselharan.org\/ca\/wp-json\/wp\/v2\/tags?post=51588"}],"curies":[{"name":"wp","href":"https:\/\/api.w.org\/{rel}","templated":true}]}}