{"id":51619,"date":"2023-01-14T17:54:27","date_gmt":"2023-01-14T16:54:27","guid":{"rendered":"https:\/\/www.conselharan.org\/comunicat-deth-conselh-generau-daran-13\/"},"modified":"2023-05-17T10:20:03","modified_gmt":"2023-05-17T08:20:03","slug":"comunicat-deth-conselh-generau-daran-13","status":"publish","type":"post","link":"https:\/\/www.conselharan.org\/ca\/comunicat-deth-conselh-generau-daran-13\/","title":{"rendered":"Comunicat del Conselh Generau d\u2019Aran"},"content":{"rendered":"<p><a href=\"https:\/\/www.conselharan.org\/wp-content\/uploads\/2023\/01\/Logo-comunicats-COVID-2.jpeg\"><img loading=\"lazy\" decoding=\"async\" class=\"aligncenter wp-image-51611 size-large\" src=\"https:\/\/www.conselharan.org\/wp-content\/uploads\/2023\/01\/Logo-comunicats-COVID-2-1024x1024.jpeg\" alt=\"\" width=\"1024\" height=\"1024\" srcset=\"https:\/\/www.conselharan.org\/wp-content\/uploads\/2023\/01\/Logo-comunicats-COVID-2-1024x1024.jpeg 1024w, https:\/\/www.conselharan.org\/wp-content\/uploads\/2023\/01\/Logo-comunicats-COVID-2-300x300.jpeg 300w, https:\/\/www.conselharan.org\/wp-content\/uploads\/2023\/01\/Logo-comunicats-COVID-2-150x150.jpeg 150w, https:\/\/www.conselharan.org\/wp-content\/uploads\/2023\/01\/Logo-comunicats-COVID-2-768x768.jpeg 768w, https:\/\/www.conselharan.org\/wp-content\/uploads\/2023\/01\/Logo-comunicats-COVID-2-270x270.jpeg 270w, https:\/\/www.conselharan.org\/wp-content\/uploads\/2023\/01\/Logo-comunicats-COVID-2-207x207.jpeg 207w, https:\/\/www.conselharan.org\/wp-content\/uploads\/2023\/01\/Logo-comunicats-COVID-2-75x75.jpeg 75w, https:\/\/www.conselharan.org\/wp-content\/uploads\/2023\/01\/Logo-comunicats-COVID-2.jpeg 1080w\" sizes=\"(max-width: 1024px) 100vw, 1024px\" \/><\/a><\/p>\n<p>Aquest mat\u00ed, a les 11.22, Pompi\u00e8rs-Emerg\u00e9ncies i Agents de Medi Ambient del Conselh Generau d\u2019Aran han rebut una alerta per un accident de ca\u00e7a a la localitat de Canejan, on una persona ha perdut la vida.<\/p>\n<p>Fins a la zona de H\u00e8isha Barrada, a Canejan, s&#8217;han despla\u00e7at l&#8217;helic\u00f2pter de rescat i una dotaci\u00f3 del Grup de Rescat en Muntanya (GRM) de Pompi\u00e8rs d\u2019Aran, una patrulla d&#8217;Agents de Medi Ambient i els Mossos d&#8217;Esquadra.<\/p>\n<p>Els Mossos d&#8217;Esquadra investiguen les causes de l&#8217;accident.<\/p>\n<p>El govern del Conselh Generau d\u2019Aran fa arribar les seves condolences a la fam\u00edlia i amics.<\/p>\n ","protected":false},"excerpt":{"rendered":"<p>Aquest mat\u00ed, a les 11.22, Pompi\u00e8rs-Emerg\u00e9ncies i Agents de Medi Ambient del Conselh Generau d\u2019Aran han rebut una alerta per un accident de ca\u00e7a a la localitat de Canejan, on una persona ha perdut la vida. Fins a la zona de H\u00e8isha Barrada, a Canejan, s&#8217;han despla\u00e7at l&#8217;helic\u00f2pter de rescat i una dotaci\u00f3 del Grup&#8230;<\/p>\n","protected":false},"author":10,"featured_media":51612,"comment_status":"closed","ping_status":"closed","sticky":false,"template":"","format":"standard","meta":{"footnotes":""},"categories":[127,33,146],"tags":[],"_links":{"self":[{"href":"https:\/\/www.conselharan.org\/ca\/wp-json\/wp\/v2\/posts\/51619"}],"collection":[{"href":"https:\/\/www.conselharan.org\/ca\/wp-json\/wp\/v2\/posts"}],"about":[{"href":"https:\/\/www.conselharan.org\/ca\/wp-json\/wp\/v2\/types\/post"}],"author":[{"embeddable":true,"href":"https:\/\/www.conselharan.org\/ca\/wp-json\/wp\/v2\/users\/10"}],"replies":[{"embeddable":true,"href":"https:\/\/www.conselharan.org\/ca\/wp-json\/wp\/v2\/comments?post=51619"}],"version-history":[{"count":1,"href":"https:\/\/www.conselharan.org\/ca\/wp-json\/wp\/v2\/posts\/51619\/revisions"}],"predecessor-version":[{"id":51620,"href":"https:\/\/www.conselharan.org\/ca\/wp-json\/wp\/v2\/posts\/51619\/revisions\/51620"}],"wp:featuredmedia":[{"embeddable":true,"href":"https:\/\/www.conselharan.org\/ca\/wp-json\/wp\/v2\/media\/51612"}],"wp:attachment":[{"href":"https:\/\/www.conselharan.org\/ca\/wp-json\/wp\/v2\/media?parent=51619"}],"wp:term":[{"taxonomy":"category","embeddable":true,"href":"https:\/\/www.conselharan.org\/ca\/wp-json\/wp\/v2\/categories?post=51619"},{"taxonomy":"post_tag","embeddable":true,"href":"https:\/\/www.conselharan.org\/ca\/wp-json\/wp\/v2\/tags?post=51619"}],"curies":[{"name":"wp","href":"https:\/\/api.w.org\/{rel}","templated":true}]}}