{"id":51657,"date":"2023-01-18T14:34:34","date_gmt":"2023-01-18T13:34:34","guid":{"rendered":"https:\/\/www.conselharan.org\/eth-govern-daran-vo-actualizar-era-competencia-en-materia-de-torisme\/"},"modified":"2023-05-17T10:19:52","modified_gmt":"2023-05-17T08:19:52","slug":"eth-govern-daran-vo-actualizar-era-competencia-en-materia-de-torisme","status":"publish","type":"post","link":"https:\/\/www.conselharan.org\/ca\/eth-govern-daran-vo-actualizar-era-competencia-en-materia-de-torisme\/","title":{"rendered":"El govern d&#8217;Aran vol actualitzar la compet\u00e8ncia en mat\u00e8ria de turisme"},"content":{"rendered":"<p><a href=\"https:\/\/www.conselharan.org\/wp-content\/uploads\/2023\/01\/Fitur-2023-4.jpeg\"><img loading=\"lazy\" decoding=\"async\" class=\"aligncenter wp-image-51648 size-large\" src=\"https:\/\/www.conselharan.org\/wp-content\/uploads\/2023\/01\/Fitur-2023-4-1024x768.jpeg\" alt=\"\" width=\"1024\" height=\"768\" srcset=\"https:\/\/www.conselharan.org\/wp-content\/uploads\/2023\/01\/Fitur-2023-4-1024x768.jpeg 1024w, https:\/\/www.conselharan.org\/wp-content\/uploads\/2023\/01\/Fitur-2023-4-300x225.jpeg 300w, https:\/\/www.conselharan.org\/wp-content\/uploads\/2023\/01\/Fitur-2023-4-768x576.jpeg 768w, https:\/\/www.conselharan.org\/wp-content\/uploads\/2023\/01\/Fitur-2023-4-1536x1152.jpeg 1536w, https:\/\/www.conselharan.org\/wp-content\/uploads\/2023\/01\/Fitur-2023-4.jpeg 1600w\" sizes=\"(max-width: 1024px) 100vw, 1024px\" \/><\/a><\/p>\n<table>\n<tbody>\n<tr>\n<td>\n<h3>\u00b7\u00a0\u00a0\u00a0\u00a0\u00a0\u00a0 <strong>La s\u00edndica d&#8217;Aran, acompanyada pels consellers de Turisme i Promoci\u00f3 Econ\u00f2mica, s&#8217;ha reunit aquest mat\u00ed amb el conseller d&#8217;Empresa i Treball de la Generalitat per a traslladar-li la necessitat d&#8217;actualitzar aquest \u00e0mbit competencial que ve definit a la Llei d&#8217;Aran i que no s&#8217;ha revisat des de 1997.<\/strong><\/h3>\n<h3>\u00b7\u00a0\u00a0\u00a0\u00a0\u00a0\u00a0 <strong>Aix\u00ed mateix, el govern del Conselh Generau d\u2019Aran ha demanat al conseller d&#8217;Empresa i Treball que la Generalitat de Catalunya actu\u00ef per a modificar l&#8217;actual normativa d&#8217;habitatges d&#8217;\u00fas tur\u00edstic davant la greu problem\u00e0tica d&#8217;acc\u00e9s a l&#8217;habitatge que pateix la Val d\u2019Aran.<\/strong><\/h3>\n<h3>\u00b7\u00a0\u00a0\u00a0\u00a0\u00a0\u00a0 <strong>La trobada s&#8217;ha mantingut en el marc de la Fira Internacional de Turisme de Madrid (FITUR) on la Val d\u2019Aran torna a ser present, un any m\u00e9s, promocionant el nostre territori com a destinaci\u00f3 que aposta per la sostenibilitat, la cura a les nostres muntanyes i la nostra singularitat i cultura.<\/strong><\/h3>\n<p><strong>\u00a0<\/strong><\/p>\n<p>La s\u00edndica d&#8217;Aran, Maria Verg\u00e9s, i els consellers de Turisme i Promoci\u00f3 Econ\u00f2mica, Juan Antonio Serrano i Josep Canut, han mantingut una trobada amb el conseller d&#8217;Empresa i Treball de la Generalitat, Roger Torrent, amb qui han tractat diversos assumptes d&#8217;import\u00e0ncia per a la Val d\u2019Aran, d&#8217;entre els quals destaquen la revisi\u00f3 i actualitzaci\u00f3 del trasp\u00e0s en mat\u00e8ria de turisme i la necessitat que la Generalitat de Catalunya modifiqui l&#8217;actual normativa referent als habitatges d&#8217;\u00fas tur\u00edstic per a facilitar l&#8217;acc\u00e9s assequible a l&#8217;habitatge, tant a les persones joves com als treballadors de l\u2019Aran, que actualment est\u00e0 limitada per aquesta mena d&#8217;habitatges.<\/p>\n<p>\u201cHem traslladat al conseller la necessitat d&#8217;actualitzar la compet\u00e8ncia en mat\u00e8ria de turisme i promoci\u00f3 econ\u00f2mica del Conselh Generau d\u2019Aran, que deriva d&#8217;un conveni que no s&#8217;ha actualitzat ni revisat des de 1997 i que limita molt els recursos que hi podem dedicar i tamb\u00e9 l&#8217;\u00e0mbit competencial en el qual podem actuar\u201d afirmava la s\u00edndica d&#8217;Aran, afegint que \u201caquest \u00e9s un m\u00e9s dels punts de la Llei d&#8217;Aran que segueixen sense desenvolupar-se i que \u00e9s important que acabi de consolidar-se per la transcend\u00e8ncia, tant econ\u00f2mica com social, que l&#8217;\u00e0mbit del turisme t\u00e9 per l\u2019Aran\u201d.<\/p>\n<p>Aix\u00ed mateix, la s\u00edndica destacava que: \u201cla voluntat del govern del Conselh Generau d\u2019Aran \u00e9s avan\u00e7ar cap a un turisme sostenible i respectu\u00f3s amb el nostre territori, al mateix temps que ajudi a desenvolupar estrat\u00e8gies innovadores que permetin l&#8217;equilibri ambiental, territorial, econ\u00f2mic i social\u201d.<\/p>\n<p>Per al conseller de Turisme i Promoci\u00f3 Econ\u00f2mica, Juan Antonio Serrano, \u201cla l\u00ednia iniciada des del govern del Conselh amb el treball que duem a terme amb el Pla de Sostenibilitat Tur\u00edstica, amb accions com el control d&#8217;accessos, la desestacionalitzaci\u00f3, la diversificaci\u00f3 de l&#8217;oferta tur\u00edstica i la implementaci\u00f3 de noves tecnologies, aix\u00ed com unes altres que s&#8217;aniran presentant en breu, ens permetran avan\u00e7ar cap a un destinaci\u00f3 intel\u00b7ligent i sostenible\u201d.<\/td>\n<\/tr>\n<\/tbody>\n<\/table>\n<p>La Val d\u2019Aran \u00e9s present, a trav\u00e9s de Foment Torisme Val d\u2019Aran, en aquesta edici\u00f3 de FITUR, com cada any, a trav\u00e9s d&#8217;una \u00e0rea pr\u00f2pia a l&#8217;estand de Turisme de Catalunya.<\/p>\n ","protected":false},"excerpt":{"rendered":"<p>\u00b7\u00a0\u00a0\u00a0\u00a0\u00a0\u00a0 La s\u00edndica d&#8217;Aran, acompanyada pels consellers de Turisme i Promoci\u00f3 Econ\u00f2mica, s&#8217;ha reunit aquest mat\u00ed amb el conseller d&#8217;Empresa i Treball de la Generalitat per a traslladar-li la necessitat d&#8217;actualitzar aquest \u00e0mbit competencial que ve definit a la Llei d&#8217;Aran i que no s&#8217;ha revisat des de 1997. \u00b7\u00a0\u00a0\u00a0\u00a0\u00a0\u00a0 Aix\u00ed mateix, el govern del&#8230;<\/p>\n","protected":false},"author":10,"featured_media":51649,"comment_status":"closed","ping_status":"closed","sticky":false,"template":"","format":"standard","meta":{"footnotes":""},"categories":[53,139],"tags":[],"_links":{"self":[{"href":"https:\/\/www.conselharan.org\/ca\/wp-json\/wp\/v2\/posts\/51657"}],"collection":[{"href":"https:\/\/www.conselharan.org\/ca\/wp-json\/wp\/v2\/posts"}],"about":[{"href":"https:\/\/www.conselharan.org\/ca\/wp-json\/wp\/v2\/types\/post"}],"author":[{"embeddable":true,"href":"https:\/\/www.conselharan.org\/ca\/wp-json\/wp\/v2\/users\/10"}],"replies":[{"embeddable":true,"href":"https:\/\/www.conselharan.org\/ca\/wp-json\/wp\/v2\/comments?post=51657"}],"version-history":[{"count":1,"href":"https:\/\/www.conselharan.org\/ca\/wp-json\/wp\/v2\/posts\/51657\/revisions"}],"predecessor-version":[{"id":51658,"href":"https:\/\/www.conselharan.org\/ca\/wp-json\/wp\/v2\/posts\/51657\/revisions\/51658"}],"wp:featuredmedia":[{"embeddable":true,"href":"https:\/\/www.conselharan.org\/ca\/wp-json\/wp\/v2\/media\/51649"}],"wp:attachment":[{"href":"https:\/\/www.conselharan.org\/ca\/wp-json\/wp\/v2\/media?parent=51657"}],"wp:term":[{"taxonomy":"category","embeddable":true,"href":"https:\/\/www.conselharan.org\/ca\/wp-json\/wp\/v2\/categories?post=51657"},{"taxonomy":"post_tag","embeddable":true,"href":"https:\/\/www.conselharan.org\/ca\/wp-json\/wp\/v2\/tags?post=51657"}],"curies":[{"name":"wp","href":"https:\/\/api.w.org\/{rel}","templated":true}]}}