{"id":51690,"date":"2023-01-20T13:05:59","date_gmt":"2023-01-20T12:05:59","guid":{"rendered":"https:\/\/www.conselharan.org\/eth-conselh-generau-daran-artenh-eth-compromis-dera-generalitat-de-catalunya-enta-aumentar-es-recorsi-tar-aranes\/"},"modified":"2023-05-17T10:19:27","modified_gmt":"2023-05-17T08:19:27","slug":"eth-conselh-generau-daran-artenh-eth-compromis-dera-generalitat-de-catalunya-enta-aumentar-es-recorsi-tar-aranes","status":"publish","type":"post","link":"https:\/\/www.conselharan.org\/ca\/eth-conselh-generau-daran-artenh-eth-compromis-dera-generalitat-de-catalunya-enta-aumentar-es-recorsi-tar-aranes\/","title":{"rendered":"El Conselh Generau d\u2019Aran aconsegueix el comprom\u00eds de la Generalitat de Catalunya per a augmentar els recursos per a l&#8217;aran\u00e8s"},"content":{"rendered":"<p><a href=\"https:\/\/www.conselharan.org\/wp-content\/uploads\/2023\/01\/P1043986-scaled.jpg\"><img loading=\"lazy\" decoding=\"async\" class=\"aligncenter wp-image-51681 size-large\" src=\"https:\/\/www.conselharan.org\/wp-content\/uploads\/2023\/01\/P1043986-1024x768.jpg\" alt=\"\" width=\"1024\" height=\"768\" srcset=\"https:\/\/www.conselharan.org\/wp-content\/uploads\/2023\/01\/P1043986-1024x768.jpg 1024w, https:\/\/www.conselharan.org\/wp-content\/uploads\/2023\/01\/P1043986-300x225.jpg 300w, https:\/\/www.conselharan.org\/wp-content\/uploads\/2023\/01\/P1043986-768x576.jpg 768w, https:\/\/www.conselharan.org\/wp-content\/uploads\/2023\/01\/P1043986-1536x1152.jpg 1536w, https:\/\/www.conselharan.org\/wp-content\/uploads\/2023\/01\/P1043986-2048x1536.jpg 2048w\" sizes=\"(max-width: 1024px) 100vw, 1024px\" \/><\/a><\/p>\n<ul>\n<li>\n<h3><strong>Avui ha tingut lloc la reuni\u00f3 de la Comissi\u00f3 Bilateral entre el Conselh Generau d\u2019Aran i la Generalitat de Catalunya, on el govern d&#8217;Aran, despr\u00e9s de mesos de negociaci\u00f3, ha aconseguit el comprom\u00eds d&#8217;actualitzar i consolidar la seva compet\u00e8ncia plena en mat\u00e8ria de llengua, tal com estableix la Llei d&#8217;Aran<\/strong><\/h3>\n<\/li>\n<li>\n<h3><strong>La Comissi\u00f3 Bilateral ha aprovat tamb\u00e9 altres afers relacionats amb el suport als esportistes aranesos, la millora en mat\u00e8ria d&#8217;ordenaci\u00f3 del territori i urbanisme i la sanitat aranesa<\/strong><\/h3>\n<\/li>\n<\/ul>\n<p>Aquest mat\u00ed ha tingut lloc, a la seu del Conselh Generau d\u2019Aran, la reuni\u00f3 de la Comissi\u00f3 Bilateral entre el govern d&#8217;Aran i la Generalitat de Catalunya corresponent a 2022, que ha estat copresidida per la s\u00edndica d&#8217;Aran, Maria Verg\u00e9s, i la consellera de Presid\u00e8ncia, Laura Vilagr\u00e0, en la qual han participat tamb\u00e9 el conseller d&#8217;Economia i Promoci\u00f3 Econ\u00f2mica, Juan Antonio Serrano, el conseller de Territori, Paisatge i Gesti\u00f3 ambiental, Franc\u00e9s Bruna, la consellera de Coneixement i Innovaci\u00f3, Angelina Cases, i el conseller d&#8217;Esports i Governaci\u00f3, Amador Marqu\u00e8s, aix\u00ed com alts c\u00e0rrecs de la Generalitat.<\/p>\n<p>\u201cDespr\u00e9s de mesos de negociacions amb la Generalitat, el govern del Conselh Generau d\u2019Aran ha aconseguit el comprom\u00eds del govern catal\u00e0 per a la millora dels recursos per a l&#8217;aran\u00e8s\u201d, afirmava la s\u00edndica d&#8217;Aran, afegint que: \u201chem acordat que, enguany, el Conselh Generau d\u2019Aran rebr\u00e0 200.000 euros m\u00e9s per a l&#8217;aran\u00e8s i hem aconseguit el comprom\u00eds de la Generalitat perqu\u00e8, al llarg d&#8217;aquest 2023, s&#8217;estableixin els mecanismes perqu\u00e8 el Conselh pugui desenvolupar les seves compet\u00e8ncies i es pugui tancar definitivament el finan\u00e7ament necessari\u201d.<\/p>\n<p>Aix\u00ed mateix, la s\u00edndica d&#8217;Aran ha volgut \u201cagrair aquest primer gest de la Generalitat que serveix per a obrir de manera definitiva la negociaci\u00f3 que hem de tancar aquest 2023 per a consolidar el trasp\u00e0s en mat\u00e8ria de llengua, quelcom que hem reclamat tot aquest temps\u201d.<\/p>\n<p>Altres acords als quals ha arribat aquesta Comissi\u00f3 Bilateral han estat la millora de recursos en mat\u00e8ria d&#8217;ordenaci\u00f3 del territori i urbanisme, que han de permetre millorar el servei t\u00e8cnic de suport als municipis i que \u201c\u00e9s tamb\u00e9 l&#8217;inici dels treballs per a aconseguir m\u00e9s compet\u00e8ncies en aquests \u00e0mbits per a poder fer front a reptes com el de l&#8217;acc\u00e9s a l&#8217;habitatge\u201d.<\/p>\n<p>Avui tamb\u00e9 s&#8217;ha aprovat el pagament de les ajudes, per valor de 30.000 \u20ac, per als esportistes aranesos que formen part del CETEI de la Val d&#8217;Aran, s&#8217;ha ratificat el conveni entre el Departament de Salut de la Generalitat i el Conselh Generau, i s&#8217;ha aprovat la incorporaci\u00f3 dels recursos del trasp\u00e0s de compet\u00e8ncies en l&#8217;\u00e0mbit d&#8217;emerg\u00e8ncies al Fons de Finan\u00e7ament Incondicionat, at\u00e8s que, des de l&#8217;1 de gener de 2023, la compet\u00e8ncia en mat\u00e8ria de gesti\u00f3 d&#8217;emerg\u00e8ncies pertany exclusivament al govern aran\u00e8s.<\/p>\n<p>Aix\u00ed mateix, la s\u00edndica d&#8217;Aran ha posat de manifest que aquest 2023 finalitza l&#8217;actual acord de finan\u00e7ament entre ambdues institucions i \u00e9s necessari comen\u00e7ar a treballar en el disseny d&#8217;un nou acord que \u201cpermeti al Conselh Generau d\u2019Aran tamb\u00e9, a m\u00e9s d&#8217;actualitzar les dotacions pressupost\u00e0ries, recuperar les partides per a pol\u00edtiques pr\u00f2pies que permetin la gesti\u00f3 directa sobre les accions i projectes, i que es pugui establir el mecanisme de control dels acords financers\u201d. En aquest sentit, la s\u00edndica d&#8217;Aran tamb\u00e9 ha manifestat \u201cla necessitat d&#8217;actualitzar les inversions que la Generalitat duu a terme a l\u2019Aran i, que en els \u00faltims 12 anys, s&#8217;han situat en un -84%, quelcom que esperem que pugui revertir-se amb la remodelaci\u00f3 de l\u2019Espitau Val d&#8217;Aran, la construcci\u00f3 d&#8217;un centre cultural i de convencions o amb l&#8217;ampliaci\u00f3 de l&#8217;actual parc de Pompi\u00e8rs de Vielha, aix\u00ed com amb altres pol\u00edtiques de compet\u00e8ncia directa de la Generalitat com la millora de la C-28\u201d,<\/p>\n<p>En aquesta reuni\u00f3, s&#8217;ha aprovat una declaraci\u00f3 institucional conjunta entre el Conselh Generau d\u2019Aran i la Generalitat de Catalunya per al foment i protecci\u00f3 de l&#8217;aran\u00e8s, que recull el comprom\u00eds de la Generalitat per a incrementar enguany la transfer\u00e8ncia en mat\u00e8ria de llengua al Conselh i en la qual tamb\u00e9 ambdues institucions es comprometen a desenvolupar durant 2023 un proc\u00e9s conjunt per a determinar les necessitats de finan\u00e7ament per al foment i protecci\u00f3 de l&#8217;aran\u00e8s i a establir els mecanismes necessaris perqu\u00e8 el Conselh Generau pugui desenvolupar amb garanties la seva compet\u00e8ncia plena en aquesta mat\u00e8ria.<\/p>\n ","protected":false},"excerpt":{"rendered":"<p>Avui ha tingut lloc la reuni\u00f3 de la Comissi\u00f3 Bilateral entre el Conselh Generau d\u2019Aran i la Generalitat de Catalunya, on el govern d&#8217;Aran, despr\u00e9s de mesos de negociaci\u00f3, ha aconseguit el comprom\u00eds d&#8217;actualitzar i consolidar la seva compet\u00e8ncia plena en mat\u00e8ria de llengua, tal com estableix la Llei d&#8217;Aran La Comissi\u00f3 Bilateral ha aprovat&#8230;<\/p>\n","protected":false},"author":10,"featured_media":51682,"comment_status":"closed","ping_status":"closed","sticky":false,"template":"","format":"standard","meta":{"footnotes":""},"categories":[794,53,133],"tags":[],"_links":{"self":[{"href":"https:\/\/www.conselharan.org\/ca\/wp-json\/wp\/v2\/posts\/51690"}],"collection":[{"href":"https:\/\/www.conselharan.org\/ca\/wp-json\/wp\/v2\/posts"}],"about":[{"href":"https:\/\/www.conselharan.org\/ca\/wp-json\/wp\/v2\/types\/post"}],"author":[{"embeddable":true,"href":"https:\/\/www.conselharan.org\/ca\/wp-json\/wp\/v2\/users\/10"}],"replies":[{"embeddable":true,"href":"https:\/\/www.conselharan.org\/ca\/wp-json\/wp\/v2\/comments?post=51690"}],"version-history":[{"count":1,"href":"https:\/\/www.conselharan.org\/ca\/wp-json\/wp\/v2\/posts\/51690\/revisions"}],"predecessor-version":[{"id":51691,"href":"https:\/\/www.conselharan.org\/ca\/wp-json\/wp\/v2\/posts\/51690\/revisions\/51691"}],"wp:featuredmedia":[{"embeddable":true,"href":"https:\/\/www.conselharan.org\/ca\/wp-json\/wp\/v2\/media\/51682"}],"wp:attachment":[{"href":"https:\/\/www.conselharan.org\/ca\/wp-json\/wp\/v2\/media?parent=51690"}],"wp:term":[{"taxonomy":"category","embeddable":true,"href":"https:\/\/www.conselharan.org\/ca\/wp-json\/wp\/v2\/categories?post=51690"},{"taxonomy":"post_tag","embeddable":true,"href":"https:\/\/www.conselharan.org\/ca\/wp-json\/wp\/v2\/tags?post=51690"}],"curies":[{"name":"wp","href":"https:\/\/api.w.org\/{rel}","templated":true}]}}