{"id":51790,"date":"2023-01-25T18:39:53","date_gmt":"2023-01-25T17:39:53","guid":{"rendered":"https:\/\/www.conselharan.org\/intervencion-dera-sindica-en-plen-deth-parlament-de-catalunya\/"},"modified":"2023-01-25T19:05:45","modified_gmt":"2023-01-25T18:05:45","slug":"intervencion-dera-sindica-en-plen-deth-parlament-de-catalunya","status":"publish","type":"post","link":"https:\/\/www.conselharan.org\/ca\/intervencion-dera-sindica-en-plen-deth-parlament-de-catalunya\/","title":{"rendered":"Intervenci\u00f3 de la s\u00edndica d&#8217;Aran al Ple del Parlament de Catalunya"},"content":{"rendered":"<p><a href=\"https:\/\/www.conselharan.org\/wp-content\/uploads\/2023\/01\/WhatsApp-Image-2023-01-25-at-18.05.07.jpeg\"><img loading=\"lazy\" decoding=\"async\" class=\"aligncenter wp-image-51781 size-large\" src=\"https:\/\/www.conselharan.org\/wp-content\/uploads\/2023\/01\/WhatsApp-Image-2023-01-25-at-18.05.07-1024x768.jpeg\" alt=\"\" width=\"1024\" height=\"768\" srcset=\"https:\/\/www.conselharan.org\/wp-content\/uploads\/2023\/01\/WhatsApp-Image-2023-01-25-at-18.05.07-1024x768.jpeg 1024w, https:\/\/www.conselharan.org\/wp-content\/uploads\/2023\/01\/WhatsApp-Image-2023-01-25-at-18.05.07-300x225.jpeg 300w, https:\/\/www.conselharan.org\/wp-content\/uploads\/2023\/01\/WhatsApp-Image-2023-01-25-at-18.05.07-768x576.jpeg 768w, https:\/\/www.conselharan.org\/wp-content\/uploads\/2023\/01\/WhatsApp-Image-2023-01-25-at-18.05.07-1536x1152.jpeg 1536w, https:\/\/www.conselharan.org\/wp-content\/uploads\/2023\/01\/WhatsApp-Image-2023-01-25-at-18.05.07.jpeg 2048w\" sizes=\"(max-width: 1024px) 100vw, 1024px\" \/><\/a><\/p>\n<p>Gr\u00e0cies, vicepresidenta. Bona tarda, President, conseller, diputats i diputades. Permetin-me que abans de comen\u00e7ar la meva intervenci\u00f3 saludi tamb\u00e9 els magn\u00edfics consellers del Consell General d\u2019Aran que avui s\u00f3n tamb\u00e9 presents a l\u2019hemicicle.<\/p>\n<p>&nbsp;<\/p>\n<p>Comparec avui com a s\u00edndica d\u2019Aran davant el Ple del Parlament de Catalunya en virtut del que disposa l\u2019article 79 de la Llei del r\u00e8gim especial d\u2019Aran i del que estableix tamb\u00e9 l\u2019Estatut d\u2019autonomia de Catalunya per presentar i defensar la iniciativa legislativa que la m\u00e0xima instituci\u00f3 d\u2019Aran va presentar el passat mes de novembre a aquesta cambra per modificar la disposici\u00f3 addicional de la Llei 8\/2022, sobre l\u2019\u00fas i l\u2019aprenentatge de les lleng\u00fces oficials en l\u2019ensenyament no universitari.<\/p>\n<p>&nbsp;<\/p>\n<p>Durant la meva \u00faltima compareixen\u00e7a en aquesta cambra davant la Comissi\u00f3 d\u2019Afers Institucionals el passat mes de novembre, els vaig relatar la dram\u00e0tica i delicada situaci\u00f3 que viu la llengua pr\u00f2pia d\u2019Aran. Infrafinan\u00e7ament, incompliment i deficient desplegament de la legislaci\u00f3 vigent, necessitat de reformes quant al dret ling\u00fc\u00edstic, l\u2019\u00fas sota m\u00ednims o la manca de consci\u00e8ncia social sobre la cr\u00edtica situaci\u00f3 s\u00f3n alguns dels elements que configuren l\u2019espasa de D\u00e0mocles que amena\u00e7a la nostra llengua.<\/p>\n<p>&nbsp;<\/p>\n<p>Pel que fa a la manca de finan\u00e7ament, aquests \u00faltims dies hi ha hagut alguns aven\u00e7os que, esperem, obrin una nova i esperan\u00e7adora etapa per a l\u2019aran\u00e8s, que els recordo que \u00e9s tamb\u00e9 llengua oficial a Catalunya.<\/p>\n<p>&nbsp;<\/p>\n<p>El passat divendres 13 de gener, la Comissi\u00f3 Bilateral Generalitat de Catalunya &#8211; Conselh Generau d\u2019Aran va aprovar una millora de la dotaci\u00f3 econ\u00f2mica en mat\u00e8ria d\u2019aran\u00e8s de 200.000 euros, que \u00e9s el primer pas perqu\u00e8, tal com es compromet la Generalitat de Catalunya en la declaraci\u00f3 institucional aprovada per tots dos governs, aquest 2023 culmini el proc\u00e9s d\u2019actualitzaci\u00f3 del trasp\u00e0s competencial i l\u2019establiment dels mecanismes necessaris perqu\u00e8 la m\u00e0xima instituci\u00f3 aranesa pugui desenvolupar amb garanties la seva compet\u00e8ncia plena en aquesta mat\u00e8ria, tal com estableix l\u2019article 51 de la Llei del r\u00e8gim especial d\u2019Aran, un primer pas que, com dic, esperem que ens situ\u00ef ja definitivament en la bona direcci\u00f3.<\/p>\n<p>&nbsp;<\/p>\n<p>No \u00e9s objecte de la meva intervenci\u00f3 fer servir aquesta estrada per obrir novament el cap\u00edtol de greuges que acumula la llengua pr\u00f2pia d\u2019Aran, per\u00f2 certament \u00e9s la manca de solucions per a aquests greuges el que ha provocat que avui es debati aquesta iniciativa legislativa del Consell General d\u2019Aran.<\/p>\n<p>&nbsp;<\/p>\n<p>Una de les problem\u00e0tiques de fons es visualitza en un reconeixement, una protecci\u00f3 i una promoci\u00f3 clarament insuficients de l\u2019aran\u00e8s en el disseny i la implantaci\u00f3 de les pol\u00edtiques ling\u00fc\u00edstiques promogudes hist\u00f2ricament per la Generalitat de Catalunya, malgrat que \u00e9s una llengua oficial especialment vulnerable. Si revisem la pol\u00edtica ling\u00fc\u00edstica promoguda per la Generalitat de Catalunya durant els darrers anys, veiem que s\u2019ha articulat amb plantejaments que han situat el catal\u00e0 com a pedra angular de la pol\u00edtica institucional, condemnant l\u2019aran\u00e8s a una posici\u00f3 residual i access\u00f2ria.<\/p>\n<p>&nbsp;<\/p>\n<p>I no em mal interpretin: aquesta reflexi\u00f3 no vol ser una cr\u00edtica al Govern de Catalunya, present o passat, sin\u00f3 que pret\u00e9n argumentar i explicar per qu\u00e8 ens trobem avui aqu\u00ed.<\/p>\n<p>&nbsp;<\/p>\n<p>Aquest tracte residual de qu\u00e8 parlo es projecta tamb\u00e9 en el dret ling\u00fc\u00edstic auton\u00f2mic, que tot sovint nega a l\u2019aran\u00e8s fins i tot el reconeixement expl\u00edcit del seu estatus jur\u00eddic d\u2019oficialitat. I aix\u00f2, diputats i diputades, \u00e9s el que ha passat amb l\u2019aprovaci\u00f3 de la Llei sobre l\u2019\u00fas i l\u2019aprenentatge de les lleng\u00fces oficials en l\u2019ensenyament no universitari, que, com ja saben, no cont\u00e9 cap reconeixement expl\u00edcit de l\u2019oficialitat de la llengua, com tampoc no recull els compromisos jur\u00eddics que preveu la Carta europea de les lleng\u00fces regionals o minorit\u00e0ries ni reconeix l\u2019aran\u00e8s com a llengua vehicular i d\u2019aprenentatge habitual, com ho ha estat els darrers quaranta anys de la m\u00e0 de l\u2019escola aranesa, una escola que al llarg de tot aquest temps ha estat un dels eixos vertebradors de la societat aranesa i ha estat clau per a la normalitzaci\u00f3 de la nostra llengua pr\u00f2pia, l\u2019aran\u00e8s, i per consolidar un model educatiu propi i pluriling\u00fce que amb el temps s\u2019ha demostrat com un model d\u2019\u00e8xit.<\/p>\n<p>&nbsp;<\/p>\n<p>El treball de les escoles de la Vall d\u2019Aran amb els seus projectes ling\u00fc\u00edstics ha possibilitat un proc\u00e9s d\u2019immersi\u00f3 ling\u00fc\u00edstica que ha fet viable que l\u2019alumnat aran\u00e8s acabi l\u2019escolaritzaci\u00f3 obligat\u00f2ria amb el domini de cinc lleng\u00fces: les tres lleng\u00fces oficials a Aran, aran\u00e8s, catal\u00e0 i castell\u00e0, i dues d\u2019estrangeres, franc\u00e8s i angl\u00e8s, fet que ha esdevingut tamb\u00e9 un element clau de cohesi\u00f3 i integraci\u00f3 social i, sense dubte, un sistema \u00fanic en tot l\u2019Estat que \u00e9s un exemple de bones pr\u00e0ctiques en el tractament i la conviv\u00e8ncia de les lleng\u00fces a l\u2019escola i que, en canvi, \u00e9s for\u00e7a desconegut.<\/p>\n<p>&nbsp;<\/p>\n<p>\u00c9s per aix\u00f2 que l\u2019aprovaci\u00f3 d\u2019aquesta llei va ser viscuda a Aran com un atac a la nostra llengua, i per aix\u00f2, tamb\u00e9, el Ple del Consell General d\u2019Aran, amb el suport del sector educatiu aran\u00e8s, va aprovar al juny una declaraci\u00f3 institucional per exigir a la Generalitat de Catalunya i al Parlament de Catalunya la modificaci\u00f3 de la llei per al reconeixement de l\u2019aran\u00e8s com llengua pr\u00f2pia d\u2019Aran i oficial a Catalunya i del seu car\u00e0cter com a llengua vehicular i d\u2019aprenentatge a l\u2019escola aranesa.<\/p>\n<p>&nbsp;<\/p>\n<p>\u00abQui t\u00e9 la llengua, t\u00e9 la clau\u00bb, deia l\u2019escriptor occit\u00e0 Frederic Mistral, premi Nobel de literatura el 1904. I aix\u00ed \u00e9s: la llengua no \u00e9s nom\u00e9s un element identitari de primer ordre, sin\u00f3 tamb\u00e9 un element essencial de cohesi\u00f3 i integraci\u00f3 social, i tamb\u00e9 de progressi\u00f3 social, tot i que massa sovint, malauradament, es faci servir com un recurs per atiar el conflicte pol\u00edtic i social. No cal que els digui que no \u00e9s aquest l\u2019objectiu del Govern d\u2019Aran. Al contrari.<\/p>\n<p>&nbsp;<\/p>\n<p>Aix\u00ed, doncs, conscients de les dificultats que ha provocat la negociaci\u00f3, tramitaci\u00f3 i aprovaci\u00f3 de la llei, hem resolt de presentar aquesta iniciativa per modificar \u00fanicament la disposici\u00f3 addicional del text, per, d\u2019una banda, no interferir en l\u2019articulat, i, de l\u2019altra, garantir la seguretat jur\u00eddica i evitar en un futur interpretacions err\u00f2nies que posin en risc l\u2019aran\u00e8s com a llengua vehicular i d\u2019aprenentatge habitual en els centres educatius de la Vall d\u2019Aran.<\/p>\n<p>&nbsp;<\/p>\n<p>Sabem, diputats i diputades, que no hi ha hagut intencionalitat en l\u2019aprovaci\u00f3 d\u2019aquesta llei pel que fa a l\u2019aran\u00e8s, probablement, i aix\u00ed alguns de vost\u00e8s ens ho han fet a saber. Hi ha hagut la voluntat de protegir la nostra llengua, per\u00f2 aquesta voluntat, que agra\u00efm, cal que sempre estigui lligada a la concepci\u00f3 clara que la Vall d\u2019Aran, per mitj\u00e0 de la seva m\u00e0xima instituci\u00f3, \u00e9s un subjecte pol\u00edtic major d\u2019edat que no t\u00e9 necessitat de tuteles i paternalismes, sin\u00f3 de complicitats, empatia, i respecte i lleialtat institucionals.<\/p>\n<p>&nbsp;<\/p>\n<p>L\u2019aran\u00e8s, l\u2019occit\u00e0 de la Vall d\u2019Aran, \u00e9s llengua oficial a Catalunya, \u00e9s llengua <em>de<\/em> Catalunya, i \u00e9s per aix\u00f2 que volem que sigui equiparada al catal\u00e0, d\u2019una manera justa i equitativa, no solament en els recursos, sin\u00f3 tamb\u00e9 en aquell reconeixement que permeti sentir-nos\u00a0 acompanyats, cuidats i, sobretot, compresos.<\/p>\n<p>&nbsp;<\/p>\n<p>I la comprensi\u00f3 no \u00e9s possible sense coneixement. La UNESCO fixa en el llindar del 30% d\u2019\u00fas social la l\u00ednia per sota de la qual una llengua es troba en perill d\u2019extinci\u00f3. L\u2019aran\u00e8s, segons les darreres dades de les enquestes d\u2019usos ling\u00fc\u00edstics, t\u00e9 al voltant del 20% d\u2019\u00fas social. \u00c9s a dir, la llengua es mor. I amb ella tamb\u00e9 ho fa, sense dubte, l\u2019autogovern i l\u2019autonomia pol\u00edtica. Tot i aix\u00f2, no ens resignem. Per aix\u00f2 som tamb\u00e9 avui aqu\u00ed, per demanar-los que aprovin aquesta iniciativa, com un gest de responsabilitat, comprensi\u00f3 i respecte que ens faci recuperar la confian\u00e7a en aquesta cambra i en la voluntat compartida de conservar una llengua que \u00e9s tamb\u00e9 seva i de tot Catalunya, i que volem viva, forta i \u00fatil, un gest que ajudi a enfortir els lla\u00e7os d\u2019Aran amb Catalunya per mitj\u00e0 d\u2019aquesta cambra, a qu\u00e8 continuarem apropant-nos per consolidar la nostra maduresa pol\u00edtica i institucional i defensar els drets d\u2019Aran i la seva ciutadania.<\/p>\n<p>&nbsp;<\/p>\n<p>Gr\u00e0cies, diputats i diputades.<\/p>\n ","protected":false},"excerpt":{"rendered":"<p>Gr\u00e0cies, vicepresidenta. Bona tarda, President, conseller, diputats i diputades. Permetin-me que abans de comen\u00e7ar la meva intervenci\u00f3 saludi tamb\u00e9 els magn\u00edfics consellers del Consell General d\u2019Aran que avui s\u00f3n tamb\u00e9 presents a l\u2019hemicicle. &nbsp; Comparec avui com a s\u00edndica d\u2019Aran davant el Ple del Parlament de Catalunya en virtut del que disposa l\u2019article 79 de&#8230;<\/p>\n","protected":false},"author":10,"featured_media":51782,"comment_status":"closed","ping_status":"closed","sticky":false,"template":"","format":"standard","meta":{"footnotes":""},"categories":[53],"tags":[],"_links":{"self":[{"href":"https:\/\/www.conselharan.org\/ca\/wp-json\/wp\/v2\/posts\/51790"}],"collection":[{"href":"https:\/\/www.conselharan.org\/ca\/wp-json\/wp\/v2\/posts"}],"about":[{"href":"https:\/\/www.conselharan.org\/ca\/wp-json\/wp\/v2\/types\/post"}],"author":[{"embeddable":true,"href":"https:\/\/www.conselharan.org\/ca\/wp-json\/wp\/v2\/users\/10"}],"replies":[{"embeddable":true,"href":"https:\/\/www.conselharan.org\/ca\/wp-json\/wp\/v2\/comments?post=51790"}],"version-history":[{"count":1,"href":"https:\/\/www.conselharan.org\/ca\/wp-json\/wp\/v2\/posts\/51790\/revisions"}],"predecessor-version":[{"id":51791,"href":"https:\/\/www.conselharan.org\/ca\/wp-json\/wp\/v2\/posts\/51790\/revisions\/51791"}],"wp:featuredmedia":[{"embeddable":true,"href":"https:\/\/www.conselharan.org\/ca\/wp-json\/wp\/v2\/media\/51782"}],"wp:attachment":[{"href":"https:\/\/www.conselharan.org\/ca\/wp-json\/wp\/v2\/media?parent=51790"}],"wp:term":[{"taxonomy":"category","embeddable":true,"href":"https:\/\/www.conselharan.org\/ca\/wp-json\/wp\/v2\/categories?post=51790"},{"taxonomy":"post_tag","embeddable":true,"href":"https:\/\/www.conselharan.org\/ca\/wp-json\/wp\/v2\/tags?post=51790"}],"curies":[{"name":"wp","href":"https:\/\/api.w.org\/{rel}","templated":true}]}}