{"id":5181,"date":"2014-10-16T08:00:00","date_gmt":"2014-10-16T06:00:00","guid":{"rendered":"http:\/\/www.conselharan.org\/?p=5181"},"modified":"2014-10-15T15:27:12","modified_gmt":"2014-10-15T13:27:12","slug":"cessio-al-conselh-generau-daran-del-fons-documental-baro-de-miguel-de-santa-gemma-de-vilac","status":"publish","type":"post","link":"https:\/\/www.conselharan.org\/ca\/cessio-al-conselh-generau-daran-del-fons-documental-baro-de-miguel-de-santa-gemma-de-vilac\/","title":{"rendered":"Cessi\u00f3 al Conselh Generau d\u2019Aran del fons documental Bar\u00f3 de Miguel de Santa Gemma de Vilac"},"content":{"rendered":"<p><a href=\"http:\/\/www.conselharan.org\/wp-content\/uploads\/2014\/10\/nancy.jpg\"><img loading=\"lazy\" decoding=\"async\" class=\"aligncenter size-large wp-image-5177\" alt=\"nancy\" src=\"http:\/\/www.conselharan.org\/wp-content\/uploads\/2014\/10\/nancy-1024x685.jpg\" width=\"1024\" height=\"685\" srcset=\"https:\/\/www.conselharan.org\/wp-content\/uploads\/2014\/10\/nancy-1024x685.jpg 1024w, https:\/\/www.conselharan.org\/wp-content\/uploads\/2014\/10\/nancy-300x200.jpg 300w\" sizes=\"(max-width: 1024px) 100vw, 1024px\" \/><\/a><\/p>\n<p><strong>Nancy La Fonta de Sainteg\u00e8me<\/strong> ha cedit al Conselh Generau d\u2019Aran el seu fons documental \u201cBar\u00f3 de Miguel de Santa Gemma de Vilac\u201d que forma part del patrimoni aran\u00e8s.<\/p>\n<p>El fons arxiv\u00edstic objecte d\u2019aquesta cessi\u00f3 ser\u00e0 dipositat en l&#8217;Arxiu General d\u2019Aran per tal de garantir la millor gesti\u00f3 i preservaci\u00f3 del fons documental.<\/p>\n<p>D\u2019aquest fons se\u2019n far\u00e0 una c\u00f2pia digitalitzada i impresa per dipositar-la en les depend\u00e8ncies de l&#8217;EMD de Vilac.<\/p>\n<p>A m\u00e9s de documents, en el fons \u201cBar\u00f3 de Miguel de Santa Gemma de Vilac\u201d s&#8217;hi troben peces de vaixella, segells de l&#8217;escut de la fam\u00edlia,&#8230; que es dipositaran en el Museu de la Val d&#8217;Aran.<\/p>\n<p><a href=\"http:\/\/www.conselharan.org\/wp-content\/uploads\/2014\/10\/baron-sta-gemma.jpg\"><img loading=\"lazy\" decoding=\"async\" class=\"aligncenter size-large wp-image-5178\" alt=\"baron sta gemma\" src=\"http:\/\/www.conselharan.org\/wp-content\/uploads\/2014\/10\/baron-sta-gemma-1024x753.jpg\" width=\"1024\" height=\"753\" srcset=\"https:\/\/www.conselharan.org\/wp-content\/uploads\/2014\/10\/baron-sta-gemma-1024x753.jpg 1024w, https:\/\/www.conselharan.org\/wp-content\/uploads\/2014\/10\/baron-sta-gemma-300x220.jpg 300w\" sizes=\"(max-width: 1024px) 100vw, 1024px\" \/><\/a><\/p>\n<p>En paraules del Cap Cultura i Patrimoni,<strong> J\u00e8p de Montoya, \u201camb aquest fons, els investigadors podran continuar la fita de saber m\u00e9s de la nostra hist\u00f2ria. No vull deixar-me d\u2019agrair a l&#8217;alcalde de Vilac, Jose Rella, el seu treball perqu\u00e8 al final, Nancy La Fonta, s\u2019hagi decidit per cedir a la Val d\u2019Aran aquest fons patrimonial sobre el Bar\u00f3 de Miguel de Santa Gemma de Vilac\u201d.<\/strong><\/p>\n<p><a href=\"http:\/\/www.conselharan.org\/wp-content\/uploads\/2014\/10\/baron-sta-gemma-1.jpg\"><img loading=\"lazy\" decoding=\"async\" class=\"aligncenter size-large wp-image-5179\" alt=\"baron sta gemma 1\" src=\"http:\/\/www.conselharan.org\/wp-content\/uploads\/2014\/10\/baron-sta-gemma-1-920x1024.jpg\" width=\"920\" height=\"1024\" srcset=\"https:\/\/www.conselharan.org\/wp-content\/uploads\/2014\/10\/baron-sta-gemma-1-920x1024.jpg 920w, https:\/\/www.conselharan.org\/wp-content\/uploads\/2014\/10\/baron-sta-gemma-1-269x300.jpg 269w\" sizes=\"(max-width: 920px) 100vw, 920px\" \/><\/a><\/p>\n<p><strong>\u201cGr\u00e0cies a aquest tipus de donacions, ampliem el patrimoni aran\u00e8s, la cura del Govern d\u2019Aran \u00e9s encoratjar als ve\u00efns a que aporten part de la nostra hist\u00f2ria\u201d<\/strong> ha afegit el s\u00edndic d\u2019Aran, <strong>Carlos Barrera<\/strong>.<\/p>\n ","protected":false},"excerpt":{"rendered":"<p>Nancy La Fonta de Sainteg\u00e8me ha cedit al Conselh Generau d\u2019Aran el seu fons documental \u201cBar\u00f3 de Miguel de Santa Gemma de Vilac\u201d que forma part del patrimoni aran\u00e8s. El fons arxiv\u00edstic objecte d\u2019aquesta cessi\u00f3 ser\u00e0 dipositat en l&#8217;Arxiu General d\u2019Aran per tal de garantir la millor gesti\u00f3 i preservaci\u00f3 del fons documental. D\u2019aquest fons&#8230;<\/p>\n","protected":false},"author":2,"featured_media":5177,"comment_status":"closed","ping_status":"closed","sticky":false,"template":"","format":"standard","meta":{"footnotes":""},"categories":[31,33,36],"tags":[],"_links":{"self":[{"href":"https:\/\/www.conselharan.org\/ca\/wp-json\/wp\/v2\/posts\/5181"}],"collection":[{"href":"https:\/\/www.conselharan.org\/ca\/wp-json\/wp\/v2\/posts"}],"about":[{"href":"https:\/\/www.conselharan.org\/ca\/wp-json\/wp\/v2\/types\/post"}],"author":[{"embeddable":true,"href":"https:\/\/www.conselharan.org\/ca\/wp-json\/wp\/v2\/users\/2"}],"replies":[{"embeddable":true,"href":"https:\/\/www.conselharan.org\/ca\/wp-json\/wp\/v2\/comments?post=5181"}],"version-history":[{"count":1,"href":"https:\/\/www.conselharan.org\/ca\/wp-json\/wp\/v2\/posts\/5181\/revisions"}],"predecessor-version":[{"id":5182,"href":"https:\/\/www.conselharan.org\/ca\/wp-json\/wp\/v2\/posts\/5181\/revisions\/5182"}],"wp:featuredmedia":[{"embeddable":true,"href":"https:\/\/www.conselharan.org\/ca\/wp-json\/wp\/v2\/media\/5177"}],"wp:attachment":[{"href":"https:\/\/www.conselharan.org\/ca\/wp-json\/wp\/v2\/media?parent=5181"}],"wp:term":[{"taxonomy":"category","embeddable":true,"href":"https:\/\/www.conselharan.org\/ca\/wp-json\/wp\/v2\/categories?post=5181"},{"taxonomy":"post_tag","embeddable":true,"href":"https:\/\/www.conselharan.org\/ca\/wp-json\/wp\/v2\/tags?post=5181"}],"curies":[{"name":"wp","href":"https:\/\/api.w.org\/{rel}","templated":true}]}}