{"id":51831,"date":"2023-01-27T14:51:17","date_gmt":"2023-01-27T13:51:17","guid":{"rendered":"https:\/\/www.conselharan.org\/?p=51831"},"modified":"2023-01-27T14:52:02","modified_gmt":"2023-01-27T13:52:02","slug":"el-conselh-generau-daran-finalitza-la-segona-fase-de-la-restauracio-del-monument-de-setmana-santa-de-bossost","status":"publish","type":"post","link":"https:\/\/www.conselharan.org\/ca\/el-conselh-generau-daran-finalitza-la-segona-fase-de-la-restauracio-del-monument-de-setmana-santa-de-bossost\/","title":{"rendered":"El Conselh Generau d\u2019Aran finalitza la segona fase de la restauraci\u00f3 del monument de Setmana Santa de Boss\u00f2st"},"content":{"rendered":"<p><a href=\"https:\/\/www.conselharan.org\/ca\/el-conselh-generau-daran-finalitza-la-segona-fase-de-la-restauracio-del-monument-de-setmana-santa-de-bossost\/monument-sense-restaurar-2\/\" rel=\"attachment wp-att-51821\"><img loading=\"lazy\" decoding=\"async\" class=\"aligncenter size-full wp-image-51821\" src=\"https:\/\/www.conselharan.org\/wp-content\/uploads\/2023\/01\/Monument-sense-restaurar.png\" alt=\"\" width=\"602\" height=\"371\" srcset=\"https:\/\/www.conselharan.org\/wp-content\/uploads\/2023\/01\/Monument-sense-restaurar.png 602w, https:\/\/www.conselharan.org\/wp-content\/uploads\/2023\/01\/Monument-sense-restaurar-300x185.png 300w\" sizes=\"(max-width: 602px) 100vw, 602px\" \/><\/a><\/p>\n<p><a href=\"https:\/\/www.conselharan.org\/ca\/el-conselh-generau-daran-finalitza-la-segona-fase-de-la-restauracio-del-monument-de-setmana-santa-de-bossost\/monument-restaurat-2\/\" rel=\"attachment wp-att-51818\"><img loading=\"lazy\" decoding=\"async\" class=\"aligncenter size-full wp-image-51818\" src=\"https:\/\/www.conselharan.org\/wp-content\/uploads\/2023\/01\/Monument-restaurat.png\" alt=\"\" width=\"602\" height=\"376\" srcset=\"https:\/\/www.conselharan.org\/wp-content\/uploads\/2023\/01\/Monument-restaurat.png 602w, https:\/\/www.conselharan.org\/wp-content\/uploads\/2023\/01\/Monument-restaurat-300x187.png 300w\" sizes=\"(max-width: 602px) 100vw, 602px\" \/><\/a><\/p>\n<p>&nbsp;<\/p>\n<p>\u2022<strong> El govern d&#8217;Aran restaura, en fases successives, la totalitat de les pintures d&#8217;aquest monument del segle XVII, que narra la Passi\u00f3 i Resurrecci\u00f3 de Crist i que avui dia encara s&#8217;instal\u00b7la a l&#8217;altar major de l&#8217;esgl\u00e9sia de Boss\u00f2st cada Dijous Sant, seguint una antiga tradici\u00f3<\/strong><\/p>\n<p>&nbsp;<\/p>\n<p>El Conselh Generau d\u2019Aran ha finalitzat la segona fase de restauraci\u00f3 de diverses pintures sobre tela del monument de Dijous Sant de l&#8217;esgl\u00e9sia de la Mare de D\u00e9u de la Purificaci\u00f3 de Boss\u00f2st, uns treballs duts a terme durant la tardor de 2022.<\/p>\n<p>En aquesta segona fase s&#8217;han restaurat les dues teles, de gran format (150 x 265 cm), que constitueixen el fons del monument, representant sobre un fons de color blau, l&#8217;arribada de l&#8217;Esperit Sant en forma de colom entre dos \u00e0ngels que porten els instruments de la Passi\u00f3 de Crist. Uns cortinatges emmarquen la representaci\u00f3. Est\u00e0 previst que aquestes pintures restaurades tornin a la Val d&#8217;Aran el mes de febrer.<\/p>\n<p>Es tracta d&#8217;un monument del segle XVII, composat per dotze escenes pintades al tremp en teles de lli sobre bastidors de fusta, que narren la passi\u00f3 i resurrecci\u00f3 de Crist.<br \/>\nMalgrat que a Aran es conserven altres monuments de Setmana Santa pintats d&#8217;aquesta mateixa \u00e8poca, el monument de Boss\u00f2st \u00e9s l&#8217;\u00fanic que es continua muntant cada any al presbiteri de l&#8217;esgl\u00e9sia durant el dijous i divendres Sant, formant part de les celebracions i tradicions de Setmana Santa que el poble de Boss\u00f2st ha sabut mantenir de generaci\u00f3 en generaci\u00f3.<\/p>\n<p>Aquesta intervenci\u00f3, promoguda pel govern del Conselh Generau d\u2019Aran, amb el suport econ\u00f2mic del Departament de Cultura de la Generalitat de Catalunya i de la Diputaci\u00f3 de Lleida, s&#8217;ha dut a terme en les instal\u00b7lacions del Centre Centri de Restauraci\u00f3 de B\u00e9ns Mobles de Catalunya (CRBMC) a Valldoreix (Barcelona).<\/p>\n<p>L&#8217;actuaci\u00f3, duta a terme per l&#8217;empresa especialitzada TdArt Heritage Curators amb un cost de 9.568,68 \u20ac, ha consistit en la neteja i desinfecci\u00f3 dels bastidors de fusta i de la tela, l&#8217;aplanat i solidificaci\u00f3 del suport de fusta i tela, la neteja i fixaci\u00f3 del cobertor pict\u00f2ric i la reintegraci\u00f3 pict\u00f2rica de la p\u00e8rdues.<\/p>\n<p>&nbsp;<\/p>\n<p><a href=\"https:\/\/www.conselharan.org\/ca\/el-conselh-generau-daran-finalitza-la-segona-fase-de-la-restauracio-del-monument-de-setmana-santa-de-bossost\/imagen3-2\/\" rel=\"attachment wp-att-51824\"><img loading=\"lazy\" decoding=\"async\" class=\"aligncenter wp-image-51824\" src=\"https:\/\/www.conselharan.org\/wp-content\/uploads\/2023\/01\/Imagen3.png\" alt=\"\" width=\"329\" height=\"105\" \/><\/a><a href=\"https:\/\/www.conselharan.org\/ca\/el-conselh-generau-daran-finalitza-la-segona-fase-de-la-restauracio-del-monument-de-setmana-santa-de-bossost\/imagen4-2\/\" rel=\"attachment wp-att-51827\"><img loading=\"lazy\" decoding=\"async\" class=\"aligncenter wp-image-51827\" src=\"https:\/\/www.conselharan.org\/wp-content\/uploads\/2023\/01\/Imagen4.jpg\" alt=\"\" width=\"402\" height=\"154\" srcset=\"https:\/\/www.conselharan.org\/wp-content\/uploads\/2023\/01\/Imagen4.jpg 600w, https:\/\/www.conselharan.org\/wp-content\/uploads\/2023\/01\/Imagen4-300x115.jpg 300w\" sizes=\"(max-width: 402px) 100vw, 402px\" \/><\/a><\/p>\n<p>&nbsp;<\/p>\n<p>&nbsp;<\/p>\n<p>Vielha, 27 de gener de 2023<\/p>\n ","protected":false},"excerpt":{"rendered":"<p>&nbsp; \u2022 El govern d&#8217;Aran restaura, en fases successives, la totalitat de les pintures d&#8217;aquest monument del segle XVII, que narra la Passi\u00f3 i Resurrecci\u00f3 de Crist i que avui dia encara s&#8217;instal\u00b7la a l&#8217;altar major de l&#8217;esgl\u00e9sia de Boss\u00f2st cada Dijous Sant, seguint una antiga tradici\u00f3 &nbsp; El Conselh Generau d\u2019Aran ha finalitzat la&#8230;<\/p>\n","protected":false},"author":2,"featured_media":51818,"comment_status":"closed","ping_status":"closed","sticky":false,"template":"","format":"standard","meta":{"footnotes":""},"categories":[794,33],"tags":[],"_links":{"self":[{"href":"https:\/\/www.conselharan.org\/ca\/wp-json\/wp\/v2\/posts\/51831"}],"collection":[{"href":"https:\/\/www.conselharan.org\/ca\/wp-json\/wp\/v2\/posts"}],"about":[{"href":"https:\/\/www.conselharan.org\/ca\/wp-json\/wp\/v2\/types\/post"}],"author":[{"embeddable":true,"href":"https:\/\/www.conselharan.org\/ca\/wp-json\/wp\/v2\/users\/2"}],"replies":[{"embeddable":true,"href":"https:\/\/www.conselharan.org\/ca\/wp-json\/wp\/v2\/comments?post=51831"}],"version-history":[{"count":2,"href":"https:\/\/www.conselharan.org\/ca\/wp-json\/wp\/v2\/posts\/51831\/revisions"}],"predecessor-version":[{"id":51833,"href":"https:\/\/www.conselharan.org\/ca\/wp-json\/wp\/v2\/posts\/51831\/revisions\/51833"}],"wp:featuredmedia":[{"embeddable":true,"href":"https:\/\/www.conselharan.org\/ca\/wp-json\/wp\/v2\/media\/51818"}],"wp:attachment":[{"href":"https:\/\/www.conselharan.org\/ca\/wp-json\/wp\/v2\/media?parent=51831"}],"wp:term":[{"taxonomy":"category","embeddable":true,"href":"https:\/\/www.conselharan.org\/ca\/wp-json\/wp\/v2\/categories?post=51831"},{"taxonomy":"post_tag","embeddable":true,"href":"https:\/\/www.conselharan.org\/ca\/wp-json\/wp\/v2\/tags?post=51831"}],"curies":[{"name":"wp","href":"https:\/\/api.w.org\/{rel}","templated":true}]}}