{"id":51934,"date":"2023-02-08T15:33:11","date_gmt":"2023-02-08T14:33:11","guid":{"rendered":"https:\/\/www.conselharan.org\/?p=51934"},"modified":"2023-02-08T15:33:11","modified_gmt":"2023-02-08T14:33:11","slug":"el-govern-daran-i-pimec-semplacen-a-treballar-conjuntament-en-limpuls-del-comerc-de-la-val-daran","status":"publish","type":"post","link":"https:\/\/www.conselharan.org\/ca\/el-govern-daran-i-pimec-semplacen-a-treballar-conjuntament-en-limpuls-del-comerc-de-la-val-daran\/","title":{"rendered":"El govern d&#8217;Aran i PIMEC s&#8217;emplacen a treballar conjuntament en l&#8217;impuls del comer\u00e7 de la Val d&#8217;Aran"},"content":{"rendered":"<p><a href=\"https:\/\/www.conselharan.org\/ca\/el-govern-daran-i-pimec-semplacen-a-treballar-conjuntament-en-limpuls-del-comerc-de-la-val-daran\/img_0752-2\/\" rel=\"attachment wp-att-51930\"><img loading=\"lazy\" decoding=\"async\" class=\"aligncenter size-large wp-image-51930\" src=\"https:\/\/www.conselharan.org\/wp-content\/uploads\/2023\/02\/IMG_0752-1024x768.jpg\" alt=\"\" width=\"1024\" height=\"768\" srcset=\"https:\/\/www.conselharan.org\/wp-content\/uploads\/2023\/02\/IMG_0752-1024x768.jpg 1024w, https:\/\/www.conselharan.org\/wp-content\/uploads\/2023\/02\/IMG_0752-300x225.jpg 300w, https:\/\/www.conselharan.org\/wp-content\/uploads\/2023\/02\/IMG_0752-768x576.jpg 768w, https:\/\/www.conselharan.org\/wp-content\/uploads\/2023\/02\/IMG_0752-1536x1152.jpg 1536w, https:\/\/www.conselharan.org\/wp-content\/uploads\/2023\/02\/IMG_0752-2048x1536.jpg 2048w\" sizes=\"(max-width: 1024px) 100vw, 1024px\" \/><\/a><\/p>\n<p>&nbsp;<\/p>\n<p>\u2022<strong> El Conselh Generau d\u2019Aran va dur a terme un Pla de Dinamitzaci\u00f3 Econ\u00f2mic-Comercial que va quedar parat a causa de la pand\u00e8mia i en el qual ara treballa per a poder desenvolupar-lo d&#8217;acord amb el sector<\/strong><\/p>\n<p><strong>\u2022 Durant la reuni\u00f3 amb PIMEC ahir es va plantejar tamb\u00e9 implementar estrat\u00e8gies conjuntes per a poder dur a terme les accions contemplades en aquest document<\/strong><\/p>\n<p>&nbsp;<\/p>\n<p>La s\u00edndica d&#8217;Aran, Maria Verg\u00e9s, els consellers d&#8217;Economia i Promoci\u00f3 Econ\u00f2mica, Juan Antonio Serrano i Josep Canut, i el conseller de Governament, Amador Marqu\u00e8s, van rebre ahir al president de PIMEComer\u00e7 de Lleida i el seu equip per a tractar sobre assumptes relacionats amb el comer\u00e7 de la Val d&#8217;Aran.<\/p>\n<p>Aquesta trobada va servir per a empla\u00e7ar-se a treballar de manera conjunt en l&#8217;impuls del teixit empresarial de la Val d&#8217;Aran i brindar suport al comer\u00e7 local del territori.<\/p>\n<p>&nbsp;<\/p>\n<p>&nbsp;<\/p>\n<p><em>Vielha, 8 de febrer de 2023<\/em><\/p>\n ","protected":false},"excerpt":{"rendered":"<p>&nbsp; \u2022 El Conselh Generau d\u2019Aran va dur a terme un Pla de Dinamitzaci\u00f3 Econ\u00f2mic-Comercial que va quedar parat a causa de la pand\u00e8mia i en el qual ara treballa per a poder desenvolupar-lo d&#8217;acord amb el sector \u2022 Durant la reuni\u00f3 amb PIMEC ahir es va plantejar tamb\u00e9 implementar estrat\u00e8gies conjuntes per a poder&#8230;<\/p>\n","protected":false},"author":2,"featured_media":51930,"comment_status":"closed","ping_status":"closed","sticky":false,"template":"","format":"standard","meta":{"footnotes":""},"categories":[53,800,139],"tags":[],"_links":{"self":[{"href":"https:\/\/www.conselharan.org\/ca\/wp-json\/wp\/v2\/posts\/51934"}],"collection":[{"href":"https:\/\/www.conselharan.org\/ca\/wp-json\/wp\/v2\/posts"}],"about":[{"href":"https:\/\/www.conselharan.org\/ca\/wp-json\/wp\/v2\/types\/post"}],"author":[{"embeddable":true,"href":"https:\/\/www.conselharan.org\/ca\/wp-json\/wp\/v2\/users\/2"}],"replies":[{"embeddable":true,"href":"https:\/\/www.conselharan.org\/ca\/wp-json\/wp\/v2\/comments?post=51934"}],"version-history":[{"count":2,"href":"https:\/\/www.conselharan.org\/ca\/wp-json\/wp\/v2\/posts\/51934\/revisions"}],"predecessor-version":[{"id":51936,"href":"https:\/\/www.conselharan.org\/ca\/wp-json\/wp\/v2\/posts\/51934\/revisions\/51936"}],"wp:featuredmedia":[{"embeddable":true,"href":"https:\/\/www.conselharan.org\/ca\/wp-json\/wp\/v2\/media\/51930"}],"wp:attachment":[{"href":"https:\/\/www.conselharan.org\/ca\/wp-json\/wp\/v2\/media?parent=51934"}],"wp:term":[{"taxonomy":"category","embeddable":true,"href":"https:\/\/www.conselharan.org\/ca\/wp-json\/wp\/v2\/categories?post=51934"},{"taxonomy":"post_tag","embeddable":true,"href":"https:\/\/www.conselharan.org\/ca\/wp-json\/wp\/v2\/tags?post=51934"}],"curies":[{"name":"wp","href":"https:\/\/api.w.org\/{rel}","templated":true}]}}