{"id":51955,"date":"2023-02-10T09:28:17","date_gmt":"2023-02-10T08:28:17","guid":{"rendered":"https:\/\/www.conselharan.org\/?p=51955"},"modified":"2023-02-10T09:33:21","modified_gmt":"2023-02-10T08:33:21","slug":"laranes-present-en-els-recursos-educatius-de-la-junta-dandalusia","status":"publish","type":"post","link":"https:\/\/www.conselharan.org\/ca\/laranes-present-en-els-recursos-educatius-de-la-junta-dandalusia\/","title":{"rendered":"L&#8217;aran\u00e8s, present en els recursos educatius de la Junta d&#8217;Andalusia"},"content":{"rendered":"<p><a href=\"https:\/\/www.conselharan.org\/ca\/laranes-present-en-els-recursos-educatius-de-la-junta-dandalusia\/aranes-junta-andalucia-2\/\" rel=\"attachment wp-att-51948\"><img loading=\"lazy\" decoding=\"async\" class=\"aligncenter size-full wp-image-51948\" src=\"https:\/\/www.conselharan.org\/wp-content\/uploads\/2023\/02\/Aran\u00e9s-Junta-Andaluc\u00eda.png\" alt=\"\" width=\"766\" height=\"744\" srcset=\"https:\/\/www.conselharan.org\/wp-content\/uploads\/2023\/02\/Aran\u00e9s-Junta-Andaluc\u00eda.png 766w, https:\/\/www.conselharan.org\/wp-content\/uploads\/2023\/02\/Aran\u00e9s-Junta-Andaluc\u00eda-300x291.png 300w\" sizes=\"(max-width: 766px) 100vw, 766px\" \/><\/a><\/p>\n<p>&nbsp;<\/p>\n<p>\u2022 <strong>El departament de Cultura i Llengua del Conselh Generau d\u2019Aran ha col\u00b7laborat amb el govern andal\u00fas per oferir contingut en aran\u00e8s a l&#8217;espai que ha habilitat per donar a con\u00e8ixer la diversitat ling\u00fc\u00edstica de l&#8217;estat Espa\u00f1ol a l&#8217;alumnat de tercer cicle de prim\u00e0ria<\/strong><\/p>\n<p>&nbsp;<\/p>\n<p>El govern del Conselh Generau d\u2019Aran treballa en la promoci\u00f3, normalitzaci\u00f3 i l&#8217;impuls de l&#8217;aran\u00e8s tant dins com fora de la Val d\u2019Aran. En aquest sentit, el departament de Cultura i Llengua ha col\u00b7laborat amb la Junta d&#8217;Andalusia per oferir material en aran\u00e8s entre els recursos digitals creats per la Conselleria de Desenvolupament Educatiu i Formaci\u00f3 Professional del govern andal\u00fas, on han incl\u00f2s un espai per donar a con\u00e8ixer la diversitat ling\u00fc\u00edstica de l&#8217;estat Espa\u00f1ol. L&#8217;objectiu \u00e9s que l&#8217;alumnat de tercer cicle de prim\u00e0ria descobreixin les altres quatre lleng\u00fces oficials: basc, gallec, catal\u00e0 i aran\u00e8s.<\/p>\n<p>&nbsp;<\/p>\n<p><a href=\"https:\/\/www.conselharan.org\/ca\/laranes-present-en-els-recursos-educatius-de-la-junta-dandalusia\/aranes-junta-andalucia2-2\/\" rel=\"attachment wp-att-51951\"><img loading=\"lazy\" decoding=\"async\" class=\"aligncenter size-full wp-image-51951\" src=\"https:\/\/www.conselharan.org\/wp-content\/uploads\/2023\/02\/Aran\u00e9s-Junta-Andaluc\u00eda2.png\" alt=\"\" width=\"917\" height=\"707\" srcset=\"https:\/\/www.conselharan.org\/wp-content\/uploads\/2023\/02\/Aran\u00e9s-Junta-Andaluc\u00eda2.png 917w, https:\/\/www.conselharan.org\/wp-content\/uploads\/2023\/02\/Aran\u00e9s-Junta-Andaluc\u00eda2-300x231.png 300w, https:\/\/www.conselharan.org\/wp-content\/uploads\/2023\/02\/Aran\u00e9s-Junta-Andaluc\u00eda2-768x592.png 768w\" sizes=\"(max-width: 917px) 100vw, 917px\" \/><\/a><\/p>\n<p>&nbsp;<\/p>\n<p>El descobriment es fa a trav\u00e9s de jocs i poden escoltar diversos continguts en cadascuna de les lleng\u00fces. En aran\u00e8s trobem un di\u00e0leg, un refrany, versos de Mossen Jos\u00e8p Cond\u00f2, l&#8217;himne Montanhes Araneses i la can\u00e7\u00f3 eliminativa <em>Toti pelhuti<\/em>. Aquests continguts han estat proporcionats pel departament de Cultura i Llengua del Conselh, amb la col\u00b7laboraci\u00f3 especial de Manuela Amiell, i es poden consultar a la <strong><a href=\"https:\/\/edea.juntadeandalucia.es\/bancorecursos\/file\/af857cb3-f332-45d1-a34a-11155ccd5b69\/1\/LEN_6PRI_REA_06_V01.zip\/3_poetidetectives.html\" target=\"_blank\" rel=\"noopener noreferrer\">web del Banco de Recursos de la Junta<\/a><\/strong><\/p>\n<p>&nbsp;<\/p>\n<p>&nbsp;<\/p>\n<p><em>Vielha, 10 de febrer de 2023<\/em><\/p>\n ","protected":false},"excerpt":{"rendered":"<p>&nbsp; \u2022 El departament de Cultura i Llengua del Conselh Generau d\u2019Aran ha col\u00b7laborat amb el govern andal\u00fas per oferir contingut en aran\u00e8s a l&#8217;espai que ha habilitat per donar a con\u00e8ixer la diversitat ling\u00fc\u00edstica de l&#8217;estat Espa\u00f1ol a l&#8217;alumnat de tercer cicle de prim\u00e0ria &nbsp; El govern del Conselh Generau d\u2019Aran treballa en la&#8230;<\/p>\n","protected":false},"author":2,"featured_media":51948,"comment_status":"closed","ping_status":"closed","sticky":false,"template":"","format":"standard","meta":{"footnotes":""},"categories":[791,133,33],"tags":[],"_links":{"self":[{"href":"https:\/\/www.conselharan.org\/ca\/wp-json\/wp\/v2\/posts\/51955"}],"collection":[{"href":"https:\/\/www.conselharan.org\/ca\/wp-json\/wp\/v2\/posts"}],"about":[{"href":"https:\/\/www.conselharan.org\/ca\/wp-json\/wp\/v2\/types\/post"}],"author":[{"embeddable":true,"href":"https:\/\/www.conselharan.org\/ca\/wp-json\/wp\/v2\/users\/2"}],"replies":[{"embeddable":true,"href":"https:\/\/www.conselharan.org\/ca\/wp-json\/wp\/v2\/comments?post=51955"}],"version-history":[{"count":3,"href":"https:\/\/www.conselharan.org\/ca\/wp-json\/wp\/v2\/posts\/51955\/revisions"}],"predecessor-version":[{"id":51962,"href":"https:\/\/www.conselharan.org\/ca\/wp-json\/wp\/v2\/posts\/51955\/revisions\/51962"}],"wp:featuredmedia":[{"embeddable":true,"href":"https:\/\/www.conselharan.org\/ca\/wp-json\/wp\/v2\/media\/51948"}],"wp:attachment":[{"href":"https:\/\/www.conselharan.org\/ca\/wp-json\/wp\/v2\/media?parent=51955"}],"wp:term":[{"taxonomy":"category","embeddable":true,"href":"https:\/\/www.conselharan.org\/ca\/wp-json\/wp\/v2\/categories?post=51955"},{"taxonomy":"post_tag","embeddable":true,"href":"https:\/\/www.conselharan.org\/ca\/wp-json\/wp\/v2\/tags?post=51955"}],"curies":[{"name":"wp","href":"https:\/\/api.w.org\/{rel}","templated":true}]}}