{"id":5200,"date":"2014-10-17T15:46:06","date_gmt":"2014-10-17T13:46:06","guid":{"rendered":"http:\/\/www.conselharan.org\/?p=5200"},"modified":"2014-10-17T15:46:06","modified_gmt":"2014-10-17T13:46:06","slug":"el-conselh-generau-repara-la-pista-de-portet","status":"publish","type":"post","link":"https:\/\/www.conselharan.org\/ca\/el-conselh-generau-repara-la-pista-de-portet\/","title":{"rendered":"El Conselh Generau repara la pista de Portet"},"content":{"rendered":"<p><a href=\"http:\/\/www.conselharan.org\/wp-content\/uploads\/2014\/10\/portet.jpg\"><img loading=\"lazy\" decoding=\"async\" class=\"aligncenter size-large wp-image-5197\" alt=\"portet\" src=\"http:\/\/www.conselharan.org\/wp-content\/uploads\/2014\/10\/portet-1024x768.jpg\" width=\"1024\" height=\"768\" srcset=\"https:\/\/www.conselharan.org\/wp-content\/uploads\/2014\/10\/portet-1024x768.jpg 1024w, https:\/\/www.conselharan.org\/wp-content\/uploads\/2014\/10\/portet-300x225.jpg 300w\" sizes=\"(max-width: 1024px) 100vw, 1024px\" \/><\/a><\/p>\n<p>La pista de Portet, ubicada al terme municipal de Les, estava for\u00e7a malmesa com a conseq\u00fc\u00e8ncia dels mals provocats pel col\u2022lapse del drenatge de la pista que van provocar despreniments en la mateixa fent malb\u00e9 la caixa del paviment i de les proteccions.<\/p>\n<p>El Conselh Generau d\u2019Aran va signar un conveni amb la Fundaci\u00f3 Endesa per tal de reparar, entre d\u2019altres, aquesta pista forestal dels desperfectes ocasionats pels aiguats de l\u2019any passat, amb un pressupost d\u2019execuci\u00f3 de <strong>100.947,75 \u20ac.<\/strong><\/p>\n<p><a href=\"http:\/\/www.conselharan.org\/wp-content\/uploads\/2014\/10\/portet-1.jpg\"><img loading=\"lazy\" decoding=\"async\" class=\"aligncenter size-large wp-image-5198\" alt=\"portet 1\" src=\"http:\/\/www.conselharan.org\/wp-content\/uploads\/2014\/10\/portet-1-1024x768.jpg\" width=\"1024\" height=\"768\" srcset=\"https:\/\/www.conselharan.org\/wp-content\/uploads\/2014\/10\/portet-1-1024x768.jpg 1024w, https:\/\/www.conselharan.org\/wp-content\/uploads\/2014\/10\/portet-1-300x225.jpg 300w\" sizes=\"(max-width: 1024px) 100vw, 1024px\" \/><\/a><\/p>\n<p>Aquestes actuacions, segons ha explicat el conselh\u00e8r d\u2019Agricultura, Ramaderia i Medi Natural d\u2019Aran,<strong> Jose E. Arr\u00f3, \u201ccomportaran una major seguretat pels ramaders de Les al seu acc\u00e9s a la muntanya de Portet\u201d.<\/strong><\/p>\n<p>Per la seva part, el conselh\u00e8r de Territori d\u2019Aran, <strong>Eduardo Valdecantos<\/strong>, ha manifestat <strong>la import\u00e0ncia d\u2019aquestes actuacions, aix\u00ed com l\u2019esfor\u00e7 del Govern en la reparaci\u00f3 i millora de les infraestructures en els pobles de Les i Boss\u00f2st.<\/strong><\/p>\n ","protected":false},"excerpt":{"rendered":"<p>La pista de Portet, ubicada al terme municipal de Les, estava for\u00e7a malmesa com a conseq\u00fc\u00e8ncia dels mals provocats pel col\u2022lapse del drenatge de la pista que van provocar despreniments en la mateixa fent malb\u00e9 la caixa del paviment i de les proteccions. El Conselh Generau d\u2019Aran va signar un conveni amb la Fundaci\u00f3 Endesa&#8230;<\/p>\n","protected":false},"author":2,"featured_media":5198,"comment_status":"closed","ping_status":"closed","sticky":false,"template":"","format":"standard","meta":{"footnotes":""},"categories":[31,53,127,33,36],"tags":[],"_links":{"self":[{"href":"https:\/\/www.conselharan.org\/ca\/wp-json\/wp\/v2\/posts\/5200"}],"collection":[{"href":"https:\/\/www.conselharan.org\/ca\/wp-json\/wp\/v2\/posts"}],"about":[{"href":"https:\/\/www.conselharan.org\/ca\/wp-json\/wp\/v2\/types\/post"}],"author":[{"embeddable":true,"href":"https:\/\/www.conselharan.org\/ca\/wp-json\/wp\/v2\/users\/2"}],"replies":[{"embeddable":true,"href":"https:\/\/www.conselharan.org\/ca\/wp-json\/wp\/v2\/comments?post=5200"}],"version-history":[{"count":1,"href":"https:\/\/www.conselharan.org\/ca\/wp-json\/wp\/v2\/posts\/5200\/revisions"}],"predecessor-version":[{"id":5201,"href":"https:\/\/www.conselharan.org\/ca\/wp-json\/wp\/v2\/posts\/5200\/revisions\/5201"}],"wp:featuredmedia":[{"embeddable":true,"href":"https:\/\/www.conselharan.org\/ca\/wp-json\/wp\/v2\/media\/5198"}],"wp:attachment":[{"href":"https:\/\/www.conselharan.org\/ca\/wp-json\/wp\/v2\/media?parent=5200"}],"wp:term":[{"taxonomy":"category","embeddable":true,"href":"https:\/\/www.conselharan.org\/ca\/wp-json\/wp\/v2\/categories?post=5200"},{"taxonomy":"post_tag","embeddable":true,"href":"https:\/\/www.conselharan.org\/ca\/wp-json\/wp\/v2\/tags?post=5200"}],"curies":[{"name":"wp","href":"https:\/\/api.w.org\/{rel}","templated":true}]}}