{"id":5208,"date":"2014-10-18T08:00:32","date_gmt":"2014-10-18T06:00:32","guid":{"rendered":"http:\/\/www.conselharan.org\/?p=5208"},"modified":"2014-10-17T15:51:49","modified_gmt":"2014-10-17T13:51:49","slug":"la-val-daran-participa-en-la-5a-edicio-de-la-fira-mercat-de-mercats-de-barcelona-del-17-al-19-doctubre","status":"publish","type":"post","link":"https:\/\/www.conselharan.org\/ca\/la-val-daran-participa-en-la-5a-edicio-de-la-fira-mercat-de-mercats-de-barcelona-del-17-al-19-doctubre\/","title":{"rendered":"La Val d\u2019Aran participa en la 5\u00aa edici\u00f3 de la fira Mercat de Mercats de Barcelona del 17 al 19 d&#8217;octubre"},"content":{"rendered":"<p><strong>En la fira es promocionar\u00e0 els productes i actes gastron\u00f2mics del territori<\/strong><\/p>\n<p><a href=\"http:\/\/www.conselharan.org\/wp-content\/uploads\/2014\/10\/MERCAT-1.jpg\"><img loading=\"lazy\" decoding=\"async\" class=\"aligncenter size-full wp-image-5205\" alt=\"MERCAT 1\" src=\"http:\/\/www.conselharan.org\/wp-content\/uploads\/2014\/10\/MERCAT-1.jpg\" width=\"941\" height=\"615\" srcset=\"https:\/\/www.conselharan.org\/wp-content\/uploads\/2014\/10\/MERCAT-1.jpg 941w, https:\/\/www.conselharan.org\/wp-content\/uploads\/2014\/10\/MERCAT-1-300x196.jpg 300w\" sizes=\"(max-width: 941px) 100vw, 941px\" \/><\/a><\/p>\n<p><strong>Del 17 al 19 d&#8217;octubre la Val d\u2019Aran formar\u00e0 part de la 5\u00aa edici\u00f3 de la fira \u201cMercat de Mercats\u201d que tindr\u00e0 lloc en l&#8217;Avinguda de la Catedral de Barcelona (Barri de Ciutat Vella).<\/strong> Es tracta d&#8217;un esdeveniment dirigit a promocionar els productes i la gastronomia de diferents parts de Catalunya.<\/p>\n<p>La Val d\u2019Aran participar\u00e0 com a col\u2022laborador en el estand 6 de la fira promocionant la gastronomia aranesa. Aix\u00ed, es vendran els productes del territori inclosos en el segell Productes dera Marca de Garantia, a m\u00e9s de promocionar la restauraci\u00f3 i els actes gastron\u00f2mics que es realitzen al llarg de l&#8217;any: M\u00f2stra Gastronomica dera Codina Aranesa, Era Mongetada i Era \u00d2lhada.<\/p>\n<p><a href=\"http:\/\/www.conselharan.org\/wp-content\/uploads\/2014\/10\/MERCAT-2.jpg\"><img loading=\"lazy\" decoding=\"async\" class=\"aligncenter size-full wp-image-5206\" alt=\"MERCAT 2\" src=\"http:\/\/www.conselharan.org\/wp-content\/uploads\/2014\/10\/MERCAT-2.jpg\" width=\"960\" height=\"646\" srcset=\"https:\/\/www.conselharan.org\/wp-content\/uploads\/2014\/10\/MERCAT-2.jpg 960w, https:\/\/www.conselharan.org\/wp-content\/uploads\/2014\/10\/MERCAT-2-300x201.jpg 300w\" sizes=\"(max-width: 960px) 100vw, 960px\" \/><\/a><\/p>\n<p>Mercat de Mercats inclou diferents activitats en un \u00fanic espai dirigit a productors, comerciants i cuiners i permet apropar als ciutadans de manera l\u00fadica i pedag\u00f2gica el millor producte de mercat. Durant l&#8217;edici\u00f3 de l&#8217;any 2013, m\u00e9s de 260.000 persones van visitar la fira i es van vendre m\u00e9s de 55.000 tiquets de degustaci\u00f3.<\/p>\n<p><strong>\u201cAquest esdeveniment permet promocionar la gastronomia de la Val d\u2019Aran, que demostra la import\u00e0ncia d&#8217;aquests sectors al territori. Mercat de Mercats \u00e9s l&#8217;escenari perfecte per donar a con\u00e8ixer aquests elements de la identitat aranesa, i que cada any atreu a una gran xifra de visitants<\/strong>\u201d, comenta la conselh\u00e8ra de Turisme, Comer\u00e7 i Consum d&#8217;Aran,<strong> Anna Diaz<\/strong>.<\/p>\n ","protected":false},"excerpt":{"rendered":"<p>En la fira es promocionar\u00e0 els productes i actes gastron\u00f2mics del territori Del 17 al 19 d&#8217;octubre la Val d\u2019Aran formar\u00e0 part de la 5\u00aa edici\u00f3 de la fira \u201cMercat de Mercats\u201d que tindr\u00e0 lloc en l&#8217;Avinguda de la Catedral de Barcelona (Barri de Ciutat Vella). Es tracta d&#8217;un esdeveniment dirigit a promocionar els productes&#8230;<\/p>\n","protected":false},"author":2,"featured_media":5205,"comment_status":"closed","ping_status":"closed","sticky":false,"template":"","format":"standard","meta":{"footnotes":""},"categories":[31,33,36],"tags":[],"_links":{"self":[{"href":"https:\/\/www.conselharan.org\/ca\/wp-json\/wp\/v2\/posts\/5208"}],"collection":[{"href":"https:\/\/www.conselharan.org\/ca\/wp-json\/wp\/v2\/posts"}],"about":[{"href":"https:\/\/www.conselharan.org\/ca\/wp-json\/wp\/v2\/types\/post"}],"author":[{"embeddable":true,"href":"https:\/\/www.conselharan.org\/ca\/wp-json\/wp\/v2\/users\/2"}],"replies":[{"embeddable":true,"href":"https:\/\/www.conselharan.org\/ca\/wp-json\/wp\/v2\/comments?post=5208"}],"version-history":[{"count":1,"href":"https:\/\/www.conselharan.org\/ca\/wp-json\/wp\/v2\/posts\/5208\/revisions"}],"predecessor-version":[{"id":5209,"href":"https:\/\/www.conselharan.org\/ca\/wp-json\/wp\/v2\/posts\/5208\/revisions\/5209"}],"wp:featuredmedia":[{"embeddable":true,"href":"https:\/\/www.conselharan.org\/ca\/wp-json\/wp\/v2\/media\/5205"}],"wp:attachment":[{"href":"https:\/\/www.conselharan.org\/ca\/wp-json\/wp\/v2\/media?parent=5208"}],"wp:term":[{"taxonomy":"category","embeddable":true,"href":"https:\/\/www.conselharan.org\/ca\/wp-json\/wp\/v2\/categories?post=5208"},{"taxonomy":"post_tag","embeddable":true,"href":"https:\/\/www.conselharan.org\/ca\/wp-json\/wp\/v2\/tags?post=5208"}],"curies":[{"name":"wp","href":"https:\/\/api.w.org\/{rel}","templated":true}]}}