{"id":52245,"date":"2023-03-03T12:49:31","date_gmt":"2023-03-03T11:49:31","guid":{"rendered":"https:\/\/www.conselharan.org\/era-sindica-daran-participe-ena-trobada-iberica-internacionau-sus-era-cooperacion-transtermiera-en-zones-de-montanha\/"},"modified":"2023-05-17T10:13:39","modified_gmt":"2023-05-17T08:13:39","slug":"era-sindica-daran-participe-ena-trobada-iberica-internacionau-sus-era-cooperacion-transtermiera-en-zones-de-montanha","status":"publish","type":"post","link":"https:\/\/www.conselharan.org\/ca\/era-sindica-daran-participe-ena-trobada-iberica-internacionau-sus-era-cooperacion-transtermiera-en-zones-de-montanha\/","title":{"rendered":"La s\u00edndica d&#8217;Aran participa en la Trobada Ib\u00e8rica Internacional sobre cooperaci\u00f3 transfronterera en zones de muntanya"},"content":{"rendered":"<p><a href=\"https:\/\/www.conselharan.org\/wp-content\/uploads\/2023\/03\/WhatsApp-Image-2023-03-03-at-12.36.38-2.jpeg\"><img loading=\"lazy\" decoding=\"async\" class=\"aligncenter wp-image-52234 size-full\" src=\"https:\/\/www.conselharan.org\/wp-content\/uploads\/2023\/03\/WhatsApp-Image-2023-03-03-at-12.36.38-2.jpeg\" alt=\"\" width=\"1024\" height=\"689\" srcset=\"https:\/\/www.conselharan.org\/wp-content\/uploads\/2023\/03\/WhatsApp-Image-2023-03-03-at-12.36.38-2.jpeg 1024w, https:\/\/www.conselharan.org\/wp-content\/uploads\/2023\/03\/WhatsApp-Image-2023-03-03-at-12.36.38-2-300x202.jpeg 300w, https:\/\/www.conselharan.org\/wp-content\/uploads\/2023\/03\/WhatsApp-Image-2023-03-03-at-12.36.38-2-768x517.jpeg 768w\" sizes=\"(max-width: 1024px) 100vw, 1024px\" \/><\/a><\/p>\n<ul>\n<li>\n<h3><strong>Aquest mat\u00ed, la s\u00edndica d&#8217;Aran ha format part d&#8217;aquesta jornada organitzada per l&#8217;associaci\u00f3 esMonta\u00f1as a Candelario (Salamanca), que suposa una oportunitat per a intercanviar informaci\u00f3 i experi\u00e8ncies i desenvolupar estrat\u00e8gies comuns entre els territoris de muntanya d&#8217;Espanya, It\u00e0lia, Portugal i Fran\u00e7a per a la dinamitzaci\u00f3 i visibilitzaci\u00f3 dels reptes d&#8217;aquests territoris<\/strong><\/h3>\n<\/li>\n<\/ul>\n<p>La s\u00edndica d&#8217;Aran, Maria Verg\u00e9s, ha participat avui en la Trobada Ib\u00e8rica Internacional organitzada per l&#8217;associaci\u00f3 esMonta\u00f1as a Candelario (Salamanca), en una taula de debat sobre les muntanyes d&#8217;Europa, amb Jo\u00e3o F. Rolo, president d\u2019ADIRAM (Associa\u00e7\u00e3o de Desenvolvimento Integrado da Rede das Aldeias de Montanha), Nicolas Evrard, assessor de muntanya en el Ministeri de la Transici\u00f3 Ecol\u00f2gica i de la Cohesi\u00f3 dels territoris al Govern de Fran\u00e7a, i amb Marco Bussone, president de l&#8217;Associaci\u00f3 Italiana de Municipis de Muntanya.<\/p>\n<p>Aquesta Trobada \u00e9s un espai de debat sobre les accions que es duen a terme al nostre pa\u00eds, It\u00e0lia, Portugal i Fran\u00e7a per a la dinamitzaci\u00f3, visibilitzaci\u00f3 i reptes de les zones de muntanya.<\/p>\n<p>\u201cCom a territori de muntanya, la Val d&#8217;Aran comparteix reptes amb la resta de zones de muntanya, com la retenci\u00f3 del talent jove, la fixaci\u00f3 de professionals, o les comunicacions terrestres i digitals\u201d, afirmava la s\u00edndica d&#8217;Aran, afegint que: \u201cdes del govern del Conselh Generau d\u2019Aran volem mantenir relaci\u00f3 amb tots aquests territoris per a con\u00e8ixer quines accions duen a terme i compartir solucions per a les necessitats i reptes de futur, de la mateixa manera que ja fem amb altres territoris ve\u00efns com les comarques de l&#8217;Alt Pirineu, amb qui mantenim una estreta relaci\u00f3 de col\u00b7laboraci\u00f3\u201d.<\/p>\n<p>La pres\u00e8ncia de la s\u00edndica en aquesta jornada \u00e9s una oportunitat per a intercanviar informaci\u00f3 i experi\u00e8ncies i desenvolupar estrat\u00e8gies comuns entre els territoris de muntanya d&#8217;altres pa\u00efsos, especialment, del pa\u00eds ve\u00ed.<\/p>\n<p>L&#8217;associaci\u00f3 esMonta\u00f1as es va formar en 2013 per a reunir els municipis de muntanya de tot l&#8217;estat, reivindicar les seves necessitats i promoure les millores legislatives i les accions necess\u00e0ries per a millorar la vida dels ve\u00efns i ve\u00efnes d&#8217;aquests territoris i, des d\u2019aleshores, organitza regularment congressos i jornades en diferents pobles de muntanya en els quals es debat i tracta sobre els reptes de les zones rurals, i suposa una oportunitat per a intercanviar experi\u00e8ncies i projectes.<\/p>\n ","protected":false},"excerpt":{"rendered":"<p>Aquest mat\u00ed, la s\u00edndica d&#8217;Aran ha format part d&#8217;aquesta jornada organitzada per l&#8217;associaci\u00f3 esMonta\u00f1as a Candelario (Salamanca), que suposa una oportunitat per a intercanviar informaci\u00f3 i experi\u00e8ncies i desenvolupar estrat\u00e8gies comuns entre els territoris de muntanya d&#8217;Espanya, It\u00e0lia, Portugal i Fran\u00e7a per a la dinamitzaci\u00f3 i visibilitzaci\u00f3 dels reptes d&#8217;aquests territoris La s\u00edndica d&#8217;Aran, Maria&#8230;<\/p>\n","protected":false},"author":10,"featured_media":52236,"comment_status":"closed","ping_status":"closed","sticky":false,"template":"","format":"standard","meta":{"footnotes":""},"categories":[33],"tags":[],"_links":{"self":[{"href":"https:\/\/www.conselharan.org\/ca\/wp-json\/wp\/v2\/posts\/52245"}],"collection":[{"href":"https:\/\/www.conselharan.org\/ca\/wp-json\/wp\/v2\/posts"}],"about":[{"href":"https:\/\/www.conselharan.org\/ca\/wp-json\/wp\/v2\/types\/post"}],"author":[{"embeddable":true,"href":"https:\/\/www.conselharan.org\/ca\/wp-json\/wp\/v2\/users\/10"}],"replies":[{"embeddable":true,"href":"https:\/\/www.conselharan.org\/ca\/wp-json\/wp\/v2\/comments?post=52245"}],"version-history":[{"count":1,"href":"https:\/\/www.conselharan.org\/ca\/wp-json\/wp\/v2\/posts\/52245\/revisions"}],"predecessor-version":[{"id":52246,"href":"https:\/\/www.conselharan.org\/ca\/wp-json\/wp\/v2\/posts\/52245\/revisions\/52246"}],"wp:featuredmedia":[{"embeddable":true,"href":"https:\/\/www.conselharan.org\/ca\/wp-json\/wp\/v2\/media\/52236"}],"wp:attachment":[{"href":"https:\/\/www.conselharan.org\/ca\/wp-json\/wp\/v2\/media?parent=52245"}],"wp:term":[{"taxonomy":"category","embeddable":true,"href":"https:\/\/www.conselharan.org\/ca\/wp-json\/wp\/v2\/categories?post=52245"},{"taxonomy":"post_tag","embeddable":true,"href":"https:\/\/www.conselharan.org\/ca\/wp-json\/wp\/v2\/tags?post=52245"}],"curies":[{"name":"wp","href":"https:\/\/api.w.org\/{rel}","templated":true}]}}