{"id":52349,"date":"2023-03-13T15:56:13","date_gmt":"2023-03-13T14:56:13","guid":{"rendered":"https:\/\/www.conselharan.org\/er-espitau-val-daran-compdara-damb-un-bloc-obstetric-de-darrera-generacion\/"},"modified":"2023-04-25T10:40:34","modified_gmt":"2023-04-25T08:40:34","slug":"er-espitau-val-daran-compdara-damb-un-bloc-obstetric-de-darrera-generacion","status":"publish","type":"post","link":"https:\/\/www.conselharan.org\/ca\/er-espitau-val-daran-compdara-damb-un-bloc-obstetric-de-darrera-generacion\/","title":{"rendered":"L\u2019Espitau Val d\u2019Aran comptar\u00e0 amb un bloc obst\u00e8tric d&#8217;\u00faltima generaci\u00f3"},"content":{"rendered":"<p><a href=\"https:\/\/www.conselharan.org\/wp-content\/uploads\/2023\/03\/Visita-nau-quir\u00f2fan-1.jpeg\"><img loading=\"lazy\" decoding=\"async\" class=\"aligncenter wp-image-52341 size-large\" src=\"https:\/\/www.conselharan.org\/wp-content\/uploads\/2023\/03\/Visita-nau-quir\u00f2fan-1-1024x768.jpeg\" alt=\"\" width=\"1024\" height=\"768\" srcset=\"https:\/\/www.conselharan.org\/wp-content\/uploads\/2023\/03\/Visita-nau-quir\u00f2fan-1-1024x768.jpeg 1024w, https:\/\/www.conselharan.org\/wp-content\/uploads\/2023\/03\/Visita-nau-quir\u00f2fan-1-300x225.jpeg 300w, https:\/\/www.conselharan.org\/wp-content\/uploads\/2023\/03\/Visita-nau-quir\u00f2fan-1-768x576.jpeg 768w, https:\/\/www.conselharan.org\/wp-content\/uploads\/2023\/03\/Visita-nau-quir\u00f2fan-1-1536x1152.jpeg 1536w, https:\/\/www.conselharan.org\/wp-content\/uploads\/2023\/03\/Visita-nau-quir\u00f2fan-1.jpeg 2048w\" sizes=\"(max-width: 1024px) 100vw, 1024px\" \/><\/a><\/p>\n<ul>\n<li>\n<h3><strong>Les obres del nou bloc obst\u00e8tric ja han finalitzat i el nou equipament est\u00e0 gaireb\u00e9 llest, una fita molt important perqu\u00e8, d&#8217;una banda, permetr\u00e0 a la Val d\u2019Aran comptar amb una sala de dilataci\u00f3 i una sala de parts d&#8217;\u00faltima generaci\u00f3, i per l&#8217;altra, perqu\u00e8 la remodelaci\u00f3 de l&#8217;\u00e0rea quir\u00fargica requereix que la sala de parts estigui condicionada amb totes les garanties per a ser emprada com a quir\u00f2fan<\/strong><\/h3>\n<\/li>\n<li>\n<h3><strong>Quan les obres de la nova \u00e0rea quir\u00fargica finalitzin, l\u2019Espitau Val d\u2019Aran comptar\u00e0 amb un bloc obst\u00e8tric tamb\u00e9 habilitat com a quir\u00f2fan, dos quir\u00f2fans de ple rendiment i un espai de Cirurgia Major Ambulat\u00f2ria, dotats amb les \u00faltimes tecnologies<\/strong><\/h3>\n<\/li>\n<\/ul>\n<p><strong>\u00a0<\/strong>La s\u00edndica d&#8217;Aran, Maria Verg\u00e9s, acompanyada per la directora del Servei Aran\u00e8s de Benestar i Salut (SABS), Maria \u00c0ngels Borr\u00e0s, el director-gerent d&#8217;Aran Salut, Jordi Vilana, la directora d&#8217;Infermeria de l\u2019Espitau Val d\u2019Aran, Pilar Cos, i l&#8217;equip t\u00e8cnic del Conselh Generau d\u2019Aran, han visitat avui les obres del nou bloc obst\u00e8tric de l&#8217;hospital, amb una sala de parts que compta tamb\u00e9 amb els requeriments necessaris per a ser utilitzada com a quir\u00f2fan.<\/p>\n<p>\u201cDespr\u00e9s de totes les dificultats que ha hagut de travessar aquest projecte, com l&#8217;arribada de la pand\u00e8mia o la complexitat t\u00e8cnica que va fer que la licitaci\u00f3 qued\u00e9s deserta en alguna ocasi\u00f3, ja ens trobem en la fase final i estem a punt de tenir llest, a la fi, el nou bloc obst\u00e8tric de l\u2019Espitau Val d\u2019Aran\u201d afirmava la s\u00edndica d&#8217;Aran, afegint que: \u201caquesta fita \u00e9s molt important perqu\u00e8 permetr\u00e0 comptar amb una sala de dilataci\u00f3 i una sala de parts d&#8217;\u00faltima generaci\u00f3 que estar\u00e0 habilitada tamb\u00e9 com a quir\u00f2fan\u201d.<\/p>\n<p>La sala de parts d&#8217;aquest nou bloc obst\u00e8tric ha estat constru\u00efda per a comptar amb els requeriments t\u00e8cnics necessaris i la tecnologia d&#8217;un quir\u00f2fan intel\u00b7ligent.<\/p>\n<p>\u201cEn les pr\u00f2ximes setmanes aquesta sala comen\u00e7ar\u00e0 a funcionar com a quir\u00f2fan, convivint durant un parell de setmanes amb l&#8217;\u00e0rea quir\u00fargica actual fins a comen\u00e7ar les obres del nou \u00e0rea quir\u00fargica, que ens permetr\u00e0 comptar amb dos quir\u00f2fans d&#8217;\u00faltima generaci\u00f3\u201d, assegurava Verg\u00e9s, afegint, en aquest sentit que: \u201cdes del govern del Conselh Generau d\u2019Aran volem agrair als professionals d&#8217;Aran Salut la seva paci\u00e8ncia en tot aquest proc\u00e9s i el treball que duen a terme per a garantir la millor de les atencions a la ciutadania aranesa\u201d.<\/p>\n<p>Juntament amb les obres del bloc obst\u00e8tric, s&#8217;ha creat tamb\u00e9 un espai de Cirurgia Major Ambulat\u00f2ria (CMA), per a facilitar l&#8217;atenci\u00f3 de pacients que han de passar per petites cirurgies, proves o exploracions que no requereixen d&#8217;ingr\u00e9s per\u00f2 s\u00ed d&#8217;un temps d&#8217;observaci\u00f3.<\/p>\n<p>En finalitzar les obres de la nova zona quir\u00fargica, que est\u00e0 previst que s&#8217;allarguin durant uns tres mesos, l\u2019Espitau Val d\u2019Aran comptar\u00e0 amb un bloc obst\u00e8tric amb sala de dilataci\u00f3 i sala de parts tamb\u00e9 habilitada com a quir\u00f2fan, dos quir\u00f2fans de ple rendiment i un espai CMA, dotats amb les \u00faltimes tecnologies i pensats per a garantir l&#8217;assist\u00e8ncia en qualsevol circumst\u00e0ncia dins de les possibilitats del sistema.<\/p>\n<div class=\"traductor-textarea form-group\">\n<div class=\"textarea-desti col-xs-12 col-sm-6\">\n<div class=\"form-control second-textarea\">L&#8217;equipament d&#8217;aquest nou bloc obst\u00e8tric ha estat finan\u00e7at gr\u00e0cies a la Diputaci\u00f3 de Lleida, que ha col\u00b7laborat amb un pressupost aproximat de 460.000 \u20ac.<\/div>\n<\/div>\n<\/div>\n ","protected":false},"excerpt":{"rendered":"<p>Les obres del nou bloc obst\u00e8tric ja han finalitzat i el nou equipament est\u00e0 gaireb\u00e9 llest, una fita molt important perqu\u00e8, d&#8217;una banda, permetr\u00e0 a la Val d\u2019Aran comptar amb una sala de dilataci\u00f3 i una sala de parts d&#8217;\u00faltima generaci\u00f3, i per l&#8217;altra, perqu\u00e8 la remodelaci\u00f3 de l&#8217;\u00e0rea quir\u00fargica requereix que la sala de&#8230;<\/p>\n","protected":false},"author":10,"featured_media":52342,"comment_status":"closed","ping_status":"closed","sticky":false,"template":"","format":"standard","meta":{"footnotes":""},"categories":[53,805],"tags":[],"_links":{"self":[{"href":"https:\/\/www.conselharan.org\/ca\/wp-json\/wp\/v2\/posts\/52349"}],"collection":[{"href":"https:\/\/www.conselharan.org\/ca\/wp-json\/wp\/v2\/posts"}],"about":[{"href":"https:\/\/www.conselharan.org\/ca\/wp-json\/wp\/v2\/types\/post"}],"author":[{"embeddable":true,"href":"https:\/\/www.conselharan.org\/ca\/wp-json\/wp\/v2\/users\/10"}],"replies":[{"embeddable":true,"href":"https:\/\/www.conselharan.org\/ca\/wp-json\/wp\/v2\/comments?post=52349"}],"version-history":[{"count":3,"href":"https:\/\/www.conselharan.org\/ca\/wp-json\/wp\/v2\/posts\/52349\/revisions"}],"predecessor-version":[{"id":52927,"href":"https:\/\/www.conselharan.org\/ca\/wp-json\/wp\/v2\/posts\/52349\/revisions\/52927"}],"wp:featuredmedia":[{"embeddable":true,"href":"https:\/\/www.conselharan.org\/ca\/wp-json\/wp\/v2\/media\/52342"}],"wp:attachment":[{"href":"https:\/\/www.conselharan.org\/ca\/wp-json\/wp\/v2\/media?parent=52349"}],"wp:term":[{"taxonomy":"category","embeddable":true,"href":"https:\/\/www.conselharan.org\/ca\/wp-json\/wp\/v2\/categories?post=52349"},{"taxonomy":"post_tag","embeddable":true,"href":"https:\/\/www.conselharan.org\/ca\/wp-json\/wp\/v2\/tags?post=52349"}],"curies":[{"name":"wp","href":"https:\/\/api.w.org\/{rel}","templated":true}]}}