{"id":52456,"date":"2023-03-17T14:25:15","date_gmt":"2023-03-17T13:25:15","guid":{"rendered":"https:\/\/www.conselharan.org\/?p=52456"},"modified":"2023-03-17T15:52:08","modified_gmt":"2023-03-17T14:52:08","slug":"el-govern-daran-aconsegueix-el-compromis-de-la-generalitat-per-lampliacio-i-remodelacio-de-lhospital-val-daran","status":"publish","type":"post","link":"https:\/\/www.conselharan.org\/ca\/el-govern-daran-aconsegueix-el-compromis-de-la-generalitat-per-lampliacio-i-remodelacio-de-lhospital-val-daran\/","title":{"rendered":"El govern d\u2019Aran aconsegueix el comprom\u00eds de la Generalitat per l&#8217;ampliaci\u00f3 i remodelaci\u00f3 de l&#8217;Hospital Val d\u2019Aran"},"content":{"rendered":"<p><a href=\"https:\/\/www.conselharan.org\/ca\/el-govern-daran-aconsegueix-el-compromis-de-la-generalitat-per-lampliacio-i-remodelacio-de-lhospital-val-daran\/p1044229-2\/\" rel=\"attachment wp-att-52444\"><img loading=\"lazy\" decoding=\"async\" class=\"aligncenter size-large wp-image-52444\" src=\"https:\/\/www.conselharan.org\/wp-content\/uploads\/2023\/03\/P1044229-1024x768.jpg\" alt=\"\" width=\"1024\" height=\"768\" srcset=\"https:\/\/www.conselharan.org\/wp-content\/uploads\/2023\/03\/P1044229-1024x768.jpg 1024w, https:\/\/www.conselharan.org\/wp-content\/uploads\/2023\/03\/P1044229-300x225.jpg 300w, https:\/\/www.conselharan.org\/wp-content\/uploads\/2023\/03\/P1044229-768x576.jpg 768w, https:\/\/www.conselharan.org\/wp-content\/uploads\/2023\/03\/P1044229-1536x1152.jpg 1536w, https:\/\/www.conselharan.org\/wp-content\/uploads\/2023\/03\/P1044229-2048x1536.jpg 2048w\" sizes=\"(max-width: 1024px) 100vw, 1024px\" \/><\/a><\/p>\n<p>&nbsp;<\/p>\n<p><strong>\u2022 La s\u00edndica d\u2019Aran, Maria Verg\u00e9s, ha rebut avui al conseller de Salut de la Generalitat, Manel Balcells, amb qui han signat l&#8217;acord pel qual la Generalitat es compromet a finan\u00e7ar \u00edntegrament l&#8217;ampliaci\u00f3 i remodelaci\u00f3 de l&#8217;Hospital Val d\u2019Aran<\/strong><\/p>\n<p><strong>\u2022 L&#8217;Hospital Val d\u2019Aran ha complert ja 38 anys i aquest acord suposa una fita hist\u00f2rica per a la Val d\u2019Aran que permetr\u00e0 dur una millora molt important, per primer vegada en d\u00e8cades, renovant i ampliant \u00e0rees aix\u00ed com millorar\u00e0 el confort tant dels usuaris com els professionals<\/strong><\/p>\n<p>&nbsp;<\/p>\n<p><a href=\"https:\/\/www.conselharan.org\/ca\/el-govern-daran-aconsegueix-el-compromis-de-la-generalitat-per-lampliacio-i-remodelacio-de-lhospital-val-daran\/p1044245-2\/\" rel=\"attachment wp-att-52447\"><img loading=\"lazy\" decoding=\"async\" class=\"aligncenter size-large wp-image-52447\" src=\"https:\/\/www.conselharan.org\/wp-content\/uploads\/2023\/03\/P1044245-1024x768.jpg\" alt=\"\" width=\"1024\" height=\"768\" srcset=\"https:\/\/www.conselharan.org\/wp-content\/uploads\/2023\/03\/P1044245-1024x768.jpg 1024w, https:\/\/www.conselharan.org\/wp-content\/uploads\/2023\/03\/P1044245-300x225.jpg 300w, https:\/\/www.conselharan.org\/wp-content\/uploads\/2023\/03\/P1044245-768x576.jpg 768w, https:\/\/www.conselharan.org\/wp-content\/uploads\/2023\/03\/P1044245-1536x1152.jpg 1536w, https:\/\/www.conselharan.org\/wp-content\/uploads\/2023\/03\/P1044245-2048x1536.jpg 2048w\" sizes=\"(max-width: 1024px) 100vw, 1024px\" \/><\/a><\/p>\n<p>&nbsp;<\/p>\n<p>La s\u00edndica d\u2019Aran, Maria Verg\u00e9s, ha rebut aquest mat\u00ed en la seu del Conselh Generau d\u2019Aran al conseller de Salut de la Generalitat, Manel Balcells, amb qui han signat l&#8217;acord entre el Departament de Salut i el govern d\u2019Aran pel qual la Generalitat es compromet al finan\u00e7ament de les obres d\u2019ampliaci\u00f3 i remodelaci\u00f3 de l&#8217;Hospital Val d\u2019Aran.<\/p>\n<p>L&#8217;acord preveu l&#8217;execuci\u00f3 de les obres entre 2023 i 2028, sent dividides, en primera inst\u00e0ncia, en tres fases: una fase inicial d\u2019adequaci\u00f3 de la pla\u00e7a entre l&#8217;Hospital i la resid\u00e8ncia Sant Antoni, que comen\u00e7aria aquest mateix any, una primera fase de construcci\u00f3 d\u2019un nou edifici al costat de la resid\u00e8ncia on se situarien les consultes d\u2019atenci\u00f3 prim\u00e0ria i especialitzada i una \u00faltima fase per remodelar els espais d\u2019urg\u00e8ncies i diagn\u00f2stic per la imatge.<\/p>\n<p><a href=\"https:\/\/www.conselharan.org\/ca\/el-govern-daran-aconsegueix-el-compromis-de-la-generalitat-per-lampliacio-i-remodelacio-de-lhospital-val-daran\/remodelacion-v1-2\/\" rel=\"attachment wp-att-52459\"><img loading=\"lazy\" decoding=\"async\" class=\"aligncenter size-large wp-image-52459\" src=\"https:\/\/www.conselharan.org\/wp-content\/uploads\/2023\/03\/REMODELACION-V1-422x1024.jpg\" alt=\"\" width=\"422\" height=\"1024\" srcset=\"https:\/\/www.conselharan.org\/wp-content\/uploads\/2023\/03\/REMODELACION-V1-422x1024.jpg 422w, https:\/\/www.conselharan.org\/wp-content\/uploads\/2023\/03\/REMODELACION-V1-124x300.jpg 124w, https:\/\/www.conselharan.org\/wp-content\/uploads\/2023\/03\/REMODELACION-V1-768x1862.jpg 768w, https:\/\/www.conselharan.org\/wp-content\/uploads\/2023\/03\/REMODELACION-V1-845x2048.jpg 845w, https:\/\/www.conselharan.org\/wp-content\/uploads\/2023\/03\/REMODELACION-V1-scaled.jpg 1056w\" sizes=\"(max-width: 422px) 100vw, 422px\" \/><\/a><\/p>\n<p><a href=\"https:\/\/www.conselharan.org\/ca\/el-govern-daran-aconsegueix-el-compromis-de-la-generalitat-per-lampliacio-i-remodelacio-de-lhospital-val-daran\/remodelacion-v2_page-0002-2\/\" rel=\"attachment wp-att-52462\"><img loading=\"lazy\" decoding=\"async\" class=\"aligncenter size-large wp-image-52462\" src=\"https:\/\/www.conselharan.org\/wp-content\/uploads\/2023\/03\/REMODELACION-V2_page-0002-426x1024.jpg\" alt=\"\" width=\"426\" height=\"1024\" srcset=\"https:\/\/www.conselharan.org\/wp-content\/uploads\/2023\/03\/REMODELACION-V2_page-0002-426x1024.jpg 426w, https:\/\/www.conselharan.org\/wp-content\/uploads\/2023\/03\/REMODELACION-V2_page-0002-125x300.jpg 125w, https:\/\/www.conselharan.org\/wp-content\/uploads\/2023\/03\/REMODELACION-V2_page-0002-768x1848.jpg 768w, https:\/\/www.conselharan.org\/wp-content\/uploads\/2023\/03\/REMODELACION-V2_page-0002-851x2048.jpg 851w, https:\/\/www.conselharan.org\/wp-content\/uploads\/2023\/03\/REMODELACION-V2_page-0002-scaled.jpg 1064w\" sizes=\"(max-width: 426px) 100vw, 426px\" \/><\/a><\/p>\n<p>&nbsp;<\/p>\n<p>\u201cL&#8217;Hospital Val d\u2019Aran, tot i haver envellit molt b\u00e9, far\u00e0 aviat quaranta anys i la seva remodelaci\u00f3 \u00e9s essencial per atendre les necessitats que t\u00e9 la Val d\u2019Aran\u201d afirmava la s\u00edndica d\u2019Aran i afegia que \u201cjuntament amb les obres que s\u2019han de realitzar per acollir l&#8217;\u00e0rea d\u2019atenci\u00f3 social i benestar al costat mateix de l&#8217;Hospital ens permetran centralitzar tots els serveis d\u2019atenci\u00f3 a les persones en un mateix indret\u201d.<\/p>\n<p>\u00c9s necessari recordar que el model sanitari i social integrat d\u2019Aran Salut dona una atenci\u00f3 centrada en les persones i que reuneix actuacions d\u2019atenci\u00f3 prim\u00e0ria, hospital\u00e0ria, especialitzada, socionarit\u00e0ria i de la salut mental i inclou tamb\u00e9 una prestaci\u00f3 de serveis socials. Un model propi i transversal que s\u2019ha demostrat efica\u00e7 a l&#8217;hora d\u2019atendre les necessitats de la nostra ciutadania i que el govern d\u2019Aran treballa per consolidar, desenvolupant projectes pioners d\u2019integraci\u00f3 social i sanit\u00e0ria, que puguin ser adaptables i extrapolables a d\u2019altres territoris. En aquest sentit, cal recordar que l\u2019Aran ha aconseguit finan\u00e7ament europeu per consolidar el seu model d\u2019Atenci\u00f3 Centrada en la Persona.<\/p>\n<p>&nbsp;<\/p>\n<p><a href=\"https:\/\/www.conselharan.org\/ca\/el-govern-daran-aconsegueix-el-compromis-de-la-generalitat-per-lampliacio-i-remodelacio-de-lhospital-val-daran\/p1044249-2\/\" rel=\"attachment wp-att-52453\"><img loading=\"lazy\" decoding=\"async\" class=\"aligncenter size-large wp-image-52453\" src=\"https:\/\/www.conselharan.org\/wp-content\/uploads\/2023\/03\/P1044249-1024x768.jpg\" alt=\"\" width=\"1024\" height=\"768\" srcset=\"https:\/\/www.conselharan.org\/wp-content\/uploads\/2023\/03\/P1044249-1024x768.jpg 1024w, https:\/\/www.conselharan.org\/wp-content\/uploads\/2023\/03\/P1044249-300x225.jpg 300w, https:\/\/www.conselharan.org\/wp-content\/uploads\/2023\/03\/P1044249-768x576.jpg 768w, https:\/\/www.conselharan.org\/wp-content\/uploads\/2023\/03\/P1044249-1536x1152.jpg 1536w, https:\/\/www.conselharan.org\/wp-content\/uploads\/2023\/03\/P1044249-2048x1536.jpg 2048w\" sizes=\"(max-width: 1024px) 100vw, 1024px\" \/><\/a><\/p>\n<p>&nbsp;<\/p>\n<p>\u201cDes del govern d\u2019Aran en\u00e7\u00e0, ha m\u00e9s de venir de travessar la pitjor crisi sanit\u00e0ria de la nostra hist\u00f2ria recent, hem aconseguit aven\u00e7os hist\u00f2rics per la millora de la qualitat de vida de la ciutadania d\u2019Aran com aquest acord per l&#8217;Hospital o la renovaci\u00f3 de convenis amb el Departament de Salut en mat\u00e8ria de sanitat, la col\u00b7laboraci\u00f3 amb el Parc Salut Hospital del Mar o la cooperaci\u00f3 amb els centres hospitalaris francesos, tamb\u00e9 amb l&#8217;actualitzaci\u00f3 i renovaci\u00f3 d\u2019equipaments sanitaris que es trobaven en l&#8217;estat d\u2019obsolesc\u00e8ncia tecnol\u00f2gica, els esfor\u00e7os per ampliar la plantilla de professionals socials i sanitaris, o la creaci\u00f3 del nou bloc obst\u00e8tric i les obres que de pressa comen\u00e7arem per la creaci\u00f3 del nou bloc quir\u00fargic, que permetran comptar amb tres quir\u00f2fans d&#8217;\u00faltima generaci\u00f3\u201d.<\/p>\n<p>En aquest sentit, Verg\u00e9s ha volgut \u201cremarcar que, a m\u00e9s de les discrep\u00e0ncies aquest \u00e9s un govern dialogant i responsable que sap, i vol, arribar a acords com el que avui hem formalitzat amb la Generalitat de Catalunya ja que la nostra prioritat \u00e9s que les persones que visquin i treballen a l\u2019Aran tinguin assegurat uns serveis p\u00fablics de qualitat\u201d. Aix\u00ed doncs la s\u00edndica d\u2019Aran ha agra\u00eft \u201cal conseller Balcells la predisposici\u00f3 del seu departament, ja que aquest acord per l&#8217;ampliaci\u00f3 i remodelaci\u00f3 del nostre Hospital ha estat fruit d\u2019una negociaci\u00f3 entre ambd\u00f3s governs on ha primat el respecte i lleialtat institucional\u201d i alhora tamb\u00e9 ha donat les gr\u00e0cies \u201ca l&#8217;ajuntament de Vielha i Mijaran i a tots els estaments i professionals p\u00fablics la seva col\u00b7laboraci\u00f3 per arribar a aquest acord, que \u00e9s un acord de pa\u00eds\u201d.<\/p>\n<p>&nbsp;<\/p>\n<p>&nbsp;<\/p>\n<p>&nbsp;<\/p>\n<p><em>Vielha, 17 de mar\u00e7 de 2023<\/em><\/p>\n ","protected":false},"excerpt":{"rendered":"<p>&nbsp; \u2022 La s\u00edndica d\u2019Aran, Maria Verg\u00e9s, ha rebut avui al conseller de Salut de la Generalitat, Manel Balcells, amb qui han signat l&#8217;acord pel qual la Generalitat es compromet a finan\u00e7ar \u00edntegrament l&#8217;ampliaci\u00f3 i remodelaci\u00f3 de l&#8217;Hospital Val d\u2019Aran \u2022 L&#8217;Hospital Val d\u2019Aran ha complert ja 38 anys i aquest acord suposa una fita&#8230;<\/p>\n","protected":false},"author":2,"featured_media":52444,"comment_status":"closed","ping_status":"closed","sticky":false,"template":"","format":"standard","meta":{"footnotes":""},"categories":[31,53,805,797,36],"tags":[],"_links":{"self":[{"href":"https:\/\/www.conselharan.org\/ca\/wp-json\/wp\/v2\/posts\/52456"}],"collection":[{"href":"https:\/\/www.conselharan.org\/ca\/wp-json\/wp\/v2\/posts"}],"about":[{"href":"https:\/\/www.conselharan.org\/ca\/wp-json\/wp\/v2\/types\/post"}],"author":[{"embeddable":true,"href":"https:\/\/www.conselharan.org\/ca\/wp-json\/wp\/v2\/users\/2"}],"replies":[{"embeddable":true,"href":"https:\/\/www.conselharan.org\/ca\/wp-json\/wp\/v2\/comments?post=52456"}],"version-history":[{"count":3,"href":"https:\/\/www.conselharan.org\/ca\/wp-json\/wp\/v2\/posts\/52456\/revisions"}],"predecessor-version":[{"id":52468,"href":"https:\/\/www.conselharan.org\/ca\/wp-json\/wp\/v2\/posts\/52456\/revisions\/52468"}],"wp:featuredmedia":[{"embeddable":true,"href":"https:\/\/www.conselharan.org\/ca\/wp-json\/wp\/v2\/media\/52444"}],"wp:attachment":[{"href":"https:\/\/www.conselharan.org\/ca\/wp-json\/wp\/v2\/media?parent=52456"}],"wp:term":[{"taxonomy":"category","embeddable":true,"href":"https:\/\/www.conselharan.org\/ca\/wp-json\/wp\/v2\/categories?post=52456"},{"taxonomy":"post_tag","embeddable":true,"href":"https:\/\/www.conselharan.org\/ca\/wp-json\/wp\/v2\/tags?post=52456"}],"curies":[{"name":"wp","href":"https:\/\/api.w.org\/{rel}","templated":true}]}}