{"id":52515,"date":"2023-03-21T14:02:30","date_gmt":"2023-03-21T13:02:30","guid":{"rendered":"https:\/\/www.conselharan.org\/exit-dera-prumera-jornada-dinnovacion-e-economia-dera-val-daran\/"},"modified":"2023-05-17T10:11:46","modified_gmt":"2023-05-17T08:11:46","slug":"exit-dera-prumera-jornada-dinnovacion-e-economia-dera-val-daran","status":"publish","type":"post","link":"https:\/\/www.conselharan.org\/ca\/exit-dera-prumera-jornada-dinnovacion-e-economia-dera-val-daran\/","title":{"rendered":"\u00c8xit de la primera Jornada d&#8217;Innovaci\u00f3 i Economia de la Val d&#8217;Aran"},"content":{"rendered":"\n\t\t<style type=\"text\/css\">\n\t\t\t#gallery-1 {\n\t\t\t\tmargin: auto;\n\t\t\t}\n\t\t\t#gallery-1 .gallery-item {\n\t\t\t\tfloat: left;\n\t\t\t\tmargin-top: 10px;\n\t\t\t\ttext-align: center;\n\t\t\t\twidth: 33%;\n\t\t\t}\n\t\t\t#gallery-1 img {\n\t\t\t\tborder: 2px solid #cfcfcf;\n\t\t\t}\n\t\t\t#gallery-1 .gallery-caption {\n\t\t\t\tmargin-left: 0;\n\t\t\t}\n\t\t\t\/* see gallery_shortcode() in wp-includes\/media.php *\/\n\t\t<\/style>\n\t\t<div id='gallery-1' class='gallery galleryid-52515 gallery-columns-3 gallery-size-large'><dl class='gallery-item'>\n\t\t\t<dt class='gallery-icon landscape'>\n\t\t\t\t<a href='https:\/\/www.conselharan.org\/ca\/exit-dera-prumera-jornada-dinnovacion-e-economia-dera-val-daran\/img_2008-2\/'><img loading=\"lazy\" decoding=\"async\" width=\"1024\" height=\"768\" src=\"https:\/\/www.conselharan.org\/wp-content\/uploads\/2023\/03\/IMG_2008-1024x768.jpg\" class=\"attachment-large size-large\" alt=\"\" srcset=\"https:\/\/www.conselharan.org\/wp-content\/uploads\/2023\/03\/IMG_2008-1024x768.jpg 1024w, https:\/\/www.conselharan.org\/wp-content\/uploads\/2023\/03\/IMG_2008-300x225.jpg 300w, https:\/\/www.conselharan.org\/wp-content\/uploads\/2023\/03\/IMG_2008-768x576.jpg 768w, https:\/\/www.conselharan.org\/wp-content\/uploads\/2023\/03\/IMG_2008-1536x1152.jpg 1536w, https:\/\/www.conselharan.org\/wp-content\/uploads\/2023\/03\/IMG_2008-2048x1536.jpg 2048w\" sizes=\"(max-width: 1024px) 100vw, 1024px\" \/><\/a>\n\t\t\t<\/dt><\/dl><dl class='gallery-item'>\n\t\t\t<dt class='gallery-icon landscape'>\n\t\t\t\t<a href='https:\/\/www.conselharan.org\/ca\/exit-dera-prumera-jornada-dinnovacion-e-economia-dera-val-daran\/img_2012-2\/'><img loading=\"lazy\" decoding=\"async\" width=\"1024\" height=\"687\" src=\"https:\/\/www.conselharan.org\/wp-content\/uploads\/2023\/03\/IMG_2012-1024x687.jpg\" class=\"attachment-large size-large\" alt=\"\" srcset=\"https:\/\/www.conselharan.org\/wp-content\/uploads\/2023\/03\/IMG_2012-1024x687.jpg 1024w, https:\/\/www.conselharan.org\/wp-content\/uploads\/2023\/03\/IMG_2012-300x201.jpg 300w, https:\/\/www.conselharan.org\/wp-content\/uploads\/2023\/03\/IMG_2012-768x516.jpg 768w, https:\/\/www.conselharan.org\/wp-content\/uploads\/2023\/03\/IMG_2012-1536x1031.jpg 1536w, https:\/\/www.conselharan.org\/wp-content\/uploads\/2023\/03\/IMG_2012-2048x1375.jpg 2048w\" sizes=\"(max-width: 1024px) 100vw, 1024px\" \/><\/a>\n\t\t\t<\/dt><\/dl><dl class='gallery-item'>\n\t\t\t<dt class='gallery-icon landscape'>\n\t\t\t\t<a href='https:\/\/www.conselharan.org\/ca\/exit-dera-prumera-jornada-dinnovacion-e-economia-dera-val-daran\/img_2039-2\/'><img loading=\"lazy\" decoding=\"async\" width=\"1024\" height=\"768\" src=\"https:\/\/www.conselharan.org\/wp-content\/uploads\/2023\/03\/IMG_2039-1024x768.jpg\" class=\"attachment-large size-large\" alt=\"\" srcset=\"https:\/\/www.conselharan.org\/wp-content\/uploads\/2023\/03\/IMG_2039-1024x768.jpg 1024w, https:\/\/www.conselharan.org\/wp-content\/uploads\/2023\/03\/IMG_2039-300x225.jpg 300w, https:\/\/www.conselharan.org\/wp-content\/uploads\/2023\/03\/IMG_2039-768x576.jpg 768w, https:\/\/www.conselharan.org\/wp-content\/uploads\/2023\/03\/IMG_2039-1536x1152.jpg 1536w, https:\/\/www.conselharan.org\/wp-content\/uploads\/2023\/03\/IMG_2039-2048x1536.jpg 2048w\" sizes=\"(max-width: 1024px) 100vw, 1024px\" \/><\/a>\n\t\t\t<\/dt><\/dl><br style=\"clear: both\" \/>\n\t\t<\/div>\n\n<ul>\n<li>\n<h3><strong>A trav\u00e9s d&#8217;aquest acte, impulsat pel Conselh Generau d\u2019Aran, H\u00e8Pic, el Ministeri per a la Transici\u00f3 Ecol\u00f2gica i el Repte Demogr\u00e0fic i l&#8217;Associaci\u00f3 d&#8217;Innovaci\u00f3 en Territoris de Muntanya, es va aconseguir crear una xarxa per a connectar als m\u00e9s de 80 participants, un espai on intercanviar coneixements i experi\u00e8ncies i teixir sinergies entre aquests agents del sector econ\u00f2mic i de la innovaci\u00f3, que van arribar de diferents parts de l&#8217;Estat<\/strong><\/h3>\n<\/li>\n<\/ul>\n<p>Al voltant de 80 persones de diferents llocs de tot el pa\u00eds van formar part ahir de la primera Jornada d&#8217;Innovaci\u00f3 i Economia de la Val d&#8217;Aran, un acte impulsat pel Conselh Generau d\u2019Aran, H\u00e8Pic, el Ministeri per a la Transici\u00f3 Ecol\u00f2gica i el Repte Demogr\u00e0fic i l&#8217;Associaci\u00f3 d&#8217;Innovaci\u00f3 en Territoris de Muntanya.<\/p>\n<p>A aquesta jornada van donar la benvinguda a els assistents, la s\u00edndica d&#8217;Aran, Maria Verg\u00e9s, el secretari general per al Repte Demogr\u00e0fic, Paco Boya, l&#8217;alcalde de Vielha e Mijaran, Juan Antonio Serrano, i el diputat de la Diputaci\u00f3 de Lleida, Paco Cerd\u00e0. Durant la seva intervenci\u00f3, la s\u00edndica d&#8217;Aran va destacar \u201cla gran import\u00e0ncia que tenen aquestes jornades per a donar a con\u00e8ixer Aran com un territori de muntanya de refer\u00e8ncia, que aposta per la innovaci\u00f3 en diferents \u00e0mbits clau i per la retenci\u00f3 i atracci\u00f3 del talent jove\u201d.<\/p>\n<p>Carlos Barrab\u00e9s, expert en noves tecnologies i fundador d&#8217;una consultora d&#8217;assessorament a <em>pimes<\/em> interessades en la innovaci\u00f3 i \u00fas eficient de la tecnologia, va oferir la xerrada \u201cLa innovaci\u00f3 com a palanca de transformaci\u00f3 en territoris de muntanya\u201d. Tot seguit, el secretari general Paco Boya, va presentar el model de Centres d&#8217;Innovaci\u00f3 Territorial (CIT), com \u00e9s el cas de H\u00e8Pic a la Val d&#8217;Aran, i va parlar de la import\u00e0ncia de crear una xarxa de persones, administracions i empreses: \u201cels pobles generem aprenentatge i oportunitats que hem de compartir amb altres territoris\u201d, va afirmar.<\/p>\n<p>Tamb\u00e9 es va dur a terme una exposici\u00f3 i mostra de projectes innovadors en territoris de muntanya com el nostre, que treballen en diferents sectors de l&#8217;economia i que van servir com a exemples de les possibilitats d&#8217;innovar que tenim en els territoris rurals.<\/p>\n<p>Per a finalitzar, es van dur a terme grups de treball plantejant diferents reptes relacionats amb \u00e0mbits com la cultura, el medi ambient, o l&#8217;atenci\u00f3 social, entre altres, on, de manera conjunta, els assistents van plantejar solucions als problemes detectats.<\/p>\n<p>Al llarg de la jornada es va crear un bon ambient de treball i d&#8217;intercanvi de coneixements i experi\u00e8ncies entre els diferents agents del sector econ\u00f2mic i de la innovaci\u00f3.<\/p>\n<h3><\/h3>\n ","protected":false},"excerpt":{"rendered":"<p>A trav\u00e9s d&#8217;aquest acte, impulsat pel Conselh Generau d\u2019Aran, H\u00e8Pic, el Ministeri per a la Transici\u00f3 Ecol\u00f2gica i el Repte Demogr\u00e0fic i l&#8217;Associaci\u00f3 d&#8217;Innovaci\u00f3 en Territoris de Muntanya, es va aconseguir crear una xarxa per a connectar als m\u00e9s de 80 participants, un espai on intercanviar coneixements i experi\u00e8ncies i teixir sinergies entre aquests agents&#8230;<\/p>\n","protected":false},"author":10,"featured_media":52508,"comment_status":"closed","ping_status":"closed","sticky":false,"template":"","format":"standard","meta":{"footnotes":""},"categories":[803,33],"tags":[],"_links":{"self":[{"href":"https:\/\/www.conselharan.org\/ca\/wp-json\/wp\/v2\/posts\/52515"}],"collection":[{"href":"https:\/\/www.conselharan.org\/ca\/wp-json\/wp\/v2\/posts"}],"about":[{"href":"https:\/\/www.conselharan.org\/ca\/wp-json\/wp\/v2\/types\/post"}],"author":[{"embeddable":true,"href":"https:\/\/www.conselharan.org\/ca\/wp-json\/wp\/v2\/users\/10"}],"replies":[{"embeddable":true,"href":"https:\/\/www.conselharan.org\/ca\/wp-json\/wp\/v2\/comments?post=52515"}],"version-history":[{"count":1,"href":"https:\/\/www.conselharan.org\/ca\/wp-json\/wp\/v2\/posts\/52515\/revisions"}],"predecessor-version":[{"id":52516,"href":"https:\/\/www.conselharan.org\/ca\/wp-json\/wp\/v2\/posts\/52515\/revisions\/52516"}],"wp:featuredmedia":[{"embeddable":true,"href":"https:\/\/www.conselharan.org\/ca\/wp-json\/wp\/v2\/media\/52508"}],"wp:attachment":[{"href":"https:\/\/www.conselharan.org\/ca\/wp-json\/wp\/v2\/media?parent=52515"}],"wp:term":[{"taxonomy":"category","embeddable":true,"href":"https:\/\/www.conselharan.org\/ca\/wp-json\/wp\/v2\/categories?post=52515"},{"taxonomy":"post_tag","embeddable":true,"href":"https:\/\/www.conselharan.org\/ca\/wp-json\/wp\/v2\/tags?post=52515"}],"curies":[{"name":"wp","href":"https:\/\/api.w.org\/{rel}","templated":true}]}}