{"id":52527,"date":"2023-03-22T14:04:00","date_gmt":"2023-03-22T13:04:00","guid":{"rendered":"https:\/\/www.conselharan.org\/eth-conselh-generau-daran-trabalhe-en-nau-model-de-financament-damb-era-generalitat-de-catalunya\/"},"modified":"2023-05-17T10:11:39","modified_gmt":"2023-05-17T08:11:39","slug":"eth-conselh-generau-daran-trabalhe-en-nau-model-de-financament-damb-era-generalitat-de-catalunya","status":"publish","type":"post","link":"https:\/\/www.conselharan.org\/ca\/eth-conselh-generau-daran-trabalhe-en-nau-model-de-financament-damb-era-generalitat-de-catalunya\/","title":{"rendered":"El Conselh Generau d\u2019Aran treballa en un nou model de finan\u00e7ament amb la Generalitat de Catalunya"},"content":{"rendered":"<p><a href=\"https:\/\/www.conselharan.org\/wp-content\/uploads\/2023\/03\/Pon\u00e9ncia-de-traspassi.jpeg\"><img loading=\"lazy\" decoding=\"async\" class=\"aligncenter wp-image-52519 size-large\" src=\"https:\/\/www.conselharan.org\/wp-content\/uploads\/2023\/03\/Pon\u00e9ncia-de-traspassi-1024x768.jpeg\" alt=\"\" width=\"1024\" height=\"768\" srcset=\"https:\/\/www.conselharan.org\/wp-content\/uploads\/2023\/03\/Pon\u00e9ncia-de-traspassi-1024x768.jpeg 1024w, https:\/\/www.conselharan.org\/wp-content\/uploads\/2023\/03\/Pon\u00e9ncia-de-traspassi-300x225.jpeg 300w, https:\/\/www.conselharan.org\/wp-content\/uploads\/2023\/03\/Pon\u00e9ncia-de-traspassi-768x576.jpeg 768w, https:\/\/www.conselharan.org\/wp-content\/uploads\/2023\/03\/Pon\u00e9ncia-de-traspassi-1536x1152.jpeg 1536w, https:\/\/www.conselharan.org\/wp-content\/uploads\/2023\/03\/Pon\u00e9ncia-de-traspassi.jpeg 1600w\" sizes=\"(max-width: 1024px) 100vw, 1024px\" \/><\/a><\/p>\n<ul>\n<li>\n<h3><strong>Aquest mat\u00ed ha tingut lloc la reuni\u00f3 de la Pon\u00e8ncia Mixta de Traspassos entre el Conselh i la Generalitat per a iniciar els treballs del nou model de finan\u00e7ament que hauria d&#8217;entrar en vigor en 2024 despr\u00e9s que acabi la vig\u00e8ncia de l&#8217;actual.<\/strong><\/h3>\n<\/li>\n<li>\n<h3><strong>La s\u00edndica d&#8217;Aran s&#8217;ha reunit aquest mat\u00ed a Barcelona amb el secretari de Governs locals i Relacions amb Aran de la Generalitat per a fer el seguiment dels diferents traspassos que encara no han estat assumits de manera efectiva i revisar aquelles compet\u00e8ncies traspassades que necessiten una millora.<\/strong><\/h3>\n<\/li>\n<li>\n<h3><strong>En aquesta reuni\u00f3, la s\u00edndica d&#8217;Aran ha insistit en la necessitat que el nou acord de finan\u00e7ament asseguri la capacitat d&#8217;autogovern i d&#8217;autonomia de la m\u00e0xima instituci\u00f3 aranesa i que la doti dels recursos necessaris per a poder aconseguir el desenvolupament efectiu d&#8217;aquest autogovern.<\/strong><\/h3>\n<\/li>\n<\/ul>\n<p>Aquest mat\u00ed ha tingut lloc a Barcelona, la reuni\u00f3 de la Pon\u00e8ncia permanent en mat\u00e8ria de traspassos i convenis entre el Conselh Generau d\u2019Aran i la Generalitat de Catalunya, presidida per la s\u00edndica d&#8217;Aran, Maria Verg\u00e9s, i el secretari de Governs locals i Relacions amb Aran, David Rodr\u00edguez.<\/p>\n<p>Durant aquesta reuni\u00f3, la s\u00edndica d&#8217;Aran ha destacat \u201cla necessitat de comen\u00e7ar a treballar en el nou acord de finan\u00e7ament del Conselh Generau d\u2019Aran, perqu\u00e8 l&#8217;actual finalitza enguany\u201d. Sobre el conveni actual, Verg\u00e9s assenyalava que: \u201cmalgrat les discrep\u00e0ncies que hagin pogut sorgir, aquest acord ha suposat un avan\u00e7 molt important per al Conselh Generau\u201d i assenyalava que: \u201c\u00e9s indispensable que el nou acord asseguri la capacitat d&#8217;autogovern de la m\u00e0xima instituci\u00f3 aranesa\u201d. Una necessitat que ja va traslladar a la consellera d&#8217;Economia i Hisenda de la Generalitat, Nat\u00e0lia Mas, durant la seva visita a la Val d&#8217;Aran a principis de mes.<\/p>\n<p>En aquest sentit, la s\u00edndica d&#8217;Aran mant\u00e9 que: \u201c\u00e9s essencial que la m\u00e0xima instituci\u00f3 aranesa compti amb un acord de finan\u00e7ament que consolidi la nostra capacitat d&#8217;autogovern per a poder aconseguir el desenvolupament efectiu d&#8217;aquesta autonomia\u201d i afegia que: \u201c\u00e9s necessari comptar amb els recursos per a poder aplicar unes pol\u00edtiques que posin a les persones en el centre, per a poder gestionar les seves necessitats des de la proximitat\u201d.<\/p>\n<p>La Pon\u00e8ncia permanent de traspassos, constitu\u00efda a la Comissi\u00f3 Bilateral del Conselh Generau d\u2019Aran i la Generalitat de Catalunya de 2021, t\u00e9 com a objectiu principal l&#8217;impuls i la preparaci\u00f3 de propostes de traspassos que s&#8217;hagin d&#8217;elevar al Ple de la Comissi\u00f3, aix\u00ed com l&#8217;estudi de propostes de convenis i altres eines de col\u00b7laboraci\u00f3 entre ambdues institucions que afectin la gesti\u00f3 dels serveis no traspassats.<\/p>\n<p>\u201cAquest \u00e9s un \u00f2rgan de vital import\u00e0ncia per al desenvolupament de la Llei de R\u00e8gim Especial d&#8217;Aran i de les compet\u00e8ncies que encara no han estat assumides de manera efectiva pel Conselh\u201d, afirma Verg\u00e9s.<\/p>\n ","protected":false},"excerpt":{"rendered":"<p>Aquest mat\u00ed ha tingut lloc la reuni\u00f3 de la Pon\u00e8ncia Mixta de Traspassos entre el Conselh i la Generalitat per a iniciar els treballs del nou model de finan\u00e7ament que hauria d&#8217;entrar en vigor en 2024 despr\u00e9s que acabi la vig\u00e8ncia de l&#8217;actual. La s\u00edndica d&#8217;Aran s&#8217;ha reunit aquest mat\u00ed a Barcelona amb el secretari&#8230;<\/p>\n","protected":false},"author":10,"featured_media":52520,"comment_status":"closed","ping_status":"closed","sticky":false,"template":"","format":"standard","meta":{"footnotes":""},"categories":[53],"tags":[],"_links":{"self":[{"href":"https:\/\/www.conselharan.org\/ca\/wp-json\/wp\/v2\/posts\/52527"}],"collection":[{"href":"https:\/\/www.conselharan.org\/ca\/wp-json\/wp\/v2\/posts"}],"about":[{"href":"https:\/\/www.conselharan.org\/ca\/wp-json\/wp\/v2\/types\/post"}],"author":[{"embeddable":true,"href":"https:\/\/www.conselharan.org\/ca\/wp-json\/wp\/v2\/users\/10"}],"replies":[{"embeddable":true,"href":"https:\/\/www.conselharan.org\/ca\/wp-json\/wp\/v2\/comments?post=52527"}],"version-history":[{"count":1,"href":"https:\/\/www.conselharan.org\/ca\/wp-json\/wp\/v2\/posts\/52527\/revisions"}],"predecessor-version":[{"id":52528,"href":"https:\/\/www.conselharan.org\/ca\/wp-json\/wp\/v2\/posts\/52527\/revisions\/52528"}],"wp:featuredmedia":[{"embeddable":true,"href":"https:\/\/www.conselharan.org\/ca\/wp-json\/wp\/v2\/media\/52520"}],"wp:attachment":[{"href":"https:\/\/www.conselharan.org\/ca\/wp-json\/wp\/v2\/media?parent=52527"}],"wp:term":[{"taxonomy":"category","embeddable":true,"href":"https:\/\/www.conselharan.org\/ca\/wp-json\/wp\/v2\/categories?post=52527"},{"taxonomy":"post_tag","embeddable":true,"href":"https:\/\/www.conselharan.org\/ca\/wp-json\/wp\/v2\/tags?post=52527"}],"curies":[{"name":"wp","href":"https:\/\/api.w.org\/{rel}","templated":true}]}}