{"id":52549,"date":"2023-03-23T15:39:49","date_gmt":"2023-03-23T14:39:49","guid":{"rendered":"https:\/\/www.conselharan.org\/eth-plen-deth-conselh-aprove-era-creacion-dera-taula-permanenta-de-negociacion-damb-es-trabalhadors-de-pompiers-emergencies\/"},"modified":"2023-05-17T10:10:48","modified_gmt":"2023-05-17T08:10:48","slug":"eth-plen-deth-conselh-aprove-era-creacion-dera-taula-permanenta-de-negociacion-damb-es-trabalhadors-de-pompiers-emergencies","status":"publish","type":"post","link":"https:\/\/www.conselharan.org\/ca\/eth-plen-deth-conselh-aprove-era-creacion-dera-taula-permanenta-de-negociacion-damb-es-trabalhadors-de-pompiers-emergencies\/","title":{"rendered":"El Ple del Conselh aprova la creaci\u00f3 de la taula permanent de negociaci\u00f3 amb els treballadors de Pompi\u00e8rs Emerg\u00e9ncies"},"content":{"rendered":"<p><a href=\"https:\/\/www.conselharan.org\/wp-content\/uploads\/2023\/03\/IMG_1554-scaled.jpg\"><img loading=\"lazy\" decoding=\"async\" class=\"aligncenter wp-image-52541 size-large\" src=\"https:\/\/www.conselharan.org\/wp-content\/uploads\/2023\/03\/IMG_1554-1024x768.jpg\" alt=\"\" width=\"1024\" height=\"768\" srcset=\"https:\/\/www.conselharan.org\/wp-content\/uploads\/2023\/03\/IMG_1554-1024x768.jpg 1024w, https:\/\/www.conselharan.org\/wp-content\/uploads\/2023\/03\/IMG_1554-300x225.jpg 300w, https:\/\/www.conselharan.org\/wp-content\/uploads\/2023\/03\/IMG_1554-768x576.jpg 768w, https:\/\/www.conselharan.org\/wp-content\/uploads\/2023\/03\/IMG_1554-1536x1152.jpg 1536w, https:\/\/www.conselharan.org\/wp-content\/uploads\/2023\/03\/IMG_1554-2048x1536.jpg 2048w\" sizes=\"(max-width: 1024px) 100vw, 1024px\" \/><\/a><\/p>\n<ul>\n<li>\n<h3><strong>Havent-se implementat de manera ja formal el passat 1 de gener el trasp\u00e0s definitiu de la gesti\u00f3 de les emerg\u00e8ncies a l\u2019Aran, s&#8217;ha donat compliment a l&#8217;acord pres al mar\u00e7 de 2021 de creaci\u00f3 d&#8217;una taula permanent de negociaci\u00f3 entre el Conselh Generau d\u2019Aran i el col\u00b7lectiu de Pompi\u00e8rs per al seguiment compartit de l&#8217;evoluci\u00f3 de Pompi\u00e8rs Emerg\u00e9ncies, que permeti valorar el resultat dels exercicis comptables i reduir progressivament el nombre d&#8217;hores, amb el vot favorable del grup de Unitat d&#8217;Aran i el vot en contra de Converg\u00e9ncia Aranesa<\/strong><\/h3>\n<\/li>\n<\/ul>\n<p>Aquest mat\u00ed el Ple de la m\u00e0xima instituci\u00f3 aranesa ha aprovat, amb els vots a favor d&#8217;UA i en contra de CA, la creaci\u00f3 de la taula permanent d&#8217;interlocuci\u00f3 entre el Conselh Generau d\u2019Aran i els representants del col\u00b7lectiu de Pompi\u00e8rs Emerg\u00e9ncies. Aquesta taula t\u00e9 una vocaci\u00f3 de perman\u00e8ncia i est\u00e0 formada per membres del govern, t\u00e8cnics del Conselh Generau d\u2019Aran i representants dels treballadors, aix\u00ed com responsables de les diferents \u00e0rees de Pompi\u00e8rs Emerg\u00e9ncies.<\/p>\n<p>Una de les q\u00fcestions que es tractaran en aquesta taula, a m\u00e9s de totes aquelles relacionades amb la valoraci\u00f3 dels resultats comptables i q\u00fcestions laborals derivades del conveni laboral, \u00e9s el comprom\u00eds del govern d&#8217;Aran iniciar una din\u00e0mica progressiva de disminuci\u00f3 de la jornada anual fins a arribar a les 1640 hores, q\u00fcesti\u00f3 que ja va comen\u00e7ar a aplicar-se durant l&#8217;any passat.<\/p>\n<p>Aix\u00ed mateix, un dels objectius de la taula \u00e9s tamb\u00e9 el de treballar un el Pla Director de Pompi\u00e8rs Emerg\u00e9ncies, que realitza el diagn\u00f2stic de la situaci\u00f3 actual i de projectes de futur amb la participaci\u00f3 dels treballadors.<\/p>\n<p>La s\u00edndica d&#8217;Aran ha manifestat que \u201camb la creaci\u00f3 formal d&#8217;aquesta taula, creem un marc estable de di\u00e0leg i negociaci\u00f3 que t\u00e9 com a principal objectiu consolidar el nostre sistema d&#8217;atenci\u00f3 a les emerg\u00e8ncies com un sistema de refer\u00e8ncia i d&#8217;alta qualitat, tant referent al servei de la ciutadania com a la situaci\u00f3 laboral dels treballadors i dels Pompi\u00e8rs voluntaris\u201d.<\/p>\n ","protected":false},"excerpt":{"rendered":"<p>Havent-se implementat de manera ja formal el passat 1 de gener el trasp\u00e0s definitiu de la gesti\u00f3 de les emerg\u00e8ncies a l\u2019Aran, s&#8217;ha donat compliment a l&#8217;acord pres al mar\u00e7 de 2021 de creaci\u00f3 d&#8217;una taula permanent de negociaci\u00f3 entre el Conselh Generau d\u2019Aran i el col\u00b7lectiu de Pompi\u00e8rs per al seguiment compartit de l&#8217;evoluci\u00f3&#8230;<\/p>\n","protected":false},"author":10,"featured_media":52542,"comment_status":"closed","ping_status":"closed","sticky":false,"template":"","format":"standard","meta":{"footnotes":""},"categories":[53,146],"tags":[],"_links":{"self":[{"href":"https:\/\/www.conselharan.org\/ca\/wp-json\/wp\/v2\/posts\/52549"}],"collection":[{"href":"https:\/\/www.conselharan.org\/ca\/wp-json\/wp\/v2\/posts"}],"about":[{"href":"https:\/\/www.conselharan.org\/ca\/wp-json\/wp\/v2\/types\/post"}],"author":[{"embeddable":true,"href":"https:\/\/www.conselharan.org\/ca\/wp-json\/wp\/v2\/users\/10"}],"replies":[{"embeddable":true,"href":"https:\/\/www.conselharan.org\/ca\/wp-json\/wp\/v2\/comments?post=52549"}],"version-history":[{"count":1,"href":"https:\/\/www.conselharan.org\/ca\/wp-json\/wp\/v2\/posts\/52549\/revisions"}],"predecessor-version":[{"id":52550,"href":"https:\/\/www.conselharan.org\/ca\/wp-json\/wp\/v2\/posts\/52549\/revisions\/52550"}],"wp:featuredmedia":[{"embeddable":true,"href":"https:\/\/www.conselharan.org\/ca\/wp-json\/wp\/v2\/media\/52542"}],"wp:attachment":[{"href":"https:\/\/www.conselharan.org\/ca\/wp-json\/wp\/v2\/media?parent=52549"}],"wp:term":[{"taxonomy":"category","embeddable":true,"href":"https:\/\/www.conselharan.org\/ca\/wp-json\/wp\/v2\/categories?post=52549"},{"taxonomy":"post_tag","embeddable":true,"href":"https:\/\/www.conselharan.org\/ca\/wp-json\/wp\/v2\/tags?post=52549"}],"curies":[{"name":"wp","href":"https:\/\/api.w.org\/{rel}","templated":true}]}}