{"id":52578,"date":"2023-03-27T12:49:43","date_gmt":"2023-03-27T10:49:43","guid":{"rendered":"https:\/\/www.conselharan.org\/?p=52578"},"modified":"2023-03-27T12:49:43","modified_gmt":"2023-03-27T10:49:43","slug":"el-conselh-generau-daran-impulsa-un-proces-de-participacio-ciutadana-en-materia-de-residus","status":"publish","type":"post","link":"https:\/\/www.conselharan.org\/ca\/el-conselh-generau-daran-impulsa-un-proces-de-participacio-ciutadana-en-materia-de-residus\/","title":{"rendered":"El Conselh Generau d\u2019Aran impulsa un proc\u00e9s de participaci\u00f3 ciutadana en mat\u00e8ria de residus"},"content":{"rendered":"<p><a href=\"https:\/\/www.conselharan.org\/ca\/el-conselh-generau-daran-impulsa-un-proces-de-participacio-ciutadana-en-materia-de-residus\/proces-de-participacion-ciutadana-2\/\" rel=\"attachment wp-att-52574\"><img loading=\"lazy\" decoding=\"async\" class=\"aligncenter size-large wp-image-52574\" src=\"https:\/\/www.conselharan.org\/wp-content\/uploads\/2023\/03\/Proc\u00e9s-de-participacion-ciutadana-819x1024.png\" alt=\"\" width=\"819\" height=\"1024\" srcset=\"https:\/\/www.conselharan.org\/wp-content\/uploads\/2023\/03\/Proc\u00e9s-de-participacion-ciutadana-819x1024.png 819w, https:\/\/www.conselharan.org\/wp-content\/uploads\/2023\/03\/Proc\u00e9s-de-participacion-ciutadana-240x300.png 240w, https:\/\/www.conselharan.org\/wp-content\/uploads\/2023\/03\/Proc\u00e9s-de-participacion-ciutadana-768x960.png 768w, https:\/\/www.conselharan.org\/wp-content\/uploads\/2023\/03\/Proc\u00e9s-de-participacion-ciutadana.png 1080w\" sizes=\"(max-width: 819px) 100vw, 819px\" \/><\/a><\/p>\n<p>&nbsp;<\/p>\n<p>\u2022<strong> El govern d\u2019Aran ha iniciat els treballs per la nova licitaci\u00f3 del servei de recollida de residus, ja que l\u2019actual contracte finalitza al gener de 2024. Despr\u00e9s de la campanya d\u2019informaci\u00f3 i<\/strong> <strong>conscienciaci\u00f3 sobre la generaci\u00f3 de residus a l\u2019Aran duta a terme ara fa uns mesos, la m\u00e0xima instituci\u00f3 aranesa obre un proc\u00e9s de participaci\u00f3 ciutadana per definir el nou model.<\/strong><\/p>\n<p>&nbsp;<\/p>\n<p>Preveient la finalitzaci\u00f3 del contracte actual, el Conselh Generau d\u2019Aran treballa de fes un temps en\u00e7\u00e0 en un nou model de servei de recollida de residus que millori els d\u00e8ficits de l&#8217;actual i s\u2019adapti a les necessitats reals del territori.<\/p>\n<p>Dins d\u2019aquests treballs, el Conselh Generau d\u2019Aran va iniciar fa uns mesos una campanya d\u2019informaci\u00f3 i conscienciaci\u00f3 en les xarxes socials sobre les dades reals dels residus que generem a la Val d\u2019Aran i quin \u00e9s el seu recorregut. Ara, <strong>s&#8217;obre un proc\u00e9s de participaci\u00f3 perqu\u00e8 la ciutadania d\u2019Aran pugui donar la seva opini\u00f3 i fer les seves propostes sobre com volen que sigui el nou servei de recollida de residus.<\/strong><\/p>\n<p>\u201cVolem aconseguir un model de servei de recollida de residus funcionals, que millori la imatge del nostre territori i, sobretot, <strong>que ens ajudi per millorar les dades de generaci\u00f3 de residus, per avan\u00e7ar a un futur m\u00e9s verd i sostenible<\/strong>\u201d, afirma el conselh\u00e8r de Territori, Paisatge i Gesti\u00f3 Ambiental, Oriol Sala, afegint que: \u201cpel govern del Conselh Generau d\u2019Aran<strong> \u00e9s indispensable poder comptar amb l&#8217;opini\u00f3 de la nostra ciutadania<\/strong>, per aquest motiu vull animar a tots els nostres ve\u00efns i ve\u00efnes per participar en aquest proc\u00e9s i dir la seva\u201d.<\/p>\n<p>La recollida de residus \u00e9s una compet\u00e8ncia municipal que va ser delegada a la m\u00e0xima instituci\u00f3 aranesa per part dels Ajuntaments aranesos fa uns anys. Al gener de 2015 es va aprovar la externalitzaci\u00f3 per contracte de servei, un contracte que s\u2019allarga fins a gener de 2024.<\/p>\n<p>En aquest sentit, la s\u00edndica d\u2019Aran, Maria Verg\u00e9s apunta que: \u201c<strong>el model de servei actual \u00e9s dimensionat segons les dades de generaci\u00f3 de residus de fa quasi deu anys, unes dades actualment desfasades<\/strong>, la <strong>tipologia de residus d\u2019aleshores \u00e9s for\u00e7a allunyada de les necessitats que a dia d\u2019avui tenim<\/strong> per complir amb els objectius marcats per la UE i l&#8217;Ag\u00e8ncia Catalana de Residus i, a m\u00e9s, <strong>el contracte de 2015 no t\u00e9 en compte els pics de poblaci\u00f3 pendent les temporades tur\u00edstiques<\/strong>, el que ha comportat durant anys acumulacions en dates de for\u00e7a aflu\u00e8ncia\u201d.<\/p>\n<p>Per aconseguir un sistema de residus que s\u2019adapti a les necessitats del nostre territori i ens permeti transicionar a una gesti\u00f3 m\u00e9s sostenible, el govern d\u2019Aran vol comptar amb la participaci\u00f3 de la ciutadania aranesa. Totes les persones interessades en buscar possibles solucions a les actuals problem\u00e0tiques, poden posar el seu gra de sorra emplenant la seg\u00fcent enquesta, <strong>oberta fins al proper 15 d\u2019abril<\/strong>:<\/p>\n<p>Enlla\u00e7 per l&#8217;enquesta: <strong><a href=\"https:\/\/bit.ly\/3nqpBX8\" target=\"_blank\" rel=\"noopener noreferrer\">https:\/\/bit.ly\/3nqpBX8<\/a><\/strong><\/p>\n<p>&nbsp;<\/p>\n<p>&nbsp;<\/p>\n<p><em>Vielha, 27 de mar\u00e7 de 2023<\/em><\/p>\n ","protected":false},"excerpt":{"rendered":"<p>&nbsp; \u2022 El govern d\u2019Aran ha iniciat els treballs per la nova licitaci\u00f3 del servei de recollida de residus, ja que l\u2019actual contracte finalitza al gener de 2024. Despr\u00e9s de la campanya d\u2019informaci\u00f3 i conscienciaci\u00f3 sobre la generaci\u00f3 de residus a l\u2019Aran duta a terme ara fa uns mesos, la m\u00e0xima instituci\u00f3 aranesa obre un&#8230;<\/p>\n","protected":false},"author":2,"featured_media":52574,"comment_status":"closed","ping_status":"closed","sticky":false,"template":"","format":"standard","meta":{"footnotes":""},"categories":[127,33],"tags":[],"_links":{"self":[{"href":"https:\/\/www.conselharan.org\/ca\/wp-json\/wp\/v2\/posts\/52578"}],"collection":[{"href":"https:\/\/www.conselharan.org\/ca\/wp-json\/wp\/v2\/posts"}],"about":[{"href":"https:\/\/www.conselharan.org\/ca\/wp-json\/wp\/v2\/types\/post"}],"author":[{"embeddable":true,"href":"https:\/\/www.conselharan.org\/ca\/wp-json\/wp\/v2\/users\/2"}],"replies":[{"embeddable":true,"href":"https:\/\/www.conselharan.org\/ca\/wp-json\/wp\/v2\/comments?post=52578"}],"version-history":[{"count":2,"href":"https:\/\/www.conselharan.org\/ca\/wp-json\/wp\/v2\/posts\/52578\/revisions"}],"predecessor-version":[{"id":52580,"href":"https:\/\/www.conselharan.org\/ca\/wp-json\/wp\/v2\/posts\/52578\/revisions\/52580"}],"wp:featuredmedia":[{"embeddable":true,"href":"https:\/\/www.conselharan.org\/ca\/wp-json\/wp\/v2\/media\/52574"}],"wp:attachment":[{"href":"https:\/\/www.conselharan.org\/ca\/wp-json\/wp\/v2\/media?parent=52578"}],"wp:term":[{"taxonomy":"category","embeddable":true,"href":"https:\/\/www.conselharan.org\/ca\/wp-json\/wp\/v2\/categories?post=52578"},{"taxonomy":"post_tag","embeddable":true,"href":"https:\/\/www.conselharan.org\/ca\/wp-json\/wp\/v2\/tags?post=52578"}],"curies":[{"name":"wp","href":"https:\/\/api.w.org\/{rel}","templated":true}]}}