{"id":52623,"date":"2023-03-29T10:01:31","date_gmt":"2023-03-29T08:01:31","guid":{"rendered":"https:\/\/www.conselharan.org\/?p=52623"},"modified":"2023-05-17T10:10:12","modified_gmt":"2023-05-17T08:10:12","slug":"el-govern-daran-preveu-lobertura-de-la-residencia-sant-joan-de-les-a-finals-daquest-any","status":"publish","type":"post","link":"https:\/\/www.conselharan.org\/ca\/el-govern-daran-preveu-lobertura-de-la-residencia-sant-joan-de-les-a-finals-daquest-any\/","title":{"rendered":"El govern d\u2019Aran preveu l&#8217;obertura de la Resid\u00e8ncia Sant Joan de Les a finals d\u2019aquest any"},"content":{"rendered":"<p><a href=\"https:\/\/www.conselharan.org\/wp-content\/uploads\/2023\/03\/IMG_2160-scaled.jpg\"><img loading=\"lazy\" decoding=\"async\" class=\"aligncenter wp-image-52615 size-large\" src=\"https:\/\/www.conselharan.org\/wp-content\/uploads\/2023\/03\/IMG_2160-1024x768.jpg\" alt=\"\" width=\"1024\" height=\"768\" srcset=\"https:\/\/www.conselharan.org\/wp-content\/uploads\/2023\/03\/IMG_2160-1024x768.jpg 1024w, https:\/\/www.conselharan.org\/wp-content\/uploads\/2023\/03\/IMG_2160-300x225.jpg 300w, https:\/\/www.conselharan.org\/wp-content\/uploads\/2023\/03\/IMG_2160-768x576.jpg 768w, https:\/\/www.conselharan.org\/wp-content\/uploads\/2023\/03\/IMG_2160-1536x1152.jpg 1536w, https:\/\/www.conselharan.org\/wp-content\/uploads\/2023\/03\/IMG_2160-2048x1536.jpg 2048w\" sizes=\"(max-width: 1024px) 100vw, 1024px\" \/><\/a><\/p>\n<ul>\n<li>\n<h3>La s\u00edndica d\u2019Aran s\u2019ha reunit aquesta tarda amb les fam\u00edlies que es troben en llista d&#8217;espera de la Resid\u00e8ncia Sant Antoni i amb els potencials usuaris i usu\u00e0ries detectades pel Servei Aran\u00e8s de Benestar i Salut, aix\u00ed com amb els ve\u00efns i ve\u00efnes del poble de Les per informar-los sobre tots els treballs realitzats per adequar el projecte inicial de la Resid\u00e8ncia a la realitat de les necessitats del territori i els ha anunciat la previsi\u00f3 d&#8217;obertura d\u2019aquest equipament<\/h3>\n<\/li>\n<\/ul>\n<p>La s\u00edndica d\u2019Aran, Maria Verg\u00e9s, s\u2019ha reunit aquesta tarda, per un costat, amb les fam\u00edlies de les persones en llista d&#8217;espera de la Resid\u00e8ncia Sant Antoni i amb potencials usuaris i usu\u00e0ries de la Resid\u00e8ncia i, per altre, amb els ve\u00efns i ve\u00efnes de Les, per tractar amb ells totes les novetats entorn de l&#8217;estat de la Resid\u00e8ncia de Les i informar-les de la previsi\u00f3 que t\u00e9 el govern d\u2019Aran per obrir les tres primeres plantes d\u2019aquest equipament, amb capacitat per a 32 persones, a final d\u2019enguany.<\/p>\n<p>\u201cDurant la passada legislatura, de 2015 a 2019, el Conselh Generau d\u2019Aran va iniciar el projecte de construcci\u00f3 de la Resid\u00e8ncia Sant Joan de Les per la gent gran, per\u00f2 aquest projecte no comptava amb cap estudi de viabilitat t\u00e8cnica ni econ\u00f2mica que tingu\u00e9s en compte les necessitats reals del territori a aquesta \u00e0rea\u201d ha recordat la s\u00edndica d\u2019Aran, afegint que: \u201cel cost de l&#8217;obra (2.415.000\u20ac) va ser finan\u00e7at \u00edntegrament pel Conselh Generau d\u2019Aran, i no es va comptar amb la partida pressupost\u00e0ria per l\u2019equipament i mobiliari\u201d.<\/p>\n<p>En aquest sentit, afegia tamb\u00e9 que: \u201caquest ha estat i \u00e9s un afer primordial i que ha preocupat for\u00e7a al govern del Conselh Generau d\u2019Aran. A m\u00e9s de la falta de criteri t\u00e8cnic amb el que va impulsar l&#8217;equipament i els retards que hem patit per la situaci\u00f3 sanit\u00e0ria i social, hem aconseguit redefinir el projecte i redactar un pla funcional i de gesti\u00f3, que no s\u2019havien realitzat, que permetran que la Resid\u00e8ncia Sant Joan sigui un espai que pugui acollir als seus usuaris i usu\u00e0ries amb totes les garanties\u201d.<\/p>\n<p>Despr\u00e9s d\u2019estudiar possibles solucions per adaptar aquest equipament a les necessitats reals del territori i de tenir encarregat el pertinent Pla Funcional i de Gesti\u00f3 per definir els serveis i els espais amb els que ha de comptar una resid\u00e8ncia d\u2019aquest tipus, la previsi\u00f3 del govern d\u2019Aran \u00e9s que, tan aviat finalitzin l&#8217;actual obra, es licitin noves obres per adequar l&#8217;espai a les necessitats marcades per aquests plans, adaptant l&#8217;equipament a la normativa en l&#8217;\u00e0mbit social actualment vigent.<\/p>\n<p>\u201cAquesta primavera iniciarem unes obres per realitzar petites modificacions dins de l&#8217;edifici, licitarem tamb\u00e9 la compra de mobiliari, que ascendir\u00e0 al voltant dels 300.000\u20ac , e es dur\u00e0 a terme una reurbanitzaci\u00f3 de l&#8217;entorn de la Resid\u00e8ncia\u201d ha explicat la s\u00edndica, que ha apuntat que s\u2019espera que els tr\u00e0mits de les obres estiguin finalitzats aquesta tardor.<\/p>\n<p>\u00c9s previst que aquesta resid\u00e8ncia compti amb centre de dia amb capacitat m\u00e0xima per 25 persones, per ampliar aix\u00ed els serveis en mat\u00e8ria d\u2019atenci\u00f3 social que dona el Conselh Generau d\u2019Aran a trav\u00e9s del SABS. L&#8217;obertura de les tres primeres plantes de la Resid\u00e8ncia a finals d\u2019enguany suposar\u00e0 una primera fase del projecte. Es treballa amb l&#8217;\u00e0rea social per definir l&#8217;\u00fas de les altres dues plantes, de manera que tamb\u00e9 es pugui treballar amb d\u2019altres necessitats que t\u00e9 el territori ara mateix com l\u2019atenci\u00f3 a la discapacitat o a la depend\u00e8ncia.<\/p>\n<p>Cal recordar tamb\u00e9 que la m\u00e0xima instituci\u00f3 aranesa va impulsar, ara fa un any, el Servei d\u2019Atenci\u00f3 en l&#8217;entorn Domiciliari (SAeD), que segons la s\u00edndica: \u201chem ent\u00e8s com un recurs essencial pel territori que respon al model d\u2019atenci\u00f3 a les persones que volem potenciar, i que ha de tenir en compte les prefer\u00e8ncies i necessitats dels nostres grans i s\u2019ajust\u00e9s a la seva realitat i a la del nostre territori\u201d. actualment el SAeD at\u00e9 a 38 fam\u00edlies, havent at\u00e8s a un total de 53 fam\u00edlies al llarg d\u2019aquest primer any de funcionament.<\/p>\n ","protected":false},"excerpt":{"rendered":"<p>La s\u00edndica d\u2019Aran s\u2019ha reunit aquesta tarda amb les fam\u00edlies que es troben en llista d&#8217;espera de la Resid\u00e8ncia Sant Antoni i amb els potencials usuaris i usu\u00e0ries detectades pel Servei Aran\u00e8s de Benestar i Salut, aix\u00ed com amb els ve\u00efns i ve\u00efnes del poble de Les per informar-los sobre tots els treballs realitzats per&#8230;<\/p>\n","protected":false},"author":10,"featured_media":52616,"comment_status":"closed","ping_status":"closed","sticky":false,"template":"","format":"standard","meta":{"footnotes":""},"categories":[53,805,797],"tags":[],"_links":{"self":[{"href":"https:\/\/www.conselharan.org\/ca\/wp-json\/wp\/v2\/posts\/52623"}],"collection":[{"href":"https:\/\/www.conselharan.org\/ca\/wp-json\/wp\/v2\/posts"}],"about":[{"href":"https:\/\/www.conselharan.org\/ca\/wp-json\/wp\/v2\/types\/post"}],"author":[{"embeddable":true,"href":"https:\/\/www.conselharan.org\/ca\/wp-json\/wp\/v2\/users\/10"}],"replies":[{"embeddable":true,"href":"https:\/\/www.conselharan.org\/ca\/wp-json\/wp\/v2\/comments?post=52623"}],"version-history":[{"count":1,"href":"https:\/\/www.conselharan.org\/ca\/wp-json\/wp\/v2\/posts\/52623\/revisions"}],"predecessor-version":[{"id":52624,"href":"https:\/\/www.conselharan.org\/ca\/wp-json\/wp\/v2\/posts\/52623\/revisions\/52624"}],"wp:featuredmedia":[{"embeddable":true,"href":"https:\/\/www.conselharan.org\/ca\/wp-json\/wp\/v2\/media\/52616"}],"wp:attachment":[{"href":"https:\/\/www.conselharan.org\/ca\/wp-json\/wp\/v2\/media?parent=52623"}],"wp:term":[{"taxonomy":"category","embeddable":true,"href":"https:\/\/www.conselharan.org\/ca\/wp-json\/wp\/v2\/categories?post=52623"},{"taxonomy":"post_tag","embeddable":true,"href":"https:\/\/www.conselharan.org\/ca\/wp-json\/wp\/v2\/tags?post=52623"}],"curies":[{"name":"wp","href":"https:\/\/api.w.org\/{rel}","templated":true}]}}