{"id":52660,"date":"2023-03-31T09:29:17","date_gmt":"2023-03-31T07:29:17","guid":{"rendered":"https:\/\/www.conselharan.org\/eth-govern-daran-impulse-eth-projecte-dadequacion-dun-espaci-interpretatiu-des-roines-arqueologiques-de-casteth-leon\/"},"modified":"2023-05-17T10:09:59","modified_gmt":"2023-05-17T08:09:59","slug":"eth-govern-daran-impulse-eth-projecte-dadequacion-dun-espaci-interpretatiu-des-roines-arqueologiques-de-casteth-leon","status":"publish","type":"post","link":"https:\/\/www.conselharan.org\/ca\/eth-govern-daran-impulse-eth-projecte-dadequacion-dun-espaci-interpretatiu-des-roines-arqueologiques-de-casteth-leon\/","title":{"rendered":"El govern d&#8217;Aran impulsa el projecte d&#8217;adequaci\u00f3 d&#8217;un espai interpretatiu de les ru\u00efnes arqueol\u00f2giques de Cast\u00e8th Leon"},"content":{"rendered":"<p><a href=\"https:\/\/www.conselharan.org\/wp-content\/uploads\/2023\/03\/WhatsApp-Image-2023-03-30-at-19.42.18.jpeg\"><img loading=\"lazy\" decoding=\"async\" class=\"aligncenter wp-image-52652 size-large\" src=\"https:\/\/www.conselharan.org\/wp-content\/uploads\/2023\/03\/WhatsApp-Image-2023-03-30-at-19.42.18-1024x771.jpeg\" alt=\"\" width=\"1024\" height=\"771\" srcset=\"https:\/\/www.conselharan.org\/wp-content\/uploads\/2023\/03\/WhatsApp-Image-2023-03-30-at-19.42.18-1024x771.jpeg 1024w, https:\/\/www.conselharan.org\/wp-content\/uploads\/2023\/03\/WhatsApp-Image-2023-03-30-at-19.42.18-300x226.jpeg 300w, https:\/\/www.conselharan.org\/wp-content\/uploads\/2023\/03\/WhatsApp-Image-2023-03-30-at-19.42.18-768x578.jpeg 768w, https:\/\/www.conselharan.org\/wp-content\/uploads\/2023\/03\/WhatsApp-Image-2023-03-30-at-19.42.18-1536x1157.jpeg 1536w, https:\/\/www.conselharan.org\/wp-content\/uploads\/2023\/03\/WhatsApp-Image-2023-03-30-at-19.42.18.jpeg 1600w\" sizes=\"(max-width: 1024px) 100vw, 1024px\" \/><\/a><\/p>\n<ul>\n<li>\n<h3><strong>El Conselh Generau d\u2019Aran i l&#8217;Ajuntament d\u2019Es B\u00f2rdes busquen amb aquest projecte, que suposar\u00e0 la creaci\u00f3 d&#8217;un espai interpretatiu situat dins del per\u00edmetre de la torre mestra de la fortalesa, promocionar i donar a con\u00e8ixer la hist\u00f2ria del nostre territori i el nostre patrimoni cultural en un paratge tan important com Cast\u00e8th Leon, que va ser la principal fortalesa de la Val d&#8217;Aran i seu del poder real des de la seva construcci\u00f3 en 1283 fins a la seva destrucci\u00f3 en 1719<\/strong><\/h3>\n<\/li>\n<\/ul>\n<p>Durant la tarda d\u2019ahir va tenir lloc la presentaci\u00f3 el projecte d&#8217;adequaci\u00f3 d&#8217;un espai interpretatiu de les ru\u00efnes arqueol\u00f2giques de Cast\u00e8th Leon, a Es B\u00f2rdes, per a posar en valor i revaloritzar aquest lloc tan important de la cultura i hist\u00f2ria araneses. Un projecte que duu a terme el govern d&#8217;Aran, a trav\u00e9s del seu Pla de Sostenibilitat Tur\u00edstica, amb la col\u00b7laboraci\u00f3 de l&#8217;Ajuntament del municipi.<\/p>\n<p>El mes de setembre passat, el govern aran\u00e8s llan\u00e7ava un <a href=\"https:\/\/www.youtube.com\/watch?v=AySEKgemyvA\"><strong>v\u00eddeo 3D divulgatiu<\/strong><\/a> que recreava com va ser el castell de Cast\u00e8th Leon en base a la documentaci\u00f3 gr\u00e0fica, plans i descripcions escrites, resultat dels sondatges arqueol\u00f2gics i una comparativa amb altres fortificacions de la mateixa \u00e8poca.<\/p>\n<p>Ara, es vol crear un espai que permeti la visualitzaci\u00f3 d&#8217;aquest v\u00eddeo i l&#8217;acc\u00e9s al mirador superior per a visualitzar les ru\u00efnes i identificar els diferents punts de la fortalesa, un espai que anir\u00e0 situat dins del per\u00edmetre de la torre mestra.<\/p>\n<p>\u201cDes del govern del Conselh Generau d\u2019Aran considerem el manteniment i la promoci\u00f3 del nostre patrimoni cultural un dels nostres pilars fonamentals, per aquest motiu, la posada en valor del Cast\u00e8th Leon era i \u00e9s un assumpte primordial, perqu\u00e8 les seves restes s\u00f3n testimoni de molts segles de la nostra hist\u00f2ria, que considerem necessari donar a con\u00e8ixer\u201d, afirmava la s\u00edndica d&#8217;Aran, Maria Verg\u00e9s, afegint que: \u201ca m\u00e9s, amb accions com aquesta volem tamb\u00e9 diversificar els punts d&#8217;inter\u00e8s del nostre territori com a destinaci\u00f3 tur\u00edstica i promocionar els atractius dels nostres pobles, eixos primordials que desenvolupem a trav\u00e9s del nostre Pla de Sostenibilitat Tur\u00edstica\u201d.<\/p>\n<p>Cast\u00e8th Leon va ser la principal fortalesa de la Val d&#8217;Aran, seu del poder reial des de la seva construcci\u00f3 en 1283 fins a la seva destrucci\u00f3 en 1719. Aquesta import\u00e0ncia hist\u00f2rica ha generat una abundant documentaci\u00f3, al mateix temps que ha convertit les seves ru\u00efnes en un lloc emblem\u00e0tic per a la Val d&#8217;Aran.<\/p>\n<p>Des de 2005 fins a 2015 es van dur a terme campanyes arqueol\u00f2giques que van permetre recuperar les restes del castell, no obstant aix\u00f2, es trobaven molt arrasades, el que dificultava la seva interpretaci\u00f3 per part dels visitants. Per a brindar resposta a aquesta problem\u00e0tica i, al mateix temps, contribuir a la seva conservaci\u00f3, el 2011 es va procedir a dur a terme una campanya de solidificaci\u00f3 i recreixement dels seus murs, especialment, de la torre mestra, de la qual nom\u00e9s quedava el tra\u00e7at sobre la roca mare. Des d\u2019aleshores, una bandera d&#8217;Aran oneja sobre aquest punt ic\u00f2nic del territori.<\/p>\n ","protected":false},"excerpt":{"rendered":"<p>El Conselh Generau d\u2019Aran i l&#8217;Ajuntament d\u2019Es B\u00f2rdes busquen amb aquest projecte, que suposar\u00e0 la creaci\u00f3 d&#8217;un espai interpretatiu situat dins del per\u00edmetre de la torre mestra de la fortalesa, promocionar i donar a con\u00e8ixer la hist\u00f2ria del nostre territori i el nostre patrimoni cultural en un paratge tan important com Cast\u00e8th Leon, que va&#8230;<\/p>\n","protected":false},"author":10,"featured_media":52653,"comment_status":"closed","ping_status":"closed","sticky":false,"template":"","format":"standard","meta":{"footnotes":""},"categories":[33],"tags":[],"_links":{"self":[{"href":"https:\/\/www.conselharan.org\/ca\/wp-json\/wp\/v2\/posts\/52660"}],"collection":[{"href":"https:\/\/www.conselharan.org\/ca\/wp-json\/wp\/v2\/posts"}],"about":[{"href":"https:\/\/www.conselharan.org\/ca\/wp-json\/wp\/v2\/types\/post"}],"author":[{"embeddable":true,"href":"https:\/\/www.conselharan.org\/ca\/wp-json\/wp\/v2\/users\/10"}],"replies":[{"embeddable":true,"href":"https:\/\/www.conselharan.org\/ca\/wp-json\/wp\/v2\/comments?post=52660"}],"version-history":[{"count":1,"href":"https:\/\/www.conselharan.org\/ca\/wp-json\/wp\/v2\/posts\/52660\/revisions"}],"predecessor-version":[{"id":52661,"href":"https:\/\/www.conselharan.org\/ca\/wp-json\/wp\/v2\/posts\/52660\/revisions\/52661"}],"wp:featuredmedia":[{"embeddable":true,"href":"https:\/\/www.conselharan.org\/ca\/wp-json\/wp\/v2\/media\/52653"}],"wp:attachment":[{"href":"https:\/\/www.conselharan.org\/ca\/wp-json\/wp\/v2\/media?parent=52660"}],"wp:term":[{"taxonomy":"category","embeddable":true,"href":"https:\/\/www.conselharan.org\/ca\/wp-json\/wp\/v2\/categories?post=52660"},{"taxonomy":"post_tag","embeddable":true,"href":"https:\/\/www.conselharan.org\/ca\/wp-json\/wp\/v2\/tags?post=52660"}],"curies":[{"name":"wp","href":"https:\/\/api.w.org\/{rel}","templated":true}]}}