{"id":52673,"date":"2023-03-31T21:23:33","date_gmt":"2023-03-31T19:23:33","guid":{"rendered":"https:\/\/www.conselharan.org\/aran-reconeish-as-sons-olimpics\/"},"modified":"2023-05-17T10:09:19","modified_gmt":"2023-05-17T08:09:19","slug":"aran-reconeish-as-sons-olimpics","status":"publish","type":"post","link":"https:\/\/www.conselharan.org\/ca\/aran-reconeish-as-sons-olimpics\/","title":{"rendered":"Aran reconeix als seus ol\u00edmpics"},"content":{"rendered":"<p><a href=\"https:\/\/www.conselharan.org\/wp-content\/uploads\/2023\/03\/WhatsApp-Image-2023-03-31-at-21.19.10.jpeg\"><img loading=\"lazy\" decoding=\"async\" class=\"aligncenter wp-image-52664 size-full\" src=\"https:\/\/www.conselharan.org\/wp-content\/uploads\/2023\/03\/WhatsApp-Image-2023-03-31-at-21.19.10.jpeg\" alt=\"\" width=\"1024\" height=\"755\" srcset=\"https:\/\/www.conselharan.org\/wp-content\/uploads\/2023\/03\/WhatsApp-Image-2023-03-31-at-21.19.10.jpeg 1024w, https:\/\/www.conselharan.org\/wp-content\/uploads\/2023\/03\/WhatsApp-Image-2023-03-31-at-21.19.10-300x221.jpeg 300w, https:\/\/www.conselharan.org\/wp-content\/uploads\/2023\/03\/WhatsApp-Image-2023-03-31-at-21.19.10-768x566.jpeg 768w\" sizes=\"(max-width: 1024px) 100vw, 1024px\" \/><\/a><\/p>\n<ul>\n<li>\n<h3>El govern d\u2019Aran ha dut a terme un acte de reconeixement dels seus esportistes ol\u00edmpics per posar en valor l&#8217;esfor\u00e7 i dedicaci\u00f3 que Rafael Mombiedro, Andr\u00e9s Ribera, Jos\u00e9 Moga, Eva Moga, Xavi Ubeira i Alex Puente han dut a terme durant les seves traject\u00f2ries personals i professionals, situant a la Val d\u2019Aran com un territori de refer\u00e8ncia al m\u00f3n de l&#8217;esport de neu i esdevenir grans referents per la nostra joventut<\/h3>\n<\/li>\n<\/ul>\n<p>El govern del Conselh Generau d\u2019Aran ha dut a terme aquesta tarda en el Palau d\u2019Esports de Vielha un acte de reconeixement dedicat als esportistes ol\u00edmpics del territori:<\/p>\n<p>&#8211;\u00a0\u00a0\u00a0\u00a0\u00a0\u00a0\u00a0\u00a0\u00a0\u00a0\u00a0 Rafael Mombiedro que va participar en els Jocs Ol\u00edmpics de 1952 a Oslo<\/p>\n<p>&#8211;\u00a0\u00a0\u00a0\u00a0\u00a0\u00a0\u00a0\u00a0\u00a0\u00a0\u00a0 Andr\u00e9s Ribera que va participar en els Jocs Ol\u00edmpics de 1952 a Oslo i 1956 en Cortina d\u2019Ampezzo<\/p>\n<p>&#8211;\u00a0\u00a0\u00a0\u00a0\u00a0\u00a0\u00a0\u00a0\u00a0\u00a0\u00a0 Jos\u00e9\u00a0 Moga que va participar en els Jocs Ol\u00edmpics de 1956 en Cortina d\u2019Ampezzo<\/p>\n<p>&#8211;\u00a0\u00a0\u00a0\u00a0\u00a0\u00a0\u00a0\u00a0\u00a0\u00a0\u00a0 Eva Moga que va participar en els Jocs Ol\u00edmpics de 1988 en Calgary<\/p>\n<p>&#8211;\u00a0\u00a0\u00a0\u00a0\u00a0\u00a0\u00a0\u00a0\u00a0\u00a0\u00a0 Xavi Ubeira que va participar en els Jocs Ol\u00edmpics dels anys 1992 en Albertville i 1994 en Lillerhammer<\/p>\n<p>&#8211;\u00a0\u00a0\u00a0\u00a0\u00a0\u00a0\u00a0\u00a0\u00a0\u00a0\u00a0 Alex Puente que va participar en els Jocs Ol\u00edmpics de 2014 en Sochi<\/p>\n<p>L&#8217;acte ha comptat amb la pres\u00e8ncia, entre altres, de la s\u00edndica d\u2019Aran, Maria Verg\u00e9s, el president de la RFEDI, May Peus, el director gerent de Baqueira Beret, Alex Bar\u00e9s, aix\u00ed com els propis esportistes ol\u00edmpics del nostre territori, les seves fam\u00edlies, amics i persones que han volgut assistir per a aquest acte de reconeixement a les seves traject\u00f2ries.<\/p>\n<p>\u201cPel govern d\u2019Aran era un deute pendent de dur a terme un acte d\u2019aquest tipus per posar en valor l&#8217;esfor\u00e7 i dedicaci\u00f3 que aquests sis esportistes han dut a terme durant les seves traject\u00f2ries personals i professionals, situant a la Val d\u2019Aran com un territori de refer\u00e8ncia al m\u00f3n de l&#8217;esport de neu i esdevenir grans referents per la nostra joventut\u201d afirmava la s\u00edndica d\u2019Aran.<\/p>\n<p>El Conselh Generau d\u2019Aran ha entregat a cada un dels nostres ol\u00edmpics una placa en reconeixement per la seva labor a favor de l&#8217;esport aran\u00e8s i, tant el president del Comit\u00e8 Ol\u00edmpic Espanyol (COE), Alejandro Blanco, com el president del Consell Superior d\u2019Esports (CSD), Jos\u00e9 Manuel Franco, que no han pogut assistir per motius d\u2019agenda, els han adre\u00e7at unes paraules a trav\u00e9s d\u2019un v\u00eddeo projectat en el Palau d\u2019Esports per tots els assistents.<\/p>\n<p>Aix\u00ed mateix la s\u00edndica d\u2019Aran assegurava que \u201cel govern d\u2019Aran desenvolupa diverses accions per promoure l&#8217;esport i facilitar les traject\u00f2ries dels nostres professionals, com els convenis de patrocini, les beques per joves esportistes o d\u2019altres pol\u00edtiques pel foment i creixement d\u2019aquesta \u00e0rea a la Val d\u2019Aran en les que ja portem for\u00e7a temps treballant, per facilitar el\u00a0 desenvolupament de les carreres dels grans esportistes amb les que comptem en el nostre territori\u201d i afegia que \u201cuna de les nostres prioritats \u00e9s la d\u2019aconseguir el trasp\u00e0s complet de la compet\u00e8ncia en aquesta \u00e0rea, per poder gestionar de forma \u00e0gil i propera una \u00e0rea tanta important pel pa\u00eds com aquest\u201d.<\/p>\n ","protected":false},"excerpt":{"rendered":"<p>El govern d\u2019Aran ha dut a terme un acte de reconeixement dels seus esportistes ol\u00edmpics per posar en valor l&#8217;esfor\u00e7 i dedicaci\u00f3 que Rafael Mombiedro, Andr\u00e9s Ribera, Jos\u00e9 Moga, Eva Moga, Xavi Ubeira i Alex Puente han dut a terme durant les seves traject\u00f2ries personals i professionals, situant a la Val d\u2019Aran com un territori&#8230;<\/p>\n","protected":false},"author":10,"featured_media":52665,"comment_status":"closed","ping_status":"closed","sticky":false,"template":"","format":"standard","meta":{"footnotes":""},"categories":[136,53],"tags":[],"_links":{"self":[{"href":"https:\/\/www.conselharan.org\/ca\/wp-json\/wp\/v2\/posts\/52673"}],"collection":[{"href":"https:\/\/www.conselharan.org\/ca\/wp-json\/wp\/v2\/posts"}],"about":[{"href":"https:\/\/www.conselharan.org\/ca\/wp-json\/wp\/v2\/types\/post"}],"author":[{"embeddable":true,"href":"https:\/\/www.conselharan.org\/ca\/wp-json\/wp\/v2\/users\/10"}],"replies":[{"embeddable":true,"href":"https:\/\/www.conselharan.org\/ca\/wp-json\/wp\/v2\/comments?post=52673"}],"version-history":[{"count":1,"href":"https:\/\/www.conselharan.org\/ca\/wp-json\/wp\/v2\/posts\/52673\/revisions"}],"predecessor-version":[{"id":52674,"href":"https:\/\/www.conselharan.org\/ca\/wp-json\/wp\/v2\/posts\/52673\/revisions\/52674"}],"wp:featuredmedia":[{"embeddable":true,"href":"https:\/\/www.conselharan.org\/ca\/wp-json\/wp\/v2\/media\/52665"}],"wp:attachment":[{"href":"https:\/\/www.conselharan.org\/ca\/wp-json\/wp\/v2\/media?parent=52673"}],"wp:term":[{"taxonomy":"category","embeddable":true,"href":"https:\/\/www.conselharan.org\/ca\/wp-json\/wp\/v2\/categories?post=52673"},{"taxonomy":"post_tag","embeddable":true,"href":"https:\/\/www.conselharan.org\/ca\/wp-json\/wp\/v2\/tags?post=52673"}],"curies":[{"name":"wp","href":"https:\/\/api.w.org\/{rel}","templated":true}]}}