{"id":5269,"date":"2014-10-25T08:00:42","date_gmt":"2014-10-25T06:00:42","guid":{"rendered":"http:\/\/www.conselharan.org\/?p=5269"},"modified":"2014-10-24T15:27:03","modified_gmt":"2014-10-24T13:27:03","slug":"augmenta-un-6049-el-numero-dusuaris-del-transport-intern-de-la-val-daran","status":"publish","type":"post","link":"https:\/\/www.conselharan.org\/ca\/augmenta-un-6049-el-numero-dusuaris-del-transport-intern-de-la-val-daran\/","title":{"rendered":"Augmenta un 60,49% el n\u00famero d\u2019usuaris del transport intern de la Val d\u2019Aran"},"content":{"rendered":"<p><a href=\"http:\/\/www.conselharan.org\/wp-content\/uploads\/2014\/10\/retolacion-busi-VdA.jpg\"><img loading=\"lazy\" decoding=\"async\" class=\"aligncenter size-full wp-image-5264\" alt=\"retolacion busi VdA\" src=\"http:\/\/www.conselharan.org\/wp-content\/uploads\/2014\/10\/retolacion-busi-VdA.jpg\" width=\"800\" height=\"317\" srcset=\"https:\/\/www.conselharan.org\/wp-content\/uploads\/2014\/10\/retolacion-busi-VdA.jpg 800w, https:\/\/www.conselharan.org\/wp-content\/uploads\/2014\/10\/retolacion-busi-VdA-300x118.jpg 300w\" sizes=\"(max-width: 800px) 100vw, 800px\" \/><\/a><\/p>\n<p>El Conselh Generau d\u2019Aran, a trav\u00e9s de l\u2019empresa ALSA, (Next Continental Holding, S.L.U) adjudicat\u00e0ria del transport regular intern de la Val d\u2019Aran, ficar\u00e0 en funcionament a partir del dia 1 de desembre pantalles informatives amb informaci\u00f3 addicional en les marquesines de Les, Vielha i Baqueira.<\/p>\n<p>En total hi hauran 6 pantalles. Una vegada en ple funcionament les 6 pantalles es col\u2022locaran codis QR,que permetran obtenir informaci\u00f3 a trav\u00e9s dels dispositius m\u00f2bils a la resta de marquesines. A partir del 2015, es col\u2022locaran 4 pantalles m\u00e9s.<\/p>\n<p>Aquestes millores tenen l&#8217;objectiu de que l\u2019usuari tingui coneixements del temps d&#8217;espera del proper transport.<\/p>\n<p>Aquesta \u00e9s una acci\u00f3 que s\u2019emmarca dins de la millora de qualitat dels serveis, tal i com es va exigir al Plec de Preinscripci\u00f3 T\u00e8cniques del Concurs aprovat pel Gov\u00e8rn d\u2019Aran<\/p>\n<p>L\u2019empresa d\u2019ALSA (Next Continental Holding, S.L.U), disposa d\u2019una oficina d\u2019atenci\u00f3 al p\u00fablic, amb horari: Mat\u00ed de 09h15 a 13h00 i a la tarda, de 18h00 a 19h00.<\/p>\n<p>En paraules de la conselh\u00e8ra de Turisme, Comer\u00e7 i Consum, <strong>Anna D\u00edaz,\u201cdes d\u2019aquest mes de gener fins ara, el n\u00famero d&#8217;usuaris del transport interior s\u2019ha incrementat un 60,49%\u201d.<\/strong><\/p>\n<p><strong>\u201cAquestes dades ens confirmen que el treball realitzat pel Gov\u00e8rn d\u2019Aran en la millora i racionalitzaci\u00f3 del servei del transport permet tenir al territori un servei capdavanter en el transport interior<\/strong>\u201d ha explicat el sindic d\u2019Aran, <strong>Carlos Barrera.<\/strong><\/p>\n ","protected":false},"excerpt":{"rendered":"<p>El Conselh Generau d\u2019Aran, a trav\u00e9s de l\u2019empresa ALSA, (Next Continental Holding, S.L.U) adjudicat\u00e0ria del transport regular intern de la Val d\u2019Aran, ficar\u00e0 en funcionament a partir del dia 1 de desembre pantalles informatives amb informaci\u00f3 addicional en les marquesines de Les, Vielha i Baqueira. En total hi hauran 6 pantalles. Una vegada en ple&#8230;<\/p>\n","protected":false},"author":2,"featured_media":5264,"comment_status":"closed","ping_status":"closed","sticky":false,"template":"","format":"standard","meta":{"footnotes":""},"categories":[31,53,33,36],"tags":[],"_links":{"self":[{"href":"https:\/\/www.conselharan.org\/ca\/wp-json\/wp\/v2\/posts\/5269"}],"collection":[{"href":"https:\/\/www.conselharan.org\/ca\/wp-json\/wp\/v2\/posts"}],"about":[{"href":"https:\/\/www.conselharan.org\/ca\/wp-json\/wp\/v2\/types\/post"}],"author":[{"embeddable":true,"href":"https:\/\/www.conselharan.org\/ca\/wp-json\/wp\/v2\/users\/2"}],"replies":[{"embeddable":true,"href":"https:\/\/www.conselharan.org\/ca\/wp-json\/wp\/v2\/comments?post=5269"}],"version-history":[{"count":1,"href":"https:\/\/www.conselharan.org\/ca\/wp-json\/wp\/v2\/posts\/5269\/revisions"}],"predecessor-version":[{"id":5270,"href":"https:\/\/www.conselharan.org\/ca\/wp-json\/wp\/v2\/posts\/5269\/revisions\/5270"}],"wp:featuredmedia":[{"embeddable":true,"href":"https:\/\/www.conselharan.org\/ca\/wp-json\/wp\/v2\/media\/5264"}],"wp:attachment":[{"href":"https:\/\/www.conselharan.org\/ca\/wp-json\/wp\/v2\/media?parent=5269"}],"wp:term":[{"taxonomy":"category","embeddable":true,"href":"https:\/\/www.conselharan.org\/ca\/wp-json\/wp\/v2\/categories?post=5269"},{"taxonomy":"post_tag","embeddable":true,"href":"https:\/\/www.conselharan.org\/ca\/wp-json\/wp\/v2\/tags?post=5269"}],"curies":[{"name":"wp","href":"https:\/\/api.w.org\/{rel}","templated":true}]}}