{"id":5293,"date":"2014-10-28T16:30:36","date_gmt":"2014-10-28T15:30:36","guid":{"rendered":"http:\/\/www.conselharan.org\/?p=5293"},"modified":"2014-10-28T10:20:19","modified_gmt":"2014-10-28T09:20:19","slug":"la-rfedi-presenta-els-seus-esportistes-per-a-la-temporada-2014-15-a-salardu-naut-aran","status":"publish","type":"post","link":"https:\/\/www.conselharan.org\/ca\/la-rfedi-presenta-els-seus-esportistes-per-a-la-temporada-2014-15-a-salardu-naut-aran\/","title":{"rendered":"La RFEDI presenta els seus esportistes per a la temporada 2014-15 a Salard\u00fa (Naut Aran)"},"content":{"rendered":"<p><strong>En un acte obert al p\u00fablic, la Real Federaci\u00f3 Espanyola d&#8217;Esports d&#8217;Hivern ha presentat a Salard\u00fa, Val d\u2019Aran, les estructures esportives que conformen la RFEDI per a la present temporada<\/strong><\/p>\n<p><a href=\"http:\/\/www.conselharan.org\/wp-content\/uploads\/2014\/10\/grop_RFEDI.jpg\"><img loading=\"lazy\" decoding=\"async\" class=\"aligncenter size-large wp-image-5289\" alt=\"grop_RFEDI\" src=\"http:\/\/www.conselharan.org\/wp-content\/uploads\/2014\/10\/grop_RFEDI-1024x406.jpg\" width=\"1024\" height=\"406\" srcset=\"https:\/\/www.conselharan.org\/wp-content\/uploads\/2014\/10\/grop_RFEDI-1024x406.jpg 1024w, https:\/\/www.conselharan.org\/wp-content\/uploads\/2014\/10\/grop_RFEDI-300x119.jpg 300w\" sizes=\"(max-width: 1024px) 100vw, 1024px\" \/><\/a><\/p>\n<p>Entre els assistents cal destacar els velocistes en esqu\u00ed alp\u00ed<strong> Carolina Ruiz <\/strong>i<strong> Paul de La Cuesta, Lucas Eguibar <\/strong>i<strong> Regino Hern\u00e1ndez <\/strong>de SBX<strong>, Laura Orgu\u00e9 <\/strong>i<strong> Imanol Rojo <\/strong>d&#8217;esqu\u00ed de fons i<strong> Victoria Padial<\/strong> de biatl\u00f3n, a m\u00e9s del jove aran\u00e8s d&#8217;esqu\u00ed alp\u00ed present en els Jocs Ol\u00edmpics de Sochi 2014, <strong>\u00c1lex Puente,<\/strong> entre d&#8217;altres.<\/p>\n<p>\u00c9s la primera vegada que la RFEDI organitza un esdeveniment inaugural d&#8217;aquestes caracter\u00edstiques en el qual es reuneixen la majoria dels esportistes de m\u00e9s nivell del panorama d&#8217;hivern espanyol.<\/p>\n<p>El sindic d&#8217;Aran, <strong>Carlos Barrera<\/strong>, juntament amb l&#8217;alcalde de Naut Aran, <strong>C\u00e9sar Ruiz-Canela<\/strong>, el vicesindic d&#8217;Aran, <strong>Lu\u00eds Carlos Medina<\/strong>, el conselh\u00e8r d&#8217;Esports d&#8217;Aran, <strong>Marcos Vil\u00f3,<\/strong> i el president de la FCEH, <strong>\u00d3scar Cruz<\/strong>, han acompanyat al president aran\u00e8s de la RFEDI, <strong>May Peus,<\/strong> en aquesta presentaci\u00f3.<\/p>\n<p><a href=\"http:\/\/www.conselharan.org\/wp-content\/uploads\/2014\/10\/may_puente_govern-d-aran.jpg\"><img loading=\"lazy\" decoding=\"async\" class=\"aligncenter size-large wp-image-5290\" alt=\"may_puente_govern d aran\" src=\"http:\/\/www.conselharan.org\/wp-content\/uploads\/2014\/10\/may_puente_govern-d-aran-1024x923.jpg\" width=\"1024\" height=\"923\" srcset=\"https:\/\/www.conselharan.org\/wp-content\/uploads\/2014\/10\/may_puente_govern-d-aran-1024x923.jpg 1024w, https:\/\/www.conselharan.org\/wp-content\/uploads\/2014\/10\/may_puente_govern-d-aran-300x270.jpg 300w\" sizes=\"(max-width: 1024px) 100vw, 1024px\" \/><\/a><\/p>\n<p>En paraules del sindic d\u2019Aran, <strong>Carlos Barrera, \u201c\u00e9s un orgull per la Val d\u2019Aran tenir a l&#8217;aran\u00e8s May Peus en la presid\u00e8ncia de la RFEDI.\u201d<\/strong><\/p>\n<p><strong>Esportistes assistents:<\/strong><\/p>\n<p><em>Esqu\u00ed alp\u00ed:<\/em><\/p>\n<p>Carolina Ruiz<br \/>\nPaul de la Cuesta<br \/>\nPol Carreras<br \/>\nJuan del Campo<br \/>\nMariona Boix<br \/>\nJulia Bargall\u00f3<br \/>\nN\u00faria Pau<br \/>\nAlex Puente<br \/>\nQuim Salarich<\/p>\n<p><em>Esqu\u00ed de fons:<\/em><br \/>\nLaura Orgu\u00e9<br \/>\nImanol Rojo<\/p>\n<p><em>Snowboard:<\/em><\/p>\n<p>Lucas Eguibar<br \/>\nRegino Hern\u00e1ndez<br \/>\nLaro Herrero<\/p>\n<p><em>Biatl\u00f3n<\/em><\/p>\n<p>Victoria Padial<\/p>\n<p><a href=\"http:\/\/www.conselharan.org\/wp-content\/uploads\/2014\/10\/sindic_puente.jpg\"><img loading=\"lazy\" decoding=\"async\" class=\"aligncenter size-large wp-image-5291\" alt=\"sindic_puente\" src=\"http:\/\/www.conselharan.org\/wp-content\/uploads\/2014\/10\/sindic_puente-1024x848.jpg\" width=\"1024\" height=\"848\" srcset=\"https:\/\/www.conselharan.org\/wp-content\/uploads\/2014\/10\/sindic_puente-1024x848.jpg 1024w, https:\/\/www.conselharan.org\/wp-content\/uploads\/2014\/10\/sindic_puente-300x248.jpg 300w\" sizes=\"(max-width: 1024px) 100vw, 1024px\" \/><\/a><\/p>\n<p>El sindic d&#8217;Aran, <strong>Carlos Barrera<\/strong>, s&#8217;ha dirigit afectuosament a l&#8217;esportista aran\u00e8s, <strong>\u00c1lex Puente<\/strong>, i ha subratllat \u201c<strong>arribar on ha arribat l\u2019\u00c1lex \u00e9s la recompensa al seu treball i esfor\u00e7\u201d.<\/strong><\/p>\n<p><strong>\u00c1lex Puente,<\/strong> va signar un conveni per promocionar la destinaci\u00f3 tur\u00edstica esportiva Val d\u2019Aran pel m\u00f3n, representada en la imatge i en els valors de l&#8217;esportista, i de l&#8217;equip del que forma part, mitjan\u00e7ant el patrocini institucional. <strong>\u201cQui millor que els nostres joves esportistes professionals aranesos per representar el nostre pa\u00eds i el sentiment d&#8217;identitat\u201d<\/strong> ha afegit <strong>Barrera.<\/strong><\/p>\n ","protected":false},"excerpt":{"rendered":"<p>En un acte obert al p\u00fablic, la Real Federaci\u00f3 Espanyola d&#8217;Esports d&#8217;Hivern ha presentat a Salard\u00fa, Val d\u2019Aran, les estructures esportives que conformen la RFEDI per a la present temporada Entre els assistents cal destacar els velocistes en esqu\u00ed alp\u00ed Carolina Ruiz i Paul de La Cuesta, Lucas Eguibar i Regino Hern\u00e1ndez de SBX, Laura&#8230;<\/p>\n","protected":false},"author":2,"featured_media":5290,"comment_status":"closed","ping_status":"closed","sticky":false,"template":"","format":"standard","meta":{"footnotes":""},"categories":[31,33,36],"tags":[],"_links":{"self":[{"href":"https:\/\/www.conselharan.org\/ca\/wp-json\/wp\/v2\/posts\/5293"}],"collection":[{"href":"https:\/\/www.conselharan.org\/ca\/wp-json\/wp\/v2\/posts"}],"about":[{"href":"https:\/\/www.conselharan.org\/ca\/wp-json\/wp\/v2\/types\/post"}],"author":[{"embeddable":true,"href":"https:\/\/www.conselharan.org\/ca\/wp-json\/wp\/v2\/users\/2"}],"replies":[{"embeddable":true,"href":"https:\/\/www.conselharan.org\/ca\/wp-json\/wp\/v2\/comments?post=5293"}],"version-history":[{"count":1,"href":"https:\/\/www.conselharan.org\/ca\/wp-json\/wp\/v2\/posts\/5293\/revisions"}],"predecessor-version":[{"id":5294,"href":"https:\/\/www.conselharan.org\/ca\/wp-json\/wp\/v2\/posts\/5293\/revisions\/5294"}],"wp:featuredmedia":[{"embeddable":true,"href":"https:\/\/www.conselharan.org\/ca\/wp-json\/wp\/v2\/media\/5290"}],"wp:attachment":[{"href":"https:\/\/www.conselharan.org\/ca\/wp-json\/wp\/v2\/media?parent=5293"}],"wp:term":[{"taxonomy":"category","embeddable":true,"href":"https:\/\/www.conselharan.org\/ca\/wp-json\/wp\/v2\/categories?post=5293"},{"taxonomy":"post_tag","embeddable":true,"href":"https:\/\/www.conselharan.org\/ca\/wp-json\/wp\/v2\/tags?post=5293"}],"curies":[{"name":"wp","href":"https:\/\/api.w.org\/{rel}","templated":true}]}}