{"id":53097,"date":"2023-05-09T14:50:16","date_gmt":"2023-05-09T12:50:16","guid":{"rendered":"https:\/\/www.conselharan.org\/era-sindica-daran-visite-es-projectes-impulsadi-peth-govern-daran-en-baish-aran\/"},"modified":"2023-05-17T09:46:49","modified_gmt":"2023-05-17T07:46:49","slug":"era-sindica-daran-visite-es-projectes-impulsadi-peth-govern-daran-en-baish-aran","status":"publish","type":"post","link":"https:\/\/www.conselharan.org\/ca\/era-sindica-daran-visite-es-projectes-impulsadi-peth-govern-daran-en-baish-aran\/","title":{"rendered":"La s\u00edndica visita els projectes impulsats pel govern d&#8217;Aran al Baix Aran"},"content":{"rendered":"<p><a href=\"https:\/\/www.conselharan.org\/wp-content\/uploads\/2021\/09\/Bossost_col_du_Portillon.jpg\"><img loading=\"lazy\" decoding=\"async\" class=\"aligncenter wp-image-44449 size-large\" src=\"https:\/\/www.conselharan.org\/wp-content\/uploads\/2021\/09\/Bossost_col_du_Portillon-1024x768.jpg\" alt=\"\" width=\"1024\" height=\"768\" srcset=\"https:\/\/www.conselharan.org\/wp-content\/uploads\/2021\/09\/Bossost_col_du_Portillon-1024x768.jpg 1024w, https:\/\/www.conselharan.org\/wp-content\/uploads\/2021\/09\/Bossost_col_du_Portillon-300x225.jpg 300w, https:\/\/www.conselharan.org\/wp-content\/uploads\/2021\/09\/Bossost_col_du_Portillon-768x576.jpg 768w, https:\/\/www.conselharan.org\/wp-content\/uploads\/2021\/09\/Bossost_col_du_Portillon-1536x1152.jpg 1536w, https:\/\/www.conselharan.org\/wp-content\/uploads\/2021\/09\/Bossost_col_du_Portillon.jpg 2048w\" sizes=\"(max-width: 1024px) 100vw, 1024px\" \/><\/a><\/p>\n<ul>\n<li>\n<h3><strong>Acompanyada per l&#8217;alcalde de Boss\u00f2st, la s\u00edndica d&#8217;Aran ha visitat, d&#8217;una banda, l&#8217;antic cinema recentment adquirit per l&#8217;Ajuntament i en el qual el Conselh Generau d\u2019Aran aporta 100.000 \u20ac per a la seva remodelaci\u00f3.<\/strong><\/h3>\n<\/li>\n<li>\n<h3><strong>D&#8217;altra banda, tamb\u00e9 han visitat el terreny on es contempla la ubicaci\u00f3 de l&#8217;Escola de Rescats en Muntanya en la qual el govern d&#8217;Aran porta tres anys treballant, que comptaria amb un simulador de rescat amb helic\u00f2pter a dimensions reals i la tecnologia punta per a la simulaci\u00f3 d&#8217;operacions, protocols i actuacions a trav\u00e9s de mitjans aeris.<\/strong><\/h3>\n<\/li>\n<li>\n<h3><strong>Aquesta Escola de Rescats tamb\u00e9 tindr\u00e0 una \u00e0rea de formaci\u00f3, amb aules adaptades, que es preveu que se situ\u00ef a Les.<\/strong><\/h3>\n<\/li>\n<\/ul>\n<p>La s\u00edndica d&#8217;Aran, Maria Verg\u00e9s, acompanyada pels alcaldes de Boss\u00f2st i de Les, Amador Marqu\u00e8s i Andreu Cort\u00e9s, ha dut a terme una visita als espais en els quals el govern del Conselh Generau d\u2019Aran desenvolupa des de fa un temps projectes importants per al Baix Aran.<\/p>\n<p>A Boss\u00f2st van visitar, d&#8217;una banda, l&#8217;antic cinema, propietat fins fa uns pocs mesos del Bisbat d\u2019Urgell i que ha estat adquirit recentment pel consistori per a la seva rehabilitaci\u00f3 despr\u00e9s de molts anys tancat. L&#8217;Ajuntament i el Conselh Generau d\u2019Aran van acordar fa uns mesos el suport del Conselh per al finan\u00e7ament dels treballs de millora i condicionament d&#8217;aquest espai, amb l&#8217;objectiu de situar en aquesta infraestructura un Centre Cultural i Econ\u00f2mic, que dinamitzi el teixit empresarial i emprenedor del municipi i pugui acollir tamb\u00e9 actes diversos.<\/p>\n<p>D&#8217;altra banda, van visitar l&#8217;espai on es planteja que se situ\u00ef l&#8217;Escola de Rescats en Muntanya en la qual el govern d&#8217;Aran porta tres anys treballant de la m\u00e0 de Pompi\u00e8rs Emerg\u00e9ncies, el HUB d&#8217;innovaci\u00f3 H\u00e8Pic i professionals externs. Un centre de formaci\u00f3 amb un espai de simulaci\u00f3 de rescat amb helic\u00f2pter a grand\u00e0ria real on poder simular les maniobres de rescat dins de la nau. Aquest equipament comptaria amb un simulador d&#8217;operacions SAR que contempla tecnologia punta a nivell mundial per a la simulaci\u00f3 d&#8217;operacions que permetria a aquest centre convertir-se en un punt de trobada a nivell nacional en mat\u00e8ria d&#8217;innovaci\u00f3 en operacions, protocols i actuacions a trav\u00e9s de mitjans aeris.<\/p>\n<p>Un projecte innovador, que ajudaria a diversificar l&#8217;economia de la zona i que permetria posicionar Aran com a territori de refer\u00e8ncia en aquest \u00e0mbit, perqu\u00e8 a Europa nom\u00e9s hi ha un centre amb aquest tipus de formaci\u00f3 i caracter\u00edstiques, situat a Alemanya.<\/p>\n<p>Aix\u00ed mateix, es preveu que aquest centre tingui tamb\u00e9 una \u00e0rea de formaci\u00f3 amb aules adaptades que se situar\u00e0 a Les.<\/p>\n ","protected":false},"excerpt":{"rendered":"<p>Acompanyada per l&#8217;alcalde de Boss\u00f2st, la s\u00edndica d&#8217;Aran ha visitat, d&#8217;una banda, l&#8217;antic cinema recentment adquirit per l&#8217;Ajuntament i en el qual el Conselh Generau d\u2019Aran aporta 100.000 \u20ac per a la seva remodelaci\u00f3. D&#8217;altra banda, tamb\u00e9 han visitat el terreny on es contempla la ubicaci\u00f3 de l&#8217;Escola de Rescats en Muntanya en la qual&#8230;<\/p>\n","protected":false},"author":10,"featured_media":53107,"comment_status":"closed","ping_status":"closed","sticky":false,"template":"","format":"standard","meta":{"footnotes":""},"categories":[53],"tags":[],"_links":{"self":[{"href":"https:\/\/www.conselharan.org\/ca\/wp-json\/wp\/v2\/posts\/53097"}],"collection":[{"href":"https:\/\/www.conselharan.org\/ca\/wp-json\/wp\/v2\/posts"}],"about":[{"href":"https:\/\/www.conselharan.org\/ca\/wp-json\/wp\/v2\/types\/post"}],"author":[{"embeddable":true,"href":"https:\/\/www.conselharan.org\/ca\/wp-json\/wp\/v2\/users\/10"}],"replies":[{"embeddable":true,"href":"https:\/\/www.conselharan.org\/ca\/wp-json\/wp\/v2\/comments?post=53097"}],"version-history":[{"count":1,"href":"https:\/\/www.conselharan.org\/ca\/wp-json\/wp\/v2\/posts\/53097\/revisions"}],"predecessor-version":[{"id":53098,"href":"https:\/\/www.conselharan.org\/ca\/wp-json\/wp\/v2\/posts\/53097\/revisions\/53098"}],"wp:featuredmedia":[{"embeddable":true,"href":"https:\/\/www.conselharan.org\/ca\/wp-json\/wp\/v2\/media\/53107"}],"wp:attachment":[{"href":"https:\/\/www.conselharan.org\/ca\/wp-json\/wp\/v2\/media?parent=53097"}],"wp:term":[{"taxonomy":"category","embeddable":true,"href":"https:\/\/www.conselharan.org\/ca\/wp-json\/wp\/v2\/categories?post=53097"},{"taxonomy":"post_tag","embeddable":true,"href":"https:\/\/www.conselharan.org\/ca\/wp-json\/wp\/v2\/tags?post=53097"}],"curies":[{"name":"wp","href":"https:\/\/api.w.org\/{rel}","templated":true}]}}