{"id":53183,"date":"2023-05-16T20:49:50","date_gmt":"2023-05-16T18:49:50","guid":{"rendered":"https:\/\/www.conselharan.org\/ges-a-licitacion-eth-projecte-de-condicionament-deth-tram-dera-n-230-entre-era-boca-nord-deth-tunel-e-vielha\/"},"modified":"2023-05-24T10:35:47","modified_gmt":"2023-05-24T08:35:47","slug":"ges-a-licitacion-eth-projecte-de-condicionament-deth-tram-dera-n-230-entre-era-boca-nord-deth-tunel-e-vielha","status":"publish","type":"post","link":"https:\/\/www.conselharan.org\/ca\/ges-a-licitacion-eth-projecte-de-condicionament-deth-tram-dera-n-230-entre-era-boca-nord-deth-tunel-e-vielha\/","title":{"rendered":"Surt a licitaci\u00f3 el projecte de condicionament del tram de la N-230 entre la boca nord del T\u00fanel i Vielha"},"content":{"rendered":"<p><a href=\"https:\/\/www.conselharan.org\/wp-content\/uploads\/2023\/05\/tunel-de-vielha.jpg\"><img loading=\"lazy\" decoding=\"async\" class=\"aligncenter wp-image-53173 size-full\" src=\"https:\/\/www.conselharan.org\/wp-content\/uploads\/2023\/05\/tunel-de-vielha.jpg\" alt=\"\" width=\"640\" height=\"427\" srcset=\"https:\/\/www.conselharan.org\/wp-content\/uploads\/2023\/05\/tunel-de-vielha.jpg 640w, https:\/\/www.conselharan.org\/wp-content\/uploads\/2023\/05\/tunel-de-vielha-300x200.jpg 300w\" sizes=\"(max-width: 640px) 100vw, 640px\" \/><\/a><\/p>\n<ul>\n<li>\n<h3><strong>El Ministeri de Transports, Mobilitat i Agenda Urbana ha anunciat avui l&#8217;adjudicaci\u00f3 de la redacci\u00f3 del projecte de condicionament de la N-230 entre la boca nord del T\u00fanel i Vielha<\/strong><\/h3>\n<\/li>\n<li>\n<h3><strong>Aquest anunci arriba pocs mesos despr\u00e9s que el Ministeri anunci\u00e9s l&#8217;aprovaci\u00f3 de l&#8217;estudi informatiu del condicionament de la N-230 en aquest tram, i respon al comprom\u00eds de l&#8217;Estat per a la millora d&#8217;aquesta carretera, aix\u00ed com va manifestar el mes de setembre passat el secretari general d&#8217;infraestructures de l&#8217;Estat en la seva visita al Conselh Generau d\u2019Aran<\/strong><\/h3>\n<\/li>\n<li>\n<h3><strong>El govern d&#8217;Aran mostra la seva satisfacci\u00f3 pels r\u00e0pids avan\u00e7os en la millora d&#8217;aquesta carretera tan reclamats pel territori<\/strong><\/h3>\n<\/li>\n<\/ul>\n<p>El Ministeri de Transports, Mobilitat i Agenda Urbana (Mitma) ha adjudicat el contracte de serveis per a redactar el projecte \u201cCondicionament de la carretera N-230 mitjan\u00e7ant ampliaci\u00f3 de plataforma i estudi d&#8217;implantaci\u00f3 de carrils addicionals d&#8217;avan\u00e7ament. Tram: Boca Nord del T\u00fanel Juan Carlos I \u2013 Vielha\u201d, per 830.000 \u20ac.<\/p>\n<p>L&#8217;objectiu del projecte ser\u00e0 desenvolupar les actuacions necess\u00e0ries per a millorar la seguretat vi\u00e0ria d&#8217;aquest tram de 6 quil\u00f2metres de longitud, mitjan\u00e7ant l&#8217;ampliaci\u00f3 de la seva plataforma fins a aconseguir una cal\u00e7ada de 7 m d&#8217;ampl\u00e0ria amb vorals d&#8217;1 m i cuneta longitudinal de seguretat adossada, aconseguint la m\u00e0xima integraci\u00f3 ambiental dels elements funcionals de la carretera.<\/p>\n<p>A m\u00e9s s&#8217;estudiar\u00e0 la possibilitat d&#8217;establir carrils addicionals d&#8217;avan\u00e7ament en els trams m\u00e9s aptes. Els treballs de millora es completaran amb el disseny de la rehabilitaci\u00f3 estructural del ferm que resulti necess\u00e0ria, l&#8217;estudi de la implantaci\u00f3 de llits de frenat i d&#8217;un salva allaus en substituci\u00f3 de l&#8217;actual.<\/p>\n<p>Aquesta actuaci\u00f3 forma part de l&#8217;agenda d&#8217;actuacions per a millorar la carretera N-230 entre Almenar i la frontera francesa de P\u00f2nt de Rei i respon a una petici\u00f3 hist\u00f2rica tant de la Val d&#8217;Aran com de la resta de territoris que travessa aquesta via. La \u201cAgenda N-230\u201d va ser presentada pel secretari general d&#8217;infraestructures de l&#8217;Estat, Xavier Flores, en la seu del Conselh Generau d\u2019Aran el mes de setembre passat, en un acte que evidencia el comprom\u00eds de l&#8217;Estat amb aquesta carretera.<\/p>\n ","protected":false},"excerpt":{"rendered":"<p>El Ministeri de Transports, Mobilitat i Agenda Urbana ha anunciat avui l&#8217;adjudicaci\u00f3 de la redacci\u00f3 del projecte de condicionament de la N-230 entre la boca nord del T\u00fanel i Vielha Aquest anunci arriba pocs mesos despr\u00e9s que el Ministeri anunci\u00e9s l&#8217;aprovaci\u00f3 de l&#8217;estudi informatiu del condicionament de la N-230 en aquest tram, i respon al&#8230;<\/p>\n","protected":false},"author":10,"featured_media":53174,"comment_status":"closed","ping_status":"closed","sticky":false,"template":"","format":"standard","meta":{"footnotes":""},"categories":[33],"tags":[],"_links":{"self":[{"href":"https:\/\/www.conselharan.org\/ca\/wp-json\/wp\/v2\/posts\/53183"}],"collection":[{"href":"https:\/\/www.conselharan.org\/ca\/wp-json\/wp\/v2\/posts"}],"about":[{"href":"https:\/\/www.conselharan.org\/ca\/wp-json\/wp\/v2\/types\/post"}],"author":[{"embeddable":true,"href":"https:\/\/www.conselharan.org\/ca\/wp-json\/wp\/v2\/users\/10"}],"replies":[{"embeddable":true,"href":"https:\/\/www.conselharan.org\/ca\/wp-json\/wp\/v2\/comments?post=53183"}],"version-history":[{"count":1,"href":"https:\/\/www.conselharan.org\/ca\/wp-json\/wp\/v2\/posts\/53183\/revisions"}],"predecessor-version":[{"id":53184,"href":"https:\/\/www.conselharan.org\/ca\/wp-json\/wp\/v2\/posts\/53183\/revisions\/53184"}],"wp:featuredmedia":[{"embeddable":true,"href":"https:\/\/www.conselharan.org\/ca\/wp-json\/wp\/v2\/media\/53174"}],"wp:attachment":[{"href":"https:\/\/www.conselharan.org\/ca\/wp-json\/wp\/v2\/media?parent=53183"}],"wp:term":[{"taxonomy":"category","embeddable":true,"href":"https:\/\/www.conselharan.org\/ca\/wp-json\/wp\/v2\/categories?post=53183"},{"taxonomy":"post_tag","embeddable":true,"href":"https:\/\/www.conselharan.org\/ca\/wp-json\/wp\/v2\/tags?post=53183"}],"curies":[{"name":"wp","href":"https:\/\/api.w.org\/{rel}","templated":true}]}}