{"id":53459,"date":"2023-06-13T13:10:13","date_gmt":"2023-06-13T11:10:13","guid":{"rendered":"https:\/\/www.conselharan.org\/eth-conselh-generau-daran-trabalhe-ta-completar-era-cartera-de-servicis-en-materia-de-salut\/"},"modified":"2023-07-11T14:05:20","modified_gmt":"2023-07-11T12:05:20","slug":"eth-conselh-generau-daran-trabalhe-ta-completar-era-cartera-de-servicis-en-materia-de-salut","status":"publish","type":"post","link":"https:\/\/www.conselharan.org\/ca\/eth-conselh-generau-daran-trabalhe-ta-completar-era-cartera-de-servicis-en-materia-de-salut\/","title":{"rendered":"El Conselh Generau d\u2019Aran treballa per a completar la cartera de serveis en mat\u00e8ria de salut"},"content":{"rendered":"<p><a href=\"https:\/\/www.conselharan.org\/wp-content\/uploads\/2023\/06\/WhatsApp-Image-2023-06-13-at-12.48.15.jpeg\"><img loading=\"lazy\" decoding=\"async\" class=\"aligncenter wp-image-53451 size-large\" src=\"https:\/\/www.conselharan.org\/wp-content\/uploads\/2023\/06\/WhatsApp-Image-2023-06-13-at-12.48.15-1024x768.jpeg\" alt=\"\" width=\"1024\" height=\"768\" srcset=\"https:\/\/www.conselharan.org\/wp-content\/uploads\/2023\/06\/WhatsApp-Image-2023-06-13-at-12.48.15-1024x768.jpeg 1024w, https:\/\/www.conselharan.org\/wp-content\/uploads\/2023\/06\/WhatsApp-Image-2023-06-13-at-12.48.15-300x225.jpeg 300w, https:\/\/www.conselharan.org\/wp-content\/uploads\/2023\/06\/WhatsApp-Image-2023-06-13-at-12.48.15-768x576.jpeg 768w, https:\/\/www.conselharan.org\/wp-content\/uploads\/2023\/06\/WhatsApp-Image-2023-06-13-at-12.48.15-1536x1152.jpeg 1536w, https:\/\/www.conselharan.org\/wp-content\/uploads\/2023\/06\/WhatsApp-Image-2023-06-13-at-12.48.15.jpeg 2048w\" sizes=\"(max-width: 1024px) 100vw, 1024px\" \/><\/a><\/p>\n<ul>\n<li>\n<h3><strong>La s\u00edndica d&#8217;Aran i els responsables d&#8217;Aran Salut i el SABS es van reunir amb representants de Cat Salut per a tractar sobre el desplegament de la cartera de serveis en mat\u00e8ria de sanitat del govern aran\u00e8s i la possibilitat d&#8217;establir un conveni pluriennal per a finan\u00e7ar aquests serveis, millorant aix\u00ed l&#8217;atenci\u00f3 als usuaris i usu\u00e0ries del nostre sistema de salut i estalviar-los, per exemple, haver de despla\u00e7ar-se fora del territori per a accedir a determinats serveis<\/strong><\/h3>\n<\/li>\n<\/ul>\n<p>Divendres passat, 9 de juny, la s\u00edndica d&#8217;Aran, Maria Verg\u00e9s, juntament amb la directora del Servei Aran\u00e8s de Benestar i Salut (SABS), Maria \u00c0ngels Borr\u00e0s, el director d&#8217;Aran Salut, Jordi Vilana, i la resta de l&#8217;equip directiu d&#8217;Aran Salut, va rebre al director assistencial del Servei Catal\u00e0 de la Salut, Ignasi Carrasco, el gerent de la Regi\u00f3 Sanit\u00e0ria de l&#8217;Alt Pirineu i Aran, Miquel Abrantes, i altres alts representants tant de la regi\u00f3 com dels serveis centrals de Cat Salut, amb qui van mantenir una reuni\u00f3 de treball per a tractar sobre el desplegament de la cartera de serveis en mat\u00e8ria de sanitat del govern aran\u00e8s.<\/p>\n<p>\u201cEn el marc de les compet\u00e8ncies en mat\u00e8ria de salut que el govern del Conselh Generau d\u2019Aran va assumir el\u00a0 2001, treballem en una planificaci\u00f3 a quatre anys de com desplegar els serveis que ens falten per a completar la cartera de serveis d&#8217;Aran en aquesta mat\u00e8ria\u201d afirmava la s\u00edndica d&#8217;Aran, afegint que: \u201cper al govern d&#8217;Aran \u00e9s prioritari oferir la millor atenci\u00f3 possible a les persones usu\u00e0ries del nostre sistema de salut i benestar, evitant-los despla\u00e7aments fora del territori per a accedir a uns determinats serveis sanitari, per exemple\u201d.<\/p>\n<p>En aquest sentit, s&#8217;estudia la possibilitat que metges especialistes d&#8217;alguns dels serveis que l\u2019Aran no brinda actualment, puguin visitar el nostre territori regularment per a cobrir aquestes necessitats.<\/p>\n<p>Aix\u00ed mateix, durant la reuni\u00f3 de treball mantinguda la setmana passada, es va abordar tamb\u00e9 una modificaci\u00f3 de la forma de finan\u00e7ament del sistema sanitari a trav\u00e9s d&#8217;un conveni pluriennal amb Cat Salut per a poder finan\u00e7ar aquest desplegament de la cartera de serveis.<\/p>\n ","protected":false},"excerpt":{"rendered":"<p>La s\u00edndica d&#8217;Aran i els responsables d&#8217;Aran Salut i el SABS es van reunir amb representants de Cat Salut per a tractar sobre el desplegament de la cartera de serveis en mat\u00e8ria de sanitat del govern aran\u00e8s i la possibilitat d&#8217;establir un conveni pluriennal per a finan\u00e7ar aquests serveis, millorant aix\u00ed l&#8217;atenci\u00f3 als usuaris i&#8230;<\/p>\n","protected":false},"author":10,"featured_media":53452,"comment_status":"closed","ping_status":"closed","sticky":false,"template":"","format":"standard","meta":{"footnotes":""},"categories":[53,805],"tags":[],"_links":{"self":[{"href":"https:\/\/www.conselharan.org\/ca\/wp-json\/wp\/v2\/posts\/53459"}],"collection":[{"href":"https:\/\/www.conselharan.org\/ca\/wp-json\/wp\/v2\/posts"}],"about":[{"href":"https:\/\/www.conselharan.org\/ca\/wp-json\/wp\/v2\/types\/post"}],"author":[{"embeddable":true,"href":"https:\/\/www.conselharan.org\/ca\/wp-json\/wp\/v2\/users\/10"}],"replies":[{"embeddable":true,"href":"https:\/\/www.conselharan.org\/ca\/wp-json\/wp\/v2\/comments?post=53459"}],"version-history":[{"count":1,"href":"https:\/\/www.conselharan.org\/ca\/wp-json\/wp\/v2\/posts\/53459\/revisions"}],"predecessor-version":[{"id":53460,"href":"https:\/\/www.conselharan.org\/ca\/wp-json\/wp\/v2\/posts\/53459\/revisions\/53460"}],"wp:featuredmedia":[{"embeddable":true,"href":"https:\/\/www.conselharan.org\/ca\/wp-json\/wp\/v2\/media\/53452"}],"wp:attachment":[{"href":"https:\/\/www.conselharan.org\/ca\/wp-json\/wp\/v2\/media?parent=53459"}],"wp:term":[{"taxonomy":"category","embeddable":true,"href":"https:\/\/www.conselharan.org\/ca\/wp-json\/wp\/v2\/categories?post=53459"},{"taxonomy":"post_tag","embeddable":true,"href":"https:\/\/www.conselharan.org\/ca\/wp-json\/wp\/v2\/tags?post=53459"}],"curies":[{"name":"wp","href":"https:\/\/api.w.org\/{rel}","templated":true}]}}