{"id":53476,"date":"2023-06-15T19:00:09","date_gmt":"2023-06-15T17:00:09","guid":{"rendered":"https:\/\/www.conselharan.org\/eth-conselh-generau-daran-inaugure-era-sua-exposicion-sus-es-10-ans-des-aiguats-deth-18-de-junh-ena-val-daran\/"},"modified":"2023-07-11T14:05:45","modified_gmt":"2023-07-11T12:05:45","slug":"eth-conselh-generau-daran-inaugure-era-sua-exposicion-sus-es-10-ans-des-aiguats-deth-18-de-junh-ena-val-daran","status":"publish","type":"post","link":"https:\/\/www.conselharan.org\/ca\/eth-conselh-generau-daran-inaugure-era-sua-exposicion-sus-es-10-ans-des-aiguats-deth-18-de-junh-ena-val-daran\/","title":{"rendered":"El Conselh Generau d\u2019Aran inaugura la seva exposici\u00f3 sobre els \u201c10 anys de les riuades del 18 de juny a la Val d\u2019Aran\u201d"},"content":{"rendered":"<p><a href=\"https:\/\/www.conselharan.org\/wp-content\/uploads\/2023\/06\/WhatsApp-Image-2023-06-15-at-18.54.33.jpeg\"><img loading=\"lazy\" decoding=\"async\" class=\"wp-image-53468 size-large aligncenter\" src=\"https:\/\/www.conselharan.org\/wp-content\/uploads\/2023\/06\/WhatsApp-Image-2023-06-15-at-18.54.33-1024x768.jpeg\" alt=\"\" width=\"1024\" height=\"768\" srcset=\"https:\/\/www.conselharan.org\/wp-content\/uploads\/2023\/06\/WhatsApp-Image-2023-06-15-at-18.54.33-1024x768.jpeg 1024w, https:\/\/www.conselharan.org\/wp-content\/uploads\/2023\/06\/WhatsApp-Image-2023-06-15-at-18.54.33-300x225.jpeg 300w, https:\/\/www.conselharan.org\/wp-content\/uploads\/2023\/06\/WhatsApp-Image-2023-06-15-at-18.54.33-768x576.jpeg 768w, https:\/\/www.conselharan.org\/wp-content\/uploads\/2023\/06\/WhatsApp-Image-2023-06-15-at-18.54.33-1536x1152.jpeg 1536w, https:\/\/www.conselharan.org\/wp-content\/uploads\/2023\/06\/WhatsApp-Image-2023-06-15-at-18.54.33.jpeg 1600w\" sizes=\"(max-width: 1024px) 100vw, 1024px\" \/><\/a><\/p>\n<ul>\n<li>\n<h3><strong>La s\u00edndica d&#8217;Aran ha presentat aquesta tarda l&#8217;exposici\u00f3 fotogr\u00e0fica organitzada pel govern d&#8217;Aran per a recordar una de les cat\u00e0strofes naturals m\u00e9s terribles de la hist\u00f2ria recent del nostre territori i per a posar en valor tamb\u00e9 el treball desinteressat de totes les persones volunt\u00e0ries que, al llarg d&#8217;aquells dies, van col\u00b7laborar per a pal\u00b7liar els efectes de les riuades<\/strong><\/h3>\n<\/li>\n<li>\n<h3><strong>L&#8217;exposici\u00f3 es podr\u00e0 visitar a l&#8217;Esgl\u00e9sia de Mijaran pr\u00e8via reserva per a grups durant els pr\u00f2xims dies i a partir del 10 de juliol com a part de l&#8217;oferta cultural del Museu de la Val d\u2019Aran al llarg de l&#8217;estiu<\/strong><\/h3>\n<\/li>\n<\/ul>\n<p>La s\u00edndica d&#8217;Aran, Maria Verg\u00e9s, ha inaugurat aquesta tarda l&#8217;exposici\u00f3 fotogr\u00e0fica del Conselh Generau d\u2019Aran sobre els 10 anys de les riuades que va patir el nostre territori la nit del 17 al 18 de juny de 2013.<\/p>\n<p>\u201cDes del govern d&#8217;Aran hem volgut organitzar aquesta exposici\u00f3 per a recordar un dels episodis m\u00e9s terribles de la nostra hist\u00f2ria recent, unes riuades que van paralitzar fa deu anys les nostres vides per\u00f2 que, malgrat els desperfectes i p\u00e8rdues materials que van comportar, van treure tamb\u00e9 el millor de nosaltres com a societat, despertant l&#8217;esperit solidari i gener\u00f3s dels aranesos i araneses, persones volunt\u00e0ries de totes les edats i condicions que no van dubtar a estendre la seva m\u00e0 a tot aquell que ho necessit\u00e9s per a pal\u00b7liar els efectes de l&#8217;aigua\u201d, afirmava la s\u00edndica d&#8217;Aran, afegint que: \u201camb aquesta mostra, volem agrair el treball desinteressat d&#8217;aquelles persones que, sense esperar res a canvi, van treballar per a ajudar als seus ve\u00efns i ve\u00efnes\u201d.<\/p>\n<p>Aquesta exposici\u00f3, composada per desenes de fotografies que retraten els efectes de l&#8217;aigua i el treball dels voluntaris al llarg d&#8217;aquells dies, es podr\u00e0 visitar pr\u00e8via reserva per a grups durant els pr\u00f2xims dies (contactant a trav\u00e9s de <a href=\"mailto:sindicatura@aran.org\">sindicatura@aran.org<\/a> o al 973 64 18 01) i, a partir del 10 de juliol, com a part de l&#8217;oferta cultural de la xarxa de Museus de la Val d\u2019Aran al llarg de l&#8217;estiu.<\/p>\n ","protected":false},"excerpt":{"rendered":"<p>La s\u00edndica d&#8217;Aran ha presentat aquesta tarda l&#8217;exposici\u00f3 fotogr\u00e0fica organitzada pel govern d&#8217;Aran per a recordar una de les cat\u00e0strofes naturals m\u00e9s terribles de la hist\u00f2ria recent del nostre territori i per a posar en valor tamb\u00e9 el treball desinteressat de totes les persones volunt\u00e0ries que, al llarg d&#8217;aquells dies, van col\u00b7laborar per a pal\u00b7liar&#8230;<\/p>\n","protected":false},"author":10,"featured_media":53469,"comment_status":"closed","ping_status":"closed","sticky":false,"template":"","format":"standard","meta":{"footnotes":""},"categories":[33],"tags":[],"_links":{"self":[{"href":"https:\/\/www.conselharan.org\/ca\/wp-json\/wp\/v2\/posts\/53476"}],"collection":[{"href":"https:\/\/www.conselharan.org\/ca\/wp-json\/wp\/v2\/posts"}],"about":[{"href":"https:\/\/www.conselharan.org\/ca\/wp-json\/wp\/v2\/types\/post"}],"author":[{"embeddable":true,"href":"https:\/\/www.conselharan.org\/ca\/wp-json\/wp\/v2\/users\/10"}],"replies":[{"embeddable":true,"href":"https:\/\/www.conselharan.org\/ca\/wp-json\/wp\/v2\/comments?post=53476"}],"version-history":[{"count":1,"href":"https:\/\/www.conselharan.org\/ca\/wp-json\/wp\/v2\/posts\/53476\/revisions"}],"predecessor-version":[{"id":53477,"href":"https:\/\/www.conselharan.org\/ca\/wp-json\/wp\/v2\/posts\/53476\/revisions\/53477"}],"wp:featuredmedia":[{"embeddable":true,"href":"https:\/\/www.conselharan.org\/ca\/wp-json\/wp\/v2\/media\/53469"}],"wp:attachment":[{"href":"https:\/\/www.conselharan.org\/ca\/wp-json\/wp\/v2\/media?parent=53476"}],"wp:term":[{"taxonomy":"category","embeddable":true,"href":"https:\/\/www.conselharan.org\/ca\/wp-json\/wp\/v2\/categories?post=53476"},{"taxonomy":"post_tag","embeddable":true,"href":"https:\/\/www.conselharan.org\/ca\/wp-json\/wp\/v2\/tags?post=53476"}],"curies":[{"name":"wp","href":"https:\/\/api.w.org\/{rel}","templated":true}]}}