{"id":53539,"date":"2023-06-19T14:42:41","date_gmt":"2023-06-19T12:42:41","guid":{"rendered":"https:\/\/www.conselharan.org\/eth-nau-conselh-generau-daran-se-constituira-eth-propleu-21-de-junh\/"},"modified":"2023-07-11T14:07:12","modified_gmt":"2023-07-11T12:07:12","slug":"eth-nau-conselh-generau-daran-se-constituira-eth-propleu-21-de-junh","status":"publish","type":"post","link":"https:\/\/www.conselharan.org\/ca\/eth-nau-conselh-generau-daran-se-constituira-eth-propleu-21-de-junh\/","title":{"rendered":"El nou Conselh Generau d\u2019Aran es constituir\u00e0 el pr\u00f2xim 21 de juny"},"content":{"rendered":"<p><a href=\"https:\/\/www.conselharan.org\/wp-content\/uploads\/2023\/06\/Casa-deth-Senhor-Arr\u00f2s.jpg\"><img loading=\"lazy\" decoding=\"async\" class=\"aligncenter wp-image-53531 size-large\" src=\"https:\/\/www.conselharan.org\/wp-content\/uploads\/2023\/06\/Casa-deth-Senhor-Arr\u00f2s-1024x683.jpg\" alt=\"\" width=\"1024\" height=\"683\" srcset=\"https:\/\/www.conselharan.org\/wp-content\/uploads\/2023\/06\/Casa-deth-Senhor-Arr\u00f2s-1024x683.jpg 1024w, https:\/\/www.conselharan.org\/wp-content\/uploads\/2023\/06\/Casa-deth-Senhor-Arr\u00f2s-300x200.jpg 300w, https:\/\/www.conselharan.org\/wp-content\/uploads\/2023\/06\/Casa-deth-Senhor-Arr\u00f2s-768x512.jpg 768w, https:\/\/www.conselharan.org\/wp-content\/uploads\/2023\/06\/Casa-deth-Senhor-Arr\u00f2s-1536x1024.jpg 1536w, https:\/\/www.conselharan.org\/wp-content\/uploads\/2023\/06\/Casa-deth-Senhor-Arr\u00f2s.jpg 1600w\" sizes=\"(max-width: 1024px) 100vw, 1024px\" \/><\/a><\/p>\n<ul>\n<li>\n<h3><strong>El Ple de constituci\u00f3 del Conselh Generau d\u2019Aran, on es triar\u00e0 per votaci\u00f3 dels conselh\u00e8rs i conselh\u00e8res a la s\u00edndica d&#8217;Aran, es dur\u00e0 a terme aquest dimecres a la Casa deth Senhor d\u2019Arr\u00f2s i comptar\u00e0 amb la pres\u00e8ncia de la presidenta del Parlament de Catalunya, entre altres autoritats i convidats. L\u2019acte es podr\u00e0 seguir en directe a Lleida TV.<\/strong><\/h3>\n<\/li>\n<\/ul>\n<p>Aquest dimecres, 21 de juny, tindr\u00e0 lloc a la Casa deth Senhor d\u2019Arr\u00f2s l&#8217;acte de constituci\u00f3 del nou Conselh Generau d\u2019Aran i l&#8217;elecci\u00f3 de la s\u00edndica d&#8217;Aran per votaci\u00f3 dels tretze conselh\u00e8rs i conselh\u00e8res.<\/p>\n<p>L&#8217;acte, que comen\u00e7ar\u00e0 a les 12:00h, comptar\u00e0 amb la pres\u00e8ncia de la presidenta del Parlament de Catalunya, Anna Erra, el delegat del govern de l&#8217;Estat a Catalunya, Carlos Prieto, el secretari general per al Repte Demogr\u00e0fic, Paco Boya, el secretari de Governs Locals i Relacions amb Aran, David Rodr\u00edguez, entre altres autoritats i convidats.<\/p>\n<p>Es dur\u00e0 a terme una retransmissi\u00f3 en directe per part de Lleida TV que podr\u00e0 seguir-se tamb\u00e9 en streaming a trav\u00e9s de:<\/p>\n<p><u><a href=\"https:\/\/www.segre.com\/suplements\/lleida_tv\/portada\/streaming.html\">https:\/\/www.segre.com\/suplements\/lleida_tv\/portada\/streaming.html<\/a><\/u><\/p>\n ","protected":false},"excerpt":{"rendered":"<p>El Ple de constituci\u00f3 del Conselh Generau d\u2019Aran, on es triar\u00e0 per votaci\u00f3 dels conselh\u00e8rs i conselh\u00e8res a la s\u00edndica d&#8217;Aran, es dur\u00e0 a terme aquest dimecres a la Casa deth Senhor d\u2019Arr\u00f2s i comptar\u00e0 amb la pres\u00e8ncia de la presidenta del Parlament de Catalunya, entre altres autoritats i convidats. L\u2019acte es podr\u00e0 seguir en&#8230;<\/p>\n","protected":false},"author":10,"featured_media":53532,"comment_status":"closed","ping_status":"closed","sticky":false,"template":"","format":"standard","meta":{"footnotes":""},"categories":[33],"tags":[],"_links":{"self":[{"href":"https:\/\/www.conselharan.org\/ca\/wp-json\/wp\/v2\/posts\/53539"}],"collection":[{"href":"https:\/\/www.conselharan.org\/ca\/wp-json\/wp\/v2\/posts"}],"about":[{"href":"https:\/\/www.conselharan.org\/ca\/wp-json\/wp\/v2\/types\/post"}],"author":[{"embeddable":true,"href":"https:\/\/www.conselharan.org\/ca\/wp-json\/wp\/v2\/users\/10"}],"replies":[{"embeddable":true,"href":"https:\/\/www.conselharan.org\/ca\/wp-json\/wp\/v2\/comments?post=53539"}],"version-history":[{"count":1,"href":"https:\/\/www.conselharan.org\/ca\/wp-json\/wp\/v2\/posts\/53539\/revisions"}],"predecessor-version":[{"id":53540,"href":"https:\/\/www.conselharan.org\/ca\/wp-json\/wp\/v2\/posts\/53539\/revisions\/53540"}],"wp:featuredmedia":[{"embeddable":true,"href":"https:\/\/www.conselharan.org\/ca\/wp-json\/wp\/v2\/media\/53532"}],"wp:attachment":[{"href":"https:\/\/www.conselharan.org\/ca\/wp-json\/wp\/v2\/media?parent=53539"}],"wp:term":[{"taxonomy":"category","embeddable":true,"href":"https:\/\/www.conselharan.org\/ca\/wp-json\/wp\/v2\/categories?post=53539"},{"taxonomy":"post_tag","embeddable":true,"href":"https:\/\/www.conselharan.org\/ca\/wp-json\/wp\/v2\/tags?post=53539"}],"curies":[{"name":"wp","href":"https:\/\/api.w.org\/{rel}","templated":true}]}}